{"id":36773,"date":"2026-02-25T09:28:20","date_gmt":"2026-02-25T09:28:20","guid":{"rendered":"https:\/\/by-tv.co.uk\/?p=36773"},"modified":"2026-02-25T10:03:56","modified_gmt":"2026-02-25T10:03:56","slug":"ingilterede-gida-atigi-toplama-hedefi-sekteye-ugradi","status":"publish","type":"post","link":"https:\/\/by-tv.co.uk\/en\/ingilterede-gida-atigi-toplama-hedefi-sekteye-ugradi\/","title":{"rendered":"\u0130ngiltere\u2019de G\u0131da At\u0131\u011f\u0131 Toplama Hedefi Sekteye U\u011frad\u0131"},"content":{"rendered":"<div id=\"model-response-message-contentr_0425db9ecce28df3\" class=\"markdown markdown-main-panel enable-updated-hr-color preserve-whitespaces-in-response\" dir=\"ltr\" aria-live=\"polite\" aria-busy=\"false\">\n<h4 data-path-to-node=\"1\"><b data-path-to-node=\"1\" data-index-in-node=\"0\">Belediyelerden Kaynak ve Ara\u00e7 Yetersizli\u011fi Savunmas\u0131<\/b><\/h4>\n<p data-path-to-node=\"2\"><b data-path-to-node=\"2\" data-index-in-node=\"0\">BBC<\/b> taraf\u0131ndan yap\u0131lan bir ara\u015ft\u0131rma, \u0130ngiltere&#8217;deki yerel y\u00f6netimlerin yakla\u015f\u0131k <b data-path-to-node=\"2\" data-index-in-node=\"81\">%25<\/b>&#8216;inin, t\u00fcm haneler i\u00e7in haftal\u0131k g\u0131da at\u0131\u011f\u0131 toplama hizmetini ba\u015flatma hedefini ka\u00e7\u0131raca\u011f\u0131n\u0131 ortaya koydu. <b data-path-to-node=\"2\" data-index-in-node=\"191\">\u00c7evre, G\u0131da ve K\u00f6y \u0130\u015fleri Bakanl\u0131\u011f\u0131 (Defra)<\/b>, yeni mevzuat kapsam\u0131nda \u00f6n\u00fcm\u00fczdeki aydan itibaren her hanenin bu hizmetten yararlanaca\u011f\u0131n\u0131 duyurmu\u015ftu; ancak <b data-path-to-node=\"2\" data-index-in-node=\"345\">70<\/b>&#8216;ten fazla belediye bu tarihe uyman\u0131n m\u00fcmk\u00fcn olmad\u0131\u011f\u0131n\u0131 bildirdi.<\/p>\n<p data-path-to-node=\"3\">Belediyeler, ya\u015fanan gecikmenin temel nedeni olarak yeni nesil toplama ara\u00e7lar\u0131na olan a\u015f\u0131r\u0131 talebi ve finansal zorluklar\u0131 g\u00f6steriyor. H\u00fck\u00fcmetin sa\u011flad\u0131\u011f\u0131 <b data-path-to-node=\"3\" data-index-in-node=\"155\">340 milyon sterlin<\/b> tutar\u0131ndaki hibeye ra\u011fmen, baz\u0131 yerel y\u00f6netimler i\u015fletme maliyetlerinin kar\u015f\u0131lanmas\u0131 konusunda ciddi endi\u015feler ta\u015f\u0131yor.<\/p>\n<h4 data-path-to-node=\"4\"><b data-path-to-node=\"4\" data-index-in-node=\"0\">Daha Y\u00fcksek Geri D\u00f6n\u00fc\u015f\u00fcm Oranlar\u0131 Hedefleniyor<\/b><\/h4>\n<p data-path-to-node=\"5\">\u00c7evre Bakan\u0131 <b data-path-to-node=\"5\" data-index-in-node=\"13\">Mary Creagh<\/b>, belediyelerin bu politikay\u0131 ba\u015far\u0131ya ula\u015ft\u0131rmalar\u0131 i\u00e7in bu y\u0131lki b\u00fct\u00e7elerde \u00f6nemli bir art\u0131\u015f yap\u0131ld\u0131\u011f\u0131n\u0131 vurgulad\u0131. G\u0131da at\u0131klar\u0131n\u0131n ayr\u0131 olarak toplanmas\u0131, \u00e7\u00f6p sahalar\u0131nda \u00e7\u00fcr\u00fcyen at\u0131klardan kaynaklanan sera gaz\u0131 emisyonlar\u0131n\u0131 azalt\u0131rken, ayn\u0131 zamanda elektrik \u00fcretimine de olanak sa\u011fl\u0131yor.<\/p><div id=\"briti-2233598700\" class=\"briti-icerik\" style=\"margin-top: 5px;margin-bottom: 5px;\"><a href=\"https:\/\/piaryum.com\/services\/\" aria-label=\"piaryum banner\"><img loading=\"lazy\" decoding=\"async\" src=\"https:\/\/by-tv.co.uk\/wp-content\/uploads\/2025\/12\/Gemini_Generated_Image_g5yqr1g5yqr1g5yq.jpg\" alt=\"\"  width=\"2064\" height=\"1152\"   \/><\/a><\/div>\n<p data-path-to-node=\"6\">Ara\u015ft\u0131rmaya kat\u0131lan belediyelerden en az <b data-path-to-node=\"6\" data-index-in-node=\"41\">56<\/b>&#8216;s\u0131, hizmeti <b data-path-to-node=\"6\" data-index-in-node=\"56\">2026<\/b> y\u0131l\u0131 sonuna kadar tam kapasiteyle devreye almay\u0131 planl\u0131yor. \u00d6te yandan, baz\u0131 yerel y\u00f6netimler uygulama tarihini daha ileri bir d\u00f6neme \u00e7ekmek i\u00e7in h\u00fck\u00fcmetle \u00f6zel anla\u015fmalar imzalam\u0131\u015f durumda. Bu istisnalar da dahil edildi\u011finde, \u0130ngiltere genelindeki belediyelerin \u00fc\u00e7te birinden fazlas\u0131n\u0131n Mart ay\u0131 itibar\u0131yla tam kapsaml\u0131 toplama yapamayaca\u011f\u0131 g\u00f6r\u00fcl\u00fcyor.<\/p>\n<h4 data-path-to-node=\"7\"><b data-path-to-node=\"7\" data-index-in-node=\"0\">\u00c7\u00f6p Toplamada &#8220;Posta Kodu Piyangosu&#8221; D\u00f6nemi Bitiyor<\/b><\/h4>\n<p data-path-to-node=\"8\">Yeni &#8220;Daha Basit Geri D\u00f6n\u00fc\u015f\u00fcm&#8221; (Simpler Recycling) politikas\u0131, \u0130ngiltere\u2019nin neresinde olunursa olunsun herkesin ayn\u0131 malzemeleri geri d\u00f6n\u00fc\u015ft\u00fcrmesini sa\u011flamay\u0131 ama\u00e7l\u0131yor. <b data-path-to-node=\"8\" data-index-in-node=\"171\">Defra<\/b> s\u00f6zc\u00fcs\u00fc, bu d\u00fczenlemenin farkl\u0131 belediyeler aras\u0131ndaki kafa kar\u0131\u015ft\u0131r\u0131c\u0131 politika farkl\u0131l\u0131klar\u0131n\u0131 ortadan kald\u0131raca\u011f\u0131n\u0131 ve \u00e7\u00f6p toplama sistemindeki <b data-path-to-node=\"8\" data-index-in-node=\"324\">&#8220;posta kodu piyangosu&#8221;<\/b> adaletsizli\u011fine son verece\u011fini belirtti.<\/p>\n<p data-path-to-node=\"9\">Ayr\u0131 toplanan g\u0131da at\u0131klar\u0131, <b data-path-to-node=\"9\" data-index-in-node=\"29\">&#8220;anaerobik par\u00e7alanma&#8221;<\/b> ad\u0131 verilen bir s\u00fcre\u00e7le biyometan gaz\u0131na d\u00f6n\u00fc\u015ft\u00fcr\u00fcl\u00fcyor. Bu gaz daha sonra temizlenerek ulusal gaz \u015febekesine enjekte ediliyor veya elektri\u011fe \u00e7evriliyor. Uzmanlar, hanelerin mutfaklar\u0131nda ne kadar g\u0131day\u0131 israf ettiklerini kendi g\u00f6zleriyle g\u00f6rmelerinin, toplumsal al\u0131\u015fkanl\u0131klar\u0131n de\u011fi\u015fmesi ad\u0131na b\u00fcy\u00fck bir f\u0131rsat oldu\u011funu ifade ediyor.<\/p>\n<\/div>\n<div id=\"briti-111034644\" class=\"briti-icerikten-sonra_2\" style=\"margin-top: 25px;margin-bottom: 25px;\"><a href=\"https:\/\/wa.me\/message\/NDZLLIOQT4H3O1\" aria-label=\"bytv reklam banner\"><img loading=\"lazy\" decoding=\"async\" src=\"https:\/\/by-tv.co.uk\/wp-content\/uploads\/2025\/12\/bytv-reklam-banner.jpg\" alt=\"\"  width=\"2376\" height=\"1008\"   \/><\/a><\/div>","protected":false},"excerpt":{"rendered":"<p>Belediyelerden Kaynak ve Ara\u00e7 Yetersizli\u011fi Savunmas\u0131 BBC taraf\u0131ndan yap\u0131lan bir ara\u015ft\u0131rma, \u0130ngiltere&#8217;deki yerel y\u00f6netimlerin yakla\u015f\u0131k %25&#8216;inin, t\u00fcm haneler i\u00e7in haftal\u0131k g\u0131da at\u0131\u011f\u0131 toplama hizmetini ba\u015flatma hedefini ka\u00e7\u0131raca\u011f\u0131n\u0131 ortaya koydu. \u00c7evre, G\u0131da ve K\u00f6y \u0130\u015fleri Bakanl\u0131\u011f\u0131 (Defra), yeni mevzuat kapsam\u0131nda \u00f6n\u00fcm\u00fczdeki aydan itibaren her hanenin bu hizmetten yararlanaca\u011f\u0131n\u0131 duyurmu\u015ftu; ancak 70&#8216;ten fazla belediye bu tarihe uyman\u0131n m\u00fcmk\u00fcn olmad\u0131\u011f\u0131n\u0131 bildirdi. Belediyeler, ya\u015fanan gecikmenin temel nedeni olarak yeni nesil toplama ara\u00e7lar\u0131na olan a\u015f\u0131r\u0131 talebi ve finansal zorluklar\u0131 g\u00f6steriyor. H\u00fck\u00fcmetin sa\u011flad\u0131\u011f\u0131 340 milyon sterlin tutar\u0131ndaki hibeye ra\u011fmen, baz\u0131 yerel y\u00f6netimler i\u015fletme maliyetlerinin kar\u015f\u0131lanmas\u0131 konusunda ciddi endi\u015feler ta\u015f\u0131yor. Daha Y\u00fcksek Geri D\u00f6n\u00fc\u015f\u00fcm Oranlar\u0131 Hedefleniyor \u00c7evre [&hellip;]<\/p>\n","protected":false},"author":11,"featured_media":36774,"comment_status":"open","ping_status":"open","sticky":false,"template":"","format":"standard","meta":{"ngg_post_thumbnail":0,"footnotes":""},"categories":[5269,15],"tags":[],"class_list":["post-36773","post","type-post","status-publish","format-standard","has-post-thumbnail","hentry","category-birlesik-krallik","category-ingiltere"],"_links":{"self":[{"href":"https:\/\/by-tv.co.uk\/en\/wp-json\/wp\/v2\/posts\/36773","targetHints":{"allow":["GET"]}}],"collection":[{"href":"https:\/\/by-tv.co.uk\/en\/wp-json\/wp\/v2\/posts"}],"about":[{"href":"https:\/\/by-tv.co.uk\/en\/wp-json\/wp\/v2\/types\/post"}],"author":[{"embeddable":true,"href":"https:\/\/by-tv.co.uk\/en\/wp-json\/wp\/v2\/users\/11"}],"replies":[{"embeddable":true,"href":"https:\/\/by-tv.co.uk\/en\/wp-json\/wp\/v2\/comments?post=36773"}],"version-history":[{"count":1,"href":"https:\/\/by-tv.co.uk\/en\/wp-json\/wp\/v2\/posts\/36773\/revisions"}],"predecessor-version":[{"id":36775,"href":"https:\/\/by-tv.co.uk\/en\/wp-json\/wp\/v2\/posts\/36773\/revisions\/36775"}],"wp:featuredmedia":[{"embeddable":true,"href":"https:\/\/by-tv.co.uk\/en\/wp-json\/wp\/v2\/media\/36774"}],"wp:attachment":[{"href":"https:\/\/by-tv.co.uk\/en\/wp-json\/wp\/v2\/media?parent=36773"}],"wp:term":[{"taxonomy":"category","embeddable":true,"href":"https:\/\/by-tv.co.uk\/en\/wp-json\/wp\/v2\/categories?post=36773"},{"taxonomy":"post_tag","embeddable":true,"href":"https:\/\/by-tv.co.uk\/en\/wp-json\/wp\/v2\/tags?post=36773"}],"curies":[{"name":"wp","href":"https:\/\/api.w.org\/{rel}","templated":true}]}}