{"id":36688,"date":"2026-02-23T11:35:32","date_gmt":"2026-02-23T11:35:32","guid":{"rendered":"https:\/\/by-tv.co.uk\/?p=36688"},"modified":"2026-02-23T11:34:33","modified_gmt":"2026-02-23T11:34:33","slug":"ingilterede-is-ilanlari-pandemi-sonrasinin-en-dusuk-seviyesinde","status":"publish","type":"post","link":"https:\/\/by-tv.co.uk\/en\/ingilterede-is-ilanlari-pandemi-sonrasinin-en-dusuk-seviyesinde\/","title":{"rendered":"\u0130ngiltere&#8217;de \u0130\u015f \u0130lanlar\u0131 Pandemi Sonras\u0131n\u0131n En D\u00fc\u015f\u00fck Seviyesinde"},"content":{"rendered":"<div id=\"model-response-message-contentr_919f11846db34036\" class=\"markdown markdown-main-panel enable-updated-hr-color preserve-whitespaces-in-response\" dir=\"ltr\" aria-live=\"off\" aria-busy=\"false\">\n<h4 data-path-to-node=\"1\"><b data-path-to-node=\"1\" data-index-in-node=\"0\">\u0130\u015f Piyasas\u0131nda Sert D\u00fc\u015f\u00fc\u015f<\/b><\/h4>\n<p data-path-to-node=\"2\">Birle\u015fik Krall\u0131k genelinde i\u015f ilanlar\u0131, pandemi d\u00f6neminden bu yana g\u00f6r\u00fclen en d\u00fc\u015f\u00fck seviyeye geriledi. Yap\u0131lan son ara\u015ft\u0131rmalar, i\u015f g\u00fcc\u00fc piyasas\u0131nda belirgin bir so\u011fuma ya\u015fand\u0131\u011f\u0131n\u0131 ortaya koyuyor.<\/p>\n<p data-path-to-node=\"3\"><b data-path-to-node=\"3\" data-index-in-node=\"0\">The Guardian<\/b>\u2019\u0131n haberine g\u00f6re, i\u015f arama sitesi <b data-path-to-node=\"3\" data-index-in-node=\"47\">Adzuna<\/b> taraf\u0131ndan payla\u015f\u0131lan veriler, Ocak ay\u0131nda ilan edilen i\u015f say\u0131s\u0131n\u0131n <b data-path-to-node=\"3\" data-index-in-node=\"122\">%3<\/b> oran\u0131nda azald\u0131\u011f\u0131n\u0131 g\u00f6sterdi. Bu d\u00fc\u015f\u00fc\u015fle birlikte toplam ilan say\u0131s\u0131 <b data-path-to-node=\"3\" data-index-in-node=\"194\">695.000<\/b>\u2019e gerileyerek, Ocak 2021\u2019den bu yana ilk kez <b data-path-to-node=\"3\" data-index-in-node=\"247\">700.000<\/b> s\u0131n\u0131r\u0131n\u0131n alt\u0131na d\u00fc\u015fm\u00fc\u015f oldu.<\/p>\n<h4 data-path-to-node=\"4\"><b data-path-to-node=\"4\" data-index-in-node=\"0\">Be\u015f Y\u0131l\u0131n En D\u00fc\u015f\u00fck Seviyesi<\/b><\/h4>\n<p data-path-to-node=\"5\">\u0130\u015f piyasas\u0131nda ya\u015fanan bu gerileme, pandemi k\u0131s\u0131tlamalar\u0131n\u0131n ya\u015fand\u0131\u011f\u0131 d\u00f6nemdeki rakamlara benzerlik g\u00f6steriyor. Uzmanlar, ilan say\u0131s\u0131ndaki bu azalmay\u0131 ekonomik belirsizlikler ve \u015firketlerin i\u015fe al\u0131m s\u00fcre\u00e7lerindeki temkinli yakla\u015f\u0131mlar\u0131yla ili\u015fkilendiriyor.<\/p><div id=\"briti-60366567\" class=\"briti-icerik\" style=\"margin-top: 5px;margin-bottom: 5px;\"><a href=\"https:\/\/piaryum.com\/services\/\" aria-label=\"piaryum banner\"><img loading=\"lazy\" decoding=\"async\" src=\"https:\/\/by-tv.co.uk\/wp-content\/uploads\/2025\/12\/Gemini_Generated_Image_g5yqr1g5yqr1g5yq.jpg\" alt=\"\"  width=\"2064\" height=\"1152\"   \/><\/a><\/div>\n<p data-path-to-node=\"6\">\u0130lan edilen pozisyonlardaki d\u00fc\u015f\u00fc\u015f\u00fcn \u00f6zellikle belirli sekt\u00f6rlerde yo\u011funla\u015ft\u0131\u011f\u0131 belirtilirken, piyasadaki genel daralman\u0131n \u00f6n\u00fcm\u00fczdeki aylarda i\u015fsizlik oranlar\u0131 \u00fczerinde bask\u0131 olu\u015fturabilece\u011fi tahmin ediliyor.<\/p>\n<h4 data-path-to-node=\"7\"><b data-path-to-node=\"7\" data-index-in-node=\"0\">Ekonomik Beklentiler ve \u0130stihdam<\/b><\/h4>\n<p data-path-to-node=\"8\">\u0130stihdam piyasas\u0131ndaki bu tablo, \u0130ngiltere ekonomisindeki b\u00fcy\u00fcme sanc\u0131lar\u0131n\u0131n ve y\u00fcksek maliyetlerin bir yans\u0131mas\u0131 olarak de\u011ferlendiriliyor. <b data-path-to-node=\"8\" data-index-in-node=\"141\">Adzuna<\/b>, piyasadaki durgunlu\u011fun sadece ilan say\u0131s\u0131yla s\u0131n\u0131rl\u0131 kalmad\u0131\u011f\u0131n\u0131, ayn\u0131 zamanda \u00fccret art\u0131\u015f h\u0131z\u0131nda da bir yava\u015flama sinyali verdi\u011fini ifade ediyor.<\/p>\n<p data-path-to-node=\"9\">\u0130\u015f arayanlar i\u00e7in se\u00e7eneklerin azalmas\u0131, mezunlar ve gen\u00e7 \u00e7al\u0131\u015fanlar \u00fczerinde daha fazla rekabet bask\u0131s\u0131 olu\u015ftururken; ekonomistler, <b data-path-to-node=\"9\" data-index-in-node=\"133\">\u0130ngiltere Merkez Bankas\u0131<\/b>&#8216;n\u0131n faiz kararlar\u0131 ve h\u00fck\u00fcmetin mali politikalar\u0131n\u0131n bu s\u00fcre\u00e7te belirleyici olaca\u011f\u0131n\u0131 vurguluyor.<\/p>\n<p data-path-to-node=\"10\">Bulunan veriler, Birle\u015fik Krall\u0131k i\u015f g\u00fcc\u00fc piyasas\u0131n\u0131n son <b data-path-to-node=\"10\" data-index-in-node=\"58\">be\u015f y\u0131l\u0131n en zay\u0131f d\u00f6nemlerinden birini<\/b> ge\u00e7irdi\u011fini teyit ediyor.<\/p>\n<\/div>\n<div id=\"briti-4068211750\" class=\"briti-icerikten-sonra_2\" style=\"margin-top: 25px;margin-bottom: 25px;\"><a href=\"https:\/\/wa.me\/message\/NDZLLIOQT4H3O1\" aria-label=\"bytv reklam banner\"><img loading=\"lazy\" decoding=\"async\" src=\"https:\/\/by-tv.co.uk\/wp-content\/uploads\/2025\/12\/bytv-reklam-banner.jpg\" alt=\"\"  width=\"2376\" height=\"1008\"   \/><\/a><\/div>","protected":false},"excerpt":{"rendered":"<p>\u0130\u015f Piyasas\u0131nda Sert D\u00fc\u015f\u00fc\u015f Birle\u015fik Krall\u0131k genelinde i\u015f ilanlar\u0131, pandemi d\u00f6neminden bu yana g\u00f6r\u00fclen en d\u00fc\u015f\u00fck seviyeye geriledi. Yap\u0131lan son ara\u015ft\u0131rmalar, i\u015f g\u00fcc\u00fc piyasas\u0131nda belirgin bir so\u011fuma ya\u015fand\u0131\u011f\u0131n\u0131 ortaya koyuyor. The Guardian\u2019\u0131n haberine g\u00f6re, i\u015f arama sitesi Adzuna taraf\u0131ndan payla\u015f\u0131lan veriler, Ocak ay\u0131nda ilan edilen i\u015f say\u0131s\u0131n\u0131n %3 oran\u0131nda azald\u0131\u011f\u0131n\u0131 g\u00f6sterdi. Bu d\u00fc\u015f\u00fc\u015fle birlikte toplam ilan say\u0131s\u0131 695.000\u2019e gerileyerek, Ocak 2021\u2019den bu yana ilk kez 700.000 s\u0131n\u0131r\u0131n\u0131n alt\u0131na d\u00fc\u015fm\u00fc\u015f oldu. Be\u015f Y\u0131l\u0131n En D\u00fc\u015f\u00fck Seviyesi \u0130\u015f piyasas\u0131nda ya\u015fanan bu gerileme, pandemi k\u0131s\u0131tlamalar\u0131n\u0131n ya\u015fand\u0131\u011f\u0131 d\u00f6nemdeki rakamlara benzerlik g\u00f6steriyor. Uzmanlar, ilan say\u0131s\u0131ndaki bu azalmay\u0131 ekonomik belirsizlikler ve \u015firketlerin i\u015fe al\u0131m s\u00fcre\u00e7lerindeki temkinli [&hellip;]<\/p>\n","protected":false},"author":11,"featured_media":36689,"comment_status":"open","ping_status":"open","sticky":false,"template":"","format":"standard","meta":{"ngg_post_thumbnail":0,"footnotes":""},"categories":[5269,15],"tags":[],"class_list":["post-36688","post","type-post","status-publish","format-standard","has-post-thumbnail","hentry","category-birlesik-krallik","category-ingiltere"],"_links":{"self":[{"href":"https:\/\/by-tv.co.uk\/en\/wp-json\/wp\/v2\/posts\/36688","targetHints":{"allow":["GET"]}}],"collection":[{"href":"https:\/\/by-tv.co.uk\/en\/wp-json\/wp\/v2\/posts"}],"about":[{"href":"https:\/\/by-tv.co.uk\/en\/wp-json\/wp\/v2\/types\/post"}],"author":[{"embeddable":true,"href":"https:\/\/by-tv.co.uk\/en\/wp-json\/wp\/v2\/users\/11"}],"replies":[{"embeddable":true,"href":"https:\/\/by-tv.co.uk\/en\/wp-json\/wp\/v2\/comments?post=36688"}],"version-history":[{"count":1,"href":"https:\/\/by-tv.co.uk\/en\/wp-json\/wp\/v2\/posts\/36688\/revisions"}],"predecessor-version":[{"id":36690,"href":"https:\/\/by-tv.co.uk\/en\/wp-json\/wp\/v2\/posts\/36688\/revisions\/36690"}],"wp:featuredmedia":[{"embeddable":true,"href":"https:\/\/by-tv.co.uk\/en\/wp-json\/wp\/v2\/media\/36689"}],"wp:attachment":[{"href":"https:\/\/by-tv.co.uk\/en\/wp-json\/wp\/v2\/media?parent=36688"}],"wp:term":[{"taxonomy":"category","embeddable":true,"href":"https:\/\/by-tv.co.uk\/en\/wp-json\/wp\/v2\/categories?post=36688"},{"taxonomy":"post_tag","embeddable":true,"href":"https:\/\/by-tv.co.uk\/en\/wp-json\/wp\/v2\/tags?post=36688"}],"curies":[{"name":"wp","href":"https:\/\/api.w.org\/{rel}","templated":true}]}}