{"id":36685,"date":"2026-02-23T11:00:53","date_gmt":"2026-02-23T11:00:53","guid":{"rendered":"https:\/\/by-tv.co.uk\/?p=36685"},"modified":"2026-02-23T10:29:45","modified_gmt":"2026-02-23T10:29:45","slug":"liverpool-feribot-terminalinde-calisma-seferler-aksayacak","status":"publish","type":"post","link":"https:\/\/by-tv.co.uk\/en\/liverpool-feribot-terminalinde-calisma-seferler-aksayacak\/","title":{"rendered":"Liverpool Feribot Terminali\u2019nde \u00c7al\u0131\u015fma: Seferler Aksayacak"},"content":{"rendered":"<div id=\"model-response-message-contentr_7b86df4f5f0ad48b\" class=\"markdown markdown-main-panel enable-updated-hr-color preserve-whitespaces-in-response\" dir=\"ltr\" aria-live=\"off\" aria-busy=\"false\">\n<h4 data-path-to-node=\"1\"><b data-path-to-node=\"1\" data-index-in-node=\"0\">Mart ay\u0131nda liman kapat\u0131lacak<\/b><\/h4>\n<p data-path-to-node=\"2\">Liverpool&#8217;daki <b data-path-to-node=\"2\" data-index-in-node=\"15\">Isle of Man Feribot Terminali<\/b>&#8216;nde ger\u00e7ekle\u015ftirilecek ilave \u00e7al\u0131\u015fmalar, Mart ay\u0131nda planlanan bir\u00e7ok feribot seferini etkileyecek. <b data-path-to-node=\"2\" data-index-in-node=\"145\">BBC<\/b>&#8216;nin haberine g\u00f6re, <b data-path-to-node=\"2\" data-index-in-node=\"168\">Altyap\u0131 Bakanl\u0131\u011f\u0131 (DOI)<\/b> liman\u0131n <b data-path-to-node=\"2\" data-index-in-node=\"200\">14-15 Mart<\/b> ve <b data-path-to-node=\"2\" data-index-in-node=\"214\">21-22 Mart<\/b> tarihleri aras\u0131nda tamamen kapat\u0131laca\u011f\u0131n\u0131 duyurdu.<\/p>\n<p data-path-to-node=\"3\">S\u00f6z konusu kapatma karar\u0131, <b data-path-to-node=\"3\" data-index-in-node=\"27\">2024<\/b> y\u0131l\u0131n\u0131n sonunda yap\u0131lan yana\u015fma denemeleri s\u0131ras\u0131nda hasar g\u00f6ren koruyucu yast\u0131klama cihaz\u0131n\u0131n (<b data-path-to-node=\"3\" data-index-in-node=\"128\">usturma\u00e7a<\/b>) modernizasyon \u00e7al\u0131\u015fmalar\u0131n\u0131 tamamlamak amac\u0131yla al\u0131nd\u0131. <b data-path-to-node=\"3\" data-index-in-node=\"195\">DOI<\/b> s\u00f6zc\u00fcs\u00fc, bu g\u00fcncellemelerin g\u00fcvenilirli\u011fi art\u0131raca\u011f\u0131n\u0131 ve tarifelerdeki aksakl\u0131klar\u0131 \u00f6nleyerek <b data-path-to-node=\"3\" data-index-in-node=\"294\">Isle of Man<\/b> ile <b data-path-to-node=\"3\" data-index-in-node=\"310\">Liverpool<\/b> aras\u0131ndaki stratejik ba\u011flant\u0131y\u0131 g\u00fc\u00e7lendirece\u011fini belirtti.<\/p>\n<h4 data-path-to-node=\"4\"><b data-path-to-node=\"4\" data-index-in-node=\"0\">Hava ko\u015fullar\u0131na ba\u011fl\u0131 onar\u0131m s\u00fcreci<\/b><\/h4>\n<p data-path-to-node=\"5\">Kas\u0131m ay\u0131nda ba\u015flayan onar\u0131m \u00e7al\u0131\u015fmalar\u0131n\u0131n ilk a\u015famas\u0131, olumsuz hava ko\u015fullar\u0131 nedeniyle gecikmeli olarak tamamlanm\u0131\u015ft\u0131. Bakanl\u0131k yetkilileri, Mart ay\u0131ndaki yeni onar\u0131m a\u015famas\u0131n\u0131n da yine hava \u015fartlar\u0131na ba\u011fl\u0131 oldu\u011funu vurgulad\u0131.<\/p><div id=\"briti-2878296465\" class=\"briti-icerik\" style=\"margin-top: 5px;margin-bottom: 5px;\"><a href=\"https:\/\/piaryum.com\/services\/\" aria-label=\"piaryum banner\"><img loading=\"lazy\" decoding=\"async\" src=\"https:\/\/by-tv.co.uk\/wp-content\/uploads\/2025\/12\/Gemini_Generated_Image_g5yqr1g5yqr1g5yq.jpg\" alt=\"\"  width=\"2064\" height=\"1152\"   \/><\/a><\/div>\n<p data-path-to-node=\"6\">Limanla ilgili teknik sorunlar, <b data-path-to-node=\"6\" data-index-in-node=\"32\">Steam Packet Company<\/b>&#8216;e ait <b data-path-to-node=\"6\" data-index-in-node=\"59\">Manxman<\/b> ve <b data-path-to-node=\"6\" data-index-in-node=\"70\">Ben-my-Chree<\/b> gemilerinin denemeleri s\u0131ras\u0131nda, d\u00fc\u015f\u00fck gelgit an\u0131nda halatlar\u0131n koruyucu sistemlerle \u00e7ak\u0131\u015fmas\u0131 sonucu tespit edilmi\u015fti. M\u00fchendislerin incelemeleri sonras\u0131 cihaz \u00fczerinde modifikasyon yap\u0131lmas\u0131 gerekti\u011fi kararla\u015ft\u0131r\u0131ld\u0131.<\/p>\n<h4 data-path-to-node=\"7\"><b data-path-to-node=\"7\" data-index-in-node=\"0\">Sonbaharda yeni \u00e7al\u0131\u015fmalar planlan\u0131yor<\/b><\/h4>\n<p data-path-to-node=\"8\">Terminaldeki iyile\u015ftirme s\u00fcreci Mart ay\u0131ndaki \u00e7al\u0131\u015fmalarla s\u0131n\u0131rl\u0131 kalmayacak. Bakanl\u0131k, feribot terminalindeki bir ba\u011flama kancas\u0131n\u0131n de\u011fi\u015ftirilmesi i\u00e7in sonbahar aylar\u0131nda yeni bir \u00e7al\u0131\u015fma a\u015famas\u0131n\u0131n daha planland\u0131\u011f\u0131n\u0131 a\u00e7\u0131klad\u0131.<\/p>\n<p data-path-to-node=\"9\"><b data-path-to-node=\"9\" data-index-in-node=\"0\">DOI<\/b> s\u00f6zc\u00fcs\u00fc, ya\u015fanan aksakl\u0131klardan dolay\u0131 yolculardan \u00f6z\u00fcr dileyerek, bu <b data-path-to-node=\"9\" data-index-in-node=\"74\">zorunlu \u00e7al\u0131\u015fmalar<\/b> s\u00fcresince g\u00f6sterilen sab\u0131r i\u00e7in te\u015fekk\u00fcr etti.<\/p>\n<\/div>\n<div id=\"briti-2112011717\" class=\"briti-icerikten-sonra_2\" style=\"margin-top: 25px;margin-bottom: 25px;\"><a href=\"https:\/\/wa.me\/message\/NDZLLIOQT4H3O1\" aria-label=\"bytv reklam banner\"><img loading=\"lazy\" decoding=\"async\" src=\"https:\/\/by-tv.co.uk\/wp-content\/uploads\/2025\/12\/bytv-reklam-banner.jpg\" alt=\"\"  width=\"2376\" height=\"1008\"   \/><\/a><\/div>","protected":false},"excerpt":{"rendered":"<p>Mart ay\u0131nda liman kapat\u0131lacak Liverpool&#8217;daki Isle of Man Feribot Terminali&#8216;nde ger\u00e7ekle\u015ftirilecek ilave \u00e7al\u0131\u015fmalar, Mart ay\u0131nda planlanan bir\u00e7ok feribot seferini etkileyecek. BBC&#8216;nin haberine g\u00f6re, Altyap\u0131 Bakanl\u0131\u011f\u0131 (DOI) liman\u0131n 14-15 Mart ve 21-22 Mart tarihleri aras\u0131nda tamamen kapat\u0131laca\u011f\u0131n\u0131 duyurdu. S\u00f6z konusu kapatma karar\u0131, 2024 y\u0131l\u0131n\u0131n sonunda yap\u0131lan yana\u015fma denemeleri s\u0131ras\u0131nda hasar g\u00f6ren koruyucu yast\u0131klama cihaz\u0131n\u0131n (usturma\u00e7a) modernizasyon \u00e7al\u0131\u015fmalar\u0131n\u0131 tamamlamak amac\u0131yla al\u0131nd\u0131. DOI s\u00f6zc\u00fcs\u00fc, bu g\u00fcncellemelerin g\u00fcvenilirli\u011fi art\u0131raca\u011f\u0131n\u0131 ve tarifelerdeki aksakl\u0131klar\u0131 \u00f6nleyerek Isle of Man ile Liverpool aras\u0131ndaki stratejik ba\u011flant\u0131y\u0131 g\u00fc\u00e7lendirece\u011fini belirtti. Hava ko\u015fullar\u0131na ba\u011fl\u0131 onar\u0131m s\u00fcreci Kas\u0131m ay\u0131nda ba\u015flayan onar\u0131m \u00e7al\u0131\u015fmalar\u0131n\u0131n ilk a\u015famas\u0131, olumsuz hava ko\u015fullar\u0131 nedeniyle gecikmeli olarak tamamlanm\u0131\u015ft\u0131. Bakanl\u0131k yetkilileri, [&hellip;]<\/p>\n","protected":false},"author":11,"featured_media":36686,"comment_status":"open","ping_status":"open","sticky":false,"template":"","format":"standard","meta":{"ngg_post_thumbnail":0,"footnotes":""},"categories":[5269,15],"tags":[],"class_list":["post-36685","post","type-post","status-publish","format-standard","has-post-thumbnail","hentry","category-birlesik-krallik","category-ingiltere"],"_links":{"self":[{"href":"https:\/\/by-tv.co.uk\/en\/wp-json\/wp\/v2\/posts\/36685","targetHints":{"allow":["GET"]}}],"collection":[{"href":"https:\/\/by-tv.co.uk\/en\/wp-json\/wp\/v2\/posts"}],"about":[{"href":"https:\/\/by-tv.co.uk\/en\/wp-json\/wp\/v2\/types\/post"}],"author":[{"embeddable":true,"href":"https:\/\/by-tv.co.uk\/en\/wp-json\/wp\/v2\/users\/11"}],"replies":[{"embeddable":true,"href":"https:\/\/by-tv.co.uk\/en\/wp-json\/wp\/v2\/comments?post=36685"}],"version-history":[{"count":1,"href":"https:\/\/by-tv.co.uk\/en\/wp-json\/wp\/v2\/posts\/36685\/revisions"}],"predecessor-version":[{"id":36687,"href":"https:\/\/by-tv.co.uk\/en\/wp-json\/wp\/v2\/posts\/36685\/revisions\/36687"}],"wp:featuredmedia":[{"embeddable":true,"href":"https:\/\/by-tv.co.uk\/en\/wp-json\/wp\/v2\/media\/36686"}],"wp:attachment":[{"href":"https:\/\/by-tv.co.uk\/en\/wp-json\/wp\/v2\/media?parent=36685"}],"wp:term":[{"taxonomy":"category","embeddable":true,"href":"https:\/\/by-tv.co.uk\/en\/wp-json\/wp\/v2\/categories?post=36685"},{"taxonomy":"post_tag","embeddable":true,"href":"https:\/\/by-tv.co.uk\/en\/wp-json\/wp\/v2\/tags?post=36685"}],"curies":[{"name":"wp","href":"https:\/\/api.w.org\/{rel}","templated":true}]}}