{"id":36680,"date":"2026-02-23T09:35:27","date_gmt":"2026-02-23T09:35:27","guid":{"rendered":"https:\/\/by-tv.co.uk\/?p=36680"},"modified":"2026-02-23T09:07:07","modified_gmt":"2026-02-23T09:07:07","slug":"ingilterede-okullar-icin-dev-ozel-egitim-paketi","status":"publish","type":"post","link":"https:\/\/by-tv.co.uk\/en\/ingilterede-okullar-icin-dev-ozel-egitim-paketi\/","title":{"rendered":"\u0130ngiltere\u2019de Okullar \u0130\u00e7in Dev \u00d6zel E\u011fitim Paketi"},"content":{"rendered":"<div id=\"model-response-message-contentr_2420e37879892295\" class=\"markdown markdown-main-panel enable-updated-hr-color preserve-whitespaces-in-response\" dir=\"ltr\" aria-live=\"polite\" aria-busy=\"false\">\n<h4 data-path-to-node=\"1\"><b data-path-to-node=\"1\" data-index-in-node=\"0\">E\u011fitimde milyarlarca sterlinlik reform d\u00f6nemi<\/b><\/h4>\n<p data-path-to-node=\"2\">Birle\u015fik Krall\u0131k h\u00fck\u00fcmeti, \u0130ngiltere\u2019deki okullar\u0131n \u00f6zel e\u011fitim ihtiyac\u0131 ve engeli (SEND) olan \u00f6\u011frenciler i\u00e7in daha kapsay\u0131c\u0131 hale getirilmesi amac\u0131yla dev b\u00fct\u00e7eli bir reform paketi haz\u0131rlad\u0131. <b data-path-to-node=\"2\" data-index-in-node=\"193\">BBC<\/b>\u2019nin haberine g\u00f6re, haz\u0131rlanan plan kapsam\u0131nda \u00fc\u00e7 y\u0131l i\u00e7inde okullara, okul \u00f6ncesi kurumlara ve kolejlere do\u011frudan <b data-path-to-node=\"2\" data-index-in-node=\"311\">1,6 milyar sterlin<\/b> kaynak aktar\u0131lacak. Ayr\u0131ca uzman \u00f6\u011fretmenler ile konu\u015fma ve dil terapistlerine eri\u015fimi kolayla\u015ft\u0131rmak i\u00e7in ayn\u0131 d\u00f6nemde <b data-path-to-node=\"2\" data-index-in-node=\"450\">1,8 milyar sterlin<\/b> tutar\u0131nda ek yat\u0131r\u0131m yap\u0131lacak.<\/p>\n<p data-path-to-node=\"3\"><b data-path-to-node=\"3\" data-index-in-node=\"0\">E\u011fitim Bakan\u0131 Bridget Phillipson<\/b> yapt\u0131\u011f\u0131 a\u00e7\u0131klamada, bu reformlar\u0131n \u00e7ocuklar i\u00e7in bir <b data-path-to-node=\"3\" data-index-in-node=\"86\">\u201cd\u00f6n\u00fcm noktas\u0131\u201d<\/b> olaca\u011f\u0131n\u0131 ve h\u00fck\u00fcmetin f\u0131rsat e\u015fitli\u011fi misyonu i\u00e7in kritik bir kilometre ta\u015f\u0131 te\u015fkil etti\u011fini belirtti. <b data-path-to-node=\"3\" data-index-in-node=\"206\">Phillipson<\/b>, mevcut etkili desteklerin geri \u00e7ekilmeyece\u011fini, aksine \u00f6zel e\u011fitim i\u00e7in daha fazla harcama yap\u0131laca\u011f\u0131n\u0131 vurgulad\u0131.<\/p>\n<h4 data-path-to-node=\"4\"><b data-path-to-node=\"4\" data-index-in-node=\"0\">EHCP ve bireysel destek planlar\u0131nda yeni d\u00f6nem<\/b><\/h4>\n<p data-path-to-node=\"5\">Pazartesi g\u00fcn\u00fc tam detaylar\u0131 yay\u0131mlanacak olan <b data-path-to-node=\"5\" data-index-in-node=\"47\">Okullar Beyaz Kitab\u0131 (Schools White Paper)<\/b> \u00f6ncesinde s\u0131zan bilgilere g\u00f6re, \u00e7ocuklar\u0131n \u00f6zel destek haklar\u0131n\u0131 belirleyen yasal belgeler olan <b data-path-to-node=\"5\" data-index-in-node=\"186\">EHCP<\/b>\u2019lerin ilkokul sonras\u0131 ve GCSE s\u0131navlar\u0131n\u0131n ard\u0131ndan yeniden de\u011ferlendirilmesi planlan\u0131yor. Bu de\u011fi\u015fikli\u011fin, orta\u00f6\u011fretime ge\u00e7i\u015fte daha az \u00e7ocu\u011fun bu masrafl\u0131 planlardan yararlanmas\u0131na yol a\u00e7abilece\u011fi belirtiliyor.<\/p><div id=\"briti-789701384\" class=\"briti-icerik\" style=\"margin-top: 5px;margin-bottom: 5px;\"><a href=\"https:\/\/piaryum.com\/services\/\" aria-label=\"piaryum banner\"><img loading=\"lazy\" decoding=\"async\" src=\"https:\/\/by-tv.co.uk\/wp-content\/uploads\/2025\/12\/Gemini_Generated_Image_g5yqr1g5yqr1g5yq.jpg\" alt=\"\"  width=\"2064\" height=\"1152\"   \/><\/a><\/div>\n<p data-path-to-node=\"6\">H\u00fck\u00fcmet, bu s\u00fcreci dengelemek amac\u0131yla t\u00fcm <b data-path-to-node=\"6\" data-index-in-node=\"43\">SEND<\/b> \u00f6\u011frencileri i\u00e7in yasal dayana\u011f\u0131 olan yeni <b data-path-to-node=\"6\" data-index-in-node=\"90\">Bireysel Destek Planlar\u0131 (ISP)<\/b> sunmay\u0131 hedefliyor. Halihaz\u0131rda \u0130ngiltere&#8217;deki <b data-path-to-node=\"6\" data-index-in-node=\"168\">1,7 milyon<\/b> \u00f6zel e\u011fitim ihtiya\u00e7l\u0131 \u00f6\u011frencinin yakla\u015f\u0131k <b data-path-to-node=\"6\" data-index-in-node=\"221\">480 bini<\/b> <b data-path-to-node=\"6\" data-index-in-node=\"230\">EHCP<\/b> kapsam\u0131nda bulunuyor.<\/p>\n<h4 data-path-to-node=\"7\"><b data-path-to-node=\"7\" data-index-in-node=\"0\">\u00d6\u011fretmen e\u011fitimine 200 milyon sterlinlik yat\u0131r\u0131m<\/b><\/h4>\n<p data-path-to-node=\"8\">Ba\u015fbakan <b data-path-to-node=\"8\" data-index-in-node=\"9\">Sir Keir Starmer<\/b>, reformlarla birlikte ailelerin \u00e7ocuklar\u0131n\u0131n ihtiya\u00e7lar\u0131na g\u00f6re \u015fekillenmi\u015f \u00f6zel deste\u011fe kap\u0131lar\u0131n\u0131n e\u015fi\u011finde ula\u015fabilece\u011fini ifade etti. Paket kapsam\u0131nda ayr\u0131ca her \u00f6\u011fretmenin <b data-path-to-node=\"8\" data-index-in-node=\"203\">SEND<\/b> \u00f6\u011frencilerini destekleyecek niteli\u011fe kavu\u015fturulmas\u0131 i\u00e7in <b data-path-to-node=\"8\" data-index-in-node=\"265\">200 milyon sterlin<\/b> ayr\u0131ld\u0131. H\u00fck\u00fcmet bu ad\u0131m\u0131, \u0130ngiliz okullar\u0131nda \u015fimdiye kadar g\u00f6r\u00fclen en b\u00fcy\u00fck e\u011fitim seferberli\u011fi olarak tan\u0131ml\u0131yor.<\/p>\n<h4 data-path-to-node=\"9\"><b data-path-to-node=\"9\" data-index-in-node=\"0\">Sendikalardan b\u00fct\u00e7e yetersizli\u011fi ele\u015ftirisi<\/b><\/h4>\n<p data-path-to-node=\"10\">\u00d6te yandan, \u00f6\u011fretmen sendikalar\u0131 b\u00fct\u00e7e art\u0131\u015f\u0131n\u0131 memnuniyetle kar\u015f\u0131lasa da miktar\u0131n yeterlili\u011fini sorguluyor. <b data-path-to-node=\"10\" data-index-in-node=\"109\">NASUWT<\/b> Sendikas\u0131 Genel Sekreteri <b data-path-to-node=\"10\" data-index-in-node=\"142\">Matt Wrack<\/b>, \u00fc\u00e7 y\u0131l i\u00e7in \u00f6ng\u00f6r\u00fclen <b data-path-to-node=\"10\" data-index-in-node=\"176\">1,6 milyar sterlinlik<\/b> kayna\u011f\u0131n kurum ba\u015f\u0131na sadece birka\u00e7 bin sterline tekab\u00fcl etti\u011fini savunarak, y\u0131llarca s\u00fcren yetersiz fonlaman\u0131n ard\u0131ndan bu miktar\u0131n &#8220;denizde bir damla&#8221; oldu\u011funu iddia etti.<\/p>\n<p data-path-to-node=\"11\">H\u00fck\u00fcmet ise bu reformlarla, dezavantajl\u0131 \u00f6\u011frenciler ile akranlar\u0131 aras\u0131ndaki ba\u015far\u0131 fark\u0131n\u0131, bu parlamento d\u00f6neminde do\u011fan \u00e7ocuklar ortaokulu bitirene kadar yar\u0131ya indirmeyi hedefliyor.<\/p>\n<\/div>\n<div id=\"briti-219022835\" class=\"briti-icerikten-sonra_2\" style=\"margin-top: 25px;margin-bottom: 25px;\"><a href=\"https:\/\/wa.me\/message\/NDZLLIOQT4H3O1\" aria-label=\"bytv reklam banner\"><img loading=\"lazy\" decoding=\"async\" src=\"https:\/\/by-tv.co.uk\/wp-content\/uploads\/2025\/12\/bytv-reklam-banner.jpg\" alt=\"\"  width=\"2376\" height=\"1008\"   \/><\/a><\/div>","protected":false},"excerpt":{"rendered":"<p>E\u011fitimde milyarlarca sterlinlik reform d\u00f6nemi Birle\u015fik Krall\u0131k h\u00fck\u00fcmeti, \u0130ngiltere\u2019deki okullar\u0131n \u00f6zel e\u011fitim ihtiyac\u0131 ve engeli (SEND) olan \u00f6\u011frenciler i\u00e7in daha kapsay\u0131c\u0131 hale getirilmesi amac\u0131yla dev b\u00fct\u00e7eli bir reform paketi haz\u0131rlad\u0131. BBC\u2019nin haberine g\u00f6re, haz\u0131rlanan plan kapsam\u0131nda \u00fc\u00e7 y\u0131l i\u00e7inde okullara, okul \u00f6ncesi kurumlara ve kolejlere do\u011frudan 1,6 milyar sterlin kaynak aktar\u0131lacak. Ayr\u0131ca uzman \u00f6\u011fretmenler ile konu\u015fma ve dil terapistlerine eri\u015fimi kolayla\u015ft\u0131rmak i\u00e7in ayn\u0131 d\u00f6nemde 1,8 milyar sterlin tutar\u0131nda ek yat\u0131r\u0131m yap\u0131lacak. E\u011fitim Bakan\u0131 Bridget Phillipson yapt\u0131\u011f\u0131 a\u00e7\u0131klamada, bu reformlar\u0131n \u00e7ocuklar i\u00e7in bir \u201cd\u00f6n\u00fcm noktas\u0131\u201d olaca\u011f\u0131n\u0131 ve h\u00fck\u00fcmetin f\u0131rsat e\u015fitli\u011fi misyonu i\u00e7in kritik bir kilometre ta\u015f\u0131 te\u015fkil etti\u011fini belirtti. Phillipson, mevcut [&hellip;]<\/p>\n","protected":false},"author":11,"featured_media":35840,"comment_status":"open","ping_status":"open","sticky":false,"template":"","format":"standard","meta":{"ngg_post_thumbnail":0,"footnotes":""},"categories":[5269,1519,15],"tags":[],"class_list":["post-36680","post","type-post","status-publish","format-standard","has-post-thumbnail","hentry","category-birlesik-krallik","category-egitim","category-ingiltere"],"_links":{"self":[{"href":"https:\/\/by-tv.co.uk\/en\/wp-json\/wp\/v2\/posts\/36680","targetHints":{"allow":["GET"]}}],"collection":[{"href":"https:\/\/by-tv.co.uk\/en\/wp-json\/wp\/v2\/posts"}],"about":[{"href":"https:\/\/by-tv.co.uk\/en\/wp-json\/wp\/v2\/types\/post"}],"author":[{"embeddable":true,"href":"https:\/\/by-tv.co.uk\/en\/wp-json\/wp\/v2\/users\/11"}],"replies":[{"embeddable":true,"href":"https:\/\/by-tv.co.uk\/en\/wp-json\/wp\/v2\/comments?post=36680"}],"version-history":[{"count":1,"href":"https:\/\/by-tv.co.uk\/en\/wp-json\/wp\/v2\/posts\/36680\/revisions"}],"predecessor-version":[{"id":36681,"href":"https:\/\/by-tv.co.uk\/en\/wp-json\/wp\/v2\/posts\/36680\/revisions\/36681"}],"wp:featuredmedia":[{"embeddable":true,"href":"https:\/\/by-tv.co.uk\/en\/wp-json\/wp\/v2\/media\/35840"}],"wp:attachment":[{"href":"https:\/\/by-tv.co.uk\/en\/wp-json\/wp\/v2\/media?parent=36680"}],"wp:term":[{"taxonomy":"category","embeddable":true,"href":"https:\/\/by-tv.co.uk\/en\/wp-json\/wp\/v2\/categories?post=36680"},{"taxonomy":"post_tag","embeddable":true,"href":"https:\/\/by-tv.co.uk\/en\/wp-json\/wp\/v2\/tags?post=36680"}],"curies":[{"name":"wp","href":"https:\/\/api.w.org\/{rel}","templated":true}]}}