{"id":36606,"date":"2026-02-20T09:43:19","date_gmt":"2026-02-20T09:43:19","guid":{"rendered":"https:\/\/by-tv.co.uk\/?p=36606"},"modified":"2026-02-20T09:43:19","modified_gmt":"2026-02-20T09:43:19","slug":"iskocya-kayak-merkezlerinde-son-alti-yilin-en-iyi-sezonu","status":"publish","type":"post","link":"https:\/\/by-tv.co.uk\/en\/iskocya-kayak-merkezlerinde-son-alti-yilin-en-iyi-sezonu\/","title":{"rendered":"\u0130sko\u00e7ya Kayak Merkezlerinde Son Alt\u0131 Y\u0131l\u0131n En \u0130yi Sezonu"},"content":{"rendered":"<div id=\"model-response-message-contentr_b9fd8f382d1b5f8f\" class=\"markdown markdown-main-panel enable-updated-hr-color preserve-whitespaces-in-response\" dir=\"ltr\" aria-live=\"off\" aria-busy=\"false\">\n<h4 data-path-to-node=\"1\"><b data-path-to-node=\"1\" data-index-in-node=\"0\">Kayak Merkezlerinde Yo\u011fun Mesai<\/b><\/h4>\n<p data-path-to-node=\"2\">\u0130sko\u00e7ya\u2019daki da\u011fl\u0131k kar sporlar\u0131 merkezleri, son alt\u0131 y\u0131l\u0131n en iyi k\u0131\u015f mevsimini ya\u015fad\u0131klar\u0131n\u0131 duyurdu. <b data-path-to-node=\"2\" data-index-in-node=\"104\">BBC<\/b>\u2019nin haberine g\u00f6re, <b data-path-to-node=\"2\" data-index-in-node=\"127\">Glenshee<\/b> Aral\u0131k sonundan bu yana hizmet verirken, <b data-path-to-node=\"2\" data-index-in-node=\"177\">Glencoe Mountain<\/b> 2020\u2019deki pandemi d\u00f6neminden bu yana en ba\u015far\u0131l\u0131 sezonunu ge\u00e7iriyor. <b data-path-to-node=\"2\" data-index-in-node=\"263\">Aviemore<\/b> yak\u0131nlar\u0131ndaki <b data-path-to-node=\"2\" data-index-in-node=\"287\">Cairngorm Mountain<\/b> ise a\u00e7\u0131ld\u0131\u011f\u0131 21 Kas\u0131m\u2019dan bu yana <b data-path-to-node=\"2\" data-index-in-node=\"340\">23.000<\/b> kayak\u00e7\u0131y\u0131 a\u011f\u0131rlayarak &#8220;harika bir y\u0131l&#8221; ge\u00e7irdi\u011fini belirtti.<\/p>\n<p data-path-to-node=\"3\"><b data-path-to-node=\"3\" data-index-in-node=\"0\">Glenshee<\/b> Genel M\u00fcd\u00fcr\u00fc <b data-path-to-node=\"3\" data-index-in-node=\"22\">David Farquharson<\/b>, \u015eubat ay\u0131 ara tatilinin tam zaman\u0131nda geldi\u011fini ve en yo\u011fun g\u00fcnde <b data-path-to-node=\"3\" data-index-in-node=\"107\">2.500<\/b> ki\u015fiye ula\u015ft\u0131klar\u0131n\u0131 ifade etti. <b data-path-to-node=\"3\" data-index-in-node=\"146\">The Lecht<\/b> ve <b data-path-to-node=\"3\" data-index-in-node=\"159\">Nevis Range<\/b> gibi di\u011fer merkezler de bol do\u011fal kar sayesinde sadece yeni ba\u015flayanlar i\u00e7in ayr\u0131lan alanlar\u0131 de\u011fil, da\u011f\u0131n tamam\u0131n\u0131 kullan\u0131ma a\u00e7abildiklerini bildirdi.<\/p>\n<h4 data-path-to-node=\"4\"><b data-path-to-node=\"4\" data-index-in-node=\"0\">\u00c7\u0131\u011f Tehlikesi \u00dc\u00e7 Kat Artt\u0131<\/b><\/h4>\n<p data-path-to-node=\"5\">Pistlerdeki olumlu havaya ra\u011fmen, yo\u011fun kar ya\u011f\u0131\u015f\u0131 ve \u015fiddetli r\u00fczgarlar \u0130sko\u00e7ya&#8217;n\u0131n y\u00fcksek da\u011flar\u0131nda \u00e7\u0131\u011f riskini ciddi oranda art\u0131rd\u0131. <b data-path-to-node=\"5\" data-index-in-node=\"137\">\u0130sko\u00e7 \u00c7\u0131\u011f Bilgi Servisi (SAIS)<\/b>, bu sezon \u015fimdiye kadar yakla\u015f\u0131k <b data-path-to-node=\"5\" data-index-in-node=\"201\">150<\/b> \u00e7\u0131\u011f kaydetti. Bu rakam, sadece <b data-path-to-node=\"5\" data-index-in-node=\"236\">42<\/b> \u00e7\u0131\u011f\u0131n kaydedildi\u011fi ge\u00e7ti\u011fimiz sezonun tamam\u0131n\u0131n \u00fc\u00e7 kat\u0131na tekab\u00fcl ediyor.<\/p><div id=\"briti-285897939\" class=\"briti-icerik\" style=\"margin-top: 5px;margin-bottom: 5px;\"><a href=\"https:\/\/piaryum.com\/services\/\" aria-label=\"piaryum banner\"><img loading=\"lazy\" decoding=\"async\" src=\"https:\/\/by-tv.co.uk\/wp-content\/uploads\/2025\/12\/Gemini_Generated_Image_g5yqr1g5yqr1g5yq.jpg\" alt=\"\"  width=\"2064\" height=\"1152\"   \/><\/a><\/div>\n<p data-path-to-node=\"6\">\u00d6zellikle son bir ay i\u00e7inde <b data-path-to-node=\"6\" data-index-in-node=\"28\">100<\/b>&#8216;e yak\u0131n \u00e7\u0131\u011f vakas\u0131 ya\u015fan\u0131rken, <b data-path-to-node=\"6\" data-index-in-node=\"63\">Cairngorms<\/b>, <b data-path-to-node=\"6\" data-index-in-node=\"75\">Creag Meagaidh<\/b> ve <b data-path-to-node=\"6\" data-index-in-node=\"93\">Lochaber<\/b> b\u00f6lgeleri i\u00e7in &#8220;ciddi&#8221; d\u00fczeyde \u00e7\u0131\u011f tehlikesi uyar\u0131lar\u0131 yap\u0131ld\u0131. Hafta ba\u015f\u0131nda <b data-path-to-node=\"6\" data-index-in-node=\"180\">Lochaber Da\u011f Kurtarma Ekibi<\/b>, Ben Nevis\u2019teki kurtarma operasyonlar\u0131 s\u0131ras\u0131nda bir \u00e7\u0131\u011f ile kar\u015f\u0131la\u015ft\u0131klar\u0131n\u0131 rapor etti.<\/p>\n<h4 data-path-to-node=\"7\"><b data-path-to-node=\"7\" data-index-in-node=\"0\">\u0130klim De\u011fi\u015fikli\u011fi ve Jet Ak\u0131m\u0131 Etkisi<\/b><\/h4>\n<p data-path-to-node=\"8\"><b data-path-to-node=\"8\" data-index-in-node=\"0\">Met Office<\/b>, Birle\u015fik Krall\u0131k\u2019\u0131n de\u011fi\u015fken iklimi nedeniyle y\u0131ll\u0131k kar kar\u015f\u0131la\u015ft\u0131rmas\u0131 yapman\u0131n zor oldu\u011funu ancak son <b data-path-to-node=\"8\" data-index-in-node=\"117\">30<\/b> y\u0131ll\u0131k verilerin kar ya\u011fan g\u00fcn say\u0131s\u0131nda net bir d\u00fc\u015f\u00fc\u015f g\u00f6sterdi\u011fini a\u00e7\u0131klad\u0131. Bu y\u0131l\u0131n en belirgin \u00f6zelli\u011finin ise &#8220;a\u015f\u0131r\u0131 ya\u011f\u0131\u015fl\u0131&#8221; bir k\u0131\u015f oldu\u011fu vurguland\u0131.<\/p>\n<p data-path-to-node=\"9\">Uzmanlar, Atlas Okyanusu \u00fczerinden gelen al\u00e7ak bas\u0131n\u00e7 sistemlerinin, Kuzey Avrupa \u00fczerindeki bloke edici bir y\u00fcksek bas\u0131n\u00e7 sistemiyle yava\u015flamas\u0131 sonucu ya\u011f\u0131\u015flar\u0131n Birle\u015fik Krall\u0131k \u00fczerinde as\u0131l\u0131 kald\u0131\u011f\u0131n\u0131 belirtiyor. Bu durumun, k\u0131\u015f\u0131n s\u00fcrekli bir tekrar d\u00f6ng\u00fcs\u00fcne girmesine ve uzun s\u00fcreli kuru d\u00f6nemlerin ya\u015fanmamas\u0131na neden oldu\u011fu ifade edildi.<\/p>\n<\/div>\n<div id=\"briti-489386917\" class=\"briti-icerikten-sonra_2\" style=\"margin-top: 25px;margin-bottom: 25px;\"><a href=\"https:\/\/wa.me\/message\/NDZLLIOQT4H3O1\" aria-label=\"bytv reklam banner\"><img loading=\"lazy\" decoding=\"async\" src=\"https:\/\/by-tv.co.uk\/wp-content\/uploads\/2025\/12\/bytv-reklam-banner.jpg\" alt=\"\"  width=\"2376\" height=\"1008\"   \/><\/a><\/div>","protected":false},"excerpt":{"rendered":"<p>Kayak Merkezlerinde Yo\u011fun Mesai \u0130sko\u00e7ya\u2019daki da\u011fl\u0131k kar sporlar\u0131 merkezleri, son alt\u0131 y\u0131l\u0131n en iyi k\u0131\u015f mevsimini ya\u015fad\u0131klar\u0131n\u0131 duyurdu. BBC\u2019nin haberine g\u00f6re, Glenshee Aral\u0131k sonundan bu yana hizmet verirken, Glencoe Mountain 2020\u2019deki pandemi d\u00f6neminden bu yana en ba\u015far\u0131l\u0131 sezonunu ge\u00e7iriyor. Aviemore yak\u0131nlar\u0131ndaki Cairngorm Mountain ise a\u00e7\u0131ld\u0131\u011f\u0131 21 Kas\u0131m\u2019dan bu yana 23.000 kayak\u00e7\u0131y\u0131 a\u011f\u0131rlayarak &#8220;harika bir y\u0131l&#8221; ge\u00e7irdi\u011fini belirtti. Glenshee Genel M\u00fcd\u00fcr\u00fc David Farquharson, \u015eubat ay\u0131 ara tatilinin tam zaman\u0131nda geldi\u011fini ve en yo\u011fun g\u00fcnde 2.500 ki\u015fiye ula\u015ft\u0131klar\u0131n\u0131 ifade etti. The Lecht ve Nevis Range gibi di\u011fer merkezler de bol do\u011fal kar sayesinde sadece yeni ba\u015flayanlar i\u00e7in ayr\u0131lan alanlar\u0131 de\u011fil, da\u011f\u0131n tamam\u0131n\u0131 [&hellip;]<\/p>\n","protected":false},"author":11,"featured_media":36607,"comment_status":"open","ping_status":"open","sticky":false,"template":"","format":"standard","meta":{"ngg_post_thumbnail":0,"footnotes":""},"categories":[5269,1438,1171],"tags":[],"class_list":["post-36606","post","type-post","status-publish","format-standard","has-post-thumbnail","hentry","category-birlesik-krallik","category-spor","category-travel"],"_links":{"self":[{"href":"https:\/\/by-tv.co.uk\/en\/wp-json\/wp\/v2\/posts\/36606","targetHints":{"allow":["GET"]}}],"collection":[{"href":"https:\/\/by-tv.co.uk\/en\/wp-json\/wp\/v2\/posts"}],"about":[{"href":"https:\/\/by-tv.co.uk\/en\/wp-json\/wp\/v2\/types\/post"}],"author":[{"embeddable":true,"href":"https:\/\/by-tv.co.uk\/en\/wp-json\/wp\/v2\/users\/11"}],"replies":[{"embeddable":true,"href":"https:\/\/by-tv.co.uk\/en\/wp-json\/wp\/v2\/comments?post=36606"}],"version-history":[{"count":1,"href":"https:\/\/by-tv.co.uk\/en\/wp-json\/wp\/v2\/posts\/36606\/revisions"}],"predecessor-version":[{"id":36608,"href":"https:\/\/by-tv.co.uk\/en\/wp-json\/wp\/v2\/posts\/36606\/revisions\/36608"}],"wp:featuredmedia":[{"embeddable":true,"href":"https:\/\/by-tv.co.uk\/en\/wp-json\/wp\/v2\/media\/36607"}],"wp:attachment":[{"href":"https:\/\/by-tv.co.uk\/en\/wp-json\/wp\/v2\/media?parent=36606"}],"wp:term":[{"taxonomy":"category","embeddable":true,"href":"https:\/\/by-tv.co.uk\/en\/wp-json\/wp\/v2\/categories?post=36606"},{"taxonomy":"post_tag","embeddable":true,"href":"https:\/\/by-tv.co.uk\/en\/wp-json\/wp\/v2\/tags?post=36606"}],"curies":[{"name":"wp","href":"https:\/\/api.w.org\/{rel}","templated":true}]}}