{"id":36573,"date":"2026-02-19T12:58:44","date_gmt":"2026-02-19T12:58:44","guid":{"rendered":"https:\/\/by-tv.co.uk\/?p=36573"},"modified":"2026-02-19T12:58:44","modified_gmt":"2026-02-19T12:58:44","slug":"ingilterede-ozel-egitim-haklarina-ortaokul-ayari","status":"publish","type":"post","link":"https:\/\/by-tv.co.uk\/en\/ingilterede-ozel-egitim-haklarina-ortaokul-ayari\/","title":{"rendered":"\u0130ngiltere\u2019de \u00d6zel E\u011fitim Haklar\u0131na Ortaokul Ayar\u0131"},"content":{"rendered":"<div id=\"model-response-message-contentr_a81cd46cdcc480d8\" class=\"markdown markdown-main-panel enable-updated-hr-color preserve-whitespaces-in-response\" dir=\"ltr\" aria-live=\"polite\" aria-busy=\"false\">\n<h4 data-path-to-node=\"2\"><b data-path-to-node=\"2\" data-index-in-node=\"0\">E\u011fitim Reformunda Yeni D\u00f6nem<\/b><\/h4>\n<p data-path-to-node=\"3\">\u0130ngiltere\u2019de \u00f6zel e\u011fitim ihtiyac\u0131 ve engelli (<b data-path-to-node=\"3\" data-index-in-node=\"46\">Send<\/b>) stat\u00fcs\u00fcndeki \u00e7ocuklar\u0131n destek haklar\u0131, e\u011fitim hayatlar\u0131n\u0131n en \u00f6nemli d\u00f6n\u00fcm noktalar\u0131ndan biri olan ortaokula ge\u00e7i\u015f s\u00fcrecinde incelemeye al\u0131nacak. H\u00fck\u00fcmetin haz\u0131rlad\u0131\u011f\u0131 yeni d\u00fczenleme ile \u00e7ocuklar\u0131n ilkokuldaki desteklerinin devam edip etmeyece\u011fi bu a\u015famada belirlenecek.<\/p>\n<p data-path-to-node=\"4\">The Guardian\u2019\u0131n haberine g\u00f6re, <b data-path-to-node=\"4\" data-index-in-node=\"31\">Send<\/b> sisteminde k\u00f6kl\u00fc bir de\u011fi\u015fim \u00f6ng\u00f6ren bu revizyonun detaylar\u0131 \u00f6n\u00fcm\u00fczdeki Pazartesi g\u00fcn\u00fc a\u00e7\u0131klanacak e\u011fitim reformu paketinde yer al\u0131yor. D\u00fczenlemeden etkilenecek ilk grubun, \u015fu an ilkokul seviyesinde (<b data-path-to-node=\"4\" data-index-in-node=\"236\">Key Stage 1<\/b>) e\u011fitim g\u00f6ren \u00f6\u011frenciler olmas\u0131 bekleniyor.<\/p>\n<h4 data-path-to-node=\"5\"><b data-path-to-node=\"5\" data-index-in-node=\"0\">Maliyet Kontrol\u00fc ve Siyasi Yank\u0131lar<\/b><\/h4>\n<p data-path-to-node=\"6\">E\u011fitim Bakan\u0131 <b data-path-to-node=\"6\" data-index-in-node=\"14\">Bridget Phillipson<\/b> taraf\u0131ndan y\u00f6netilen bu s\u00fcre\u00e7, y\u0131ll\u0131k maliyeti <b data-path-to-node=\"6\" data-index-in-node=\"80\">6 milyar sterline<\/b> ula\u015fan \u00f6zel e\u011fitim harcamalar\u0131n\u0131 daha s\u00fcrd\u00fcr\u00fclebilir bir yap\u0131ya kavu\u015fturmay\u0131 ama\u00e7l\u0131yor. Ancak \u00e7ocuklar\u0131n mevcut yasal haklar\u0131n\u0131n &#8220;yeniden de\u011ferlendirme&#8221; kapsam\u0131na al\u0131nmas\u0131, \u0130\u015f\u00e7i Partisi i\u00e7indeki baz\u0131 vekillerin ve ailelerin tepkisini \u00e7ekiyor.<\/p><div id=\"briti-2743021099\" class=\"briti-icerik\" style=\"margin-top: 5px;margin-bottom: 5px;\"><a href=\"https:\/\/piaryum.com\/services\/\" aria-label=\"piaryum banner\"><img loading=\"lazy\" decoding=\"async\" src=\"https:\/\/by-tv.co.uk\/wp-content\/uploads\/2025\/12\/Gemini_Generated_Image_g5yqr1g5yqr1g5yq.jpg\" alt=\"\"  width=\"2064\" height=\"1152\"   \/><\/a><\/div>\n<p data-path-to-node=\"7\">Yeni planlama do\u011frultusunda, her \u00e7ocu\u011fun ihtiyac\u0131 ortaokul ba\u015flang\u0131c\u0131nda tekrar analiz edilecek. Bu durum, aileler aras\u0131nda desteklerin kesilebilece\u011fine dair ciddi endi\u015felere yol a\u00e7arken, h\u00fck\u00fcmet yetkilileri sistemin verimlili\u011fini art\u0131rmay\u0131 hedeflediklerini savunuyor.<\/p>\n<h4 data-path-to-node=\"8\"><b data-path-to-node=\"8\" data-index-in-node=\"0\">Okul Yap\u0131lar\u0131nda Kapsay\u0131c\u0131 D\u00f6n\u00fc\u015f\u00fcm<\/b><\/h4>\n<p data-path-to-node=\"9\">Reform paketinin bir di\u011fer aya\u011f\u0131 ise fiziksel imkanlar\u0131n iyile\u015ftirilmesini i\u00e7eriyor. \u0130ngiltere genelindeki t\u00fcm ortaokullarda, n\u00f6ro\u00e7e\u015fitlilik g\u00f6steren ve <b data-path-to-node=\"9\" data-index-in-node=\"153\">Send<\/b> kapsam\u0131ndaki \u00f6\u011frenciler i\u00e7in \u00f6zel &#8220;kapsay\u0131c\u0131l\u0131k alanlar\u0131&#8221; kurulmas\u0131 zorunlu hale getirilecek.<\/p>\n<p data-path-to-node=\"10\">Bu alanlar sayesinde \u00f6\u011frencilerin genel e\u011fitim m\u00fcfredat\u0131ndan kopmadan ihtiya\u00e7 duyduklar\u0131 uzman deste\u011fine eri\u015fmeleri hedefleniyor. Bununla birlikte, yerel y\u00f6netimlerin servis ula\u015f\u0131m\u0131 gibi hizmetlerde daha kat\u0131 mali kriterler uygulama talebi, e\u011fitim b\u00fct\u00e7esi \u00fczerindeki bask\u0131y\u0131 art\u0131rmaya devam ediyor.<\/p>\n<\/div>\n<div id=\"briti-3077397869\" class=\"briti-icerikten-sonra_2\" style=\"margin-top: 25px;margin-bottom: 25px;\"><a href=\"https:\/\/wa.me\/message\/NDZLLIOQT4H3O1\" aria-label=\"bytv reklam banner\"><img loading=\"lazy\" decoding=\"async\" src=\"https:\/\/by-tv.co.uk\/wp-content\/uploads\/2025\/12\/bytv-reklam-banner.jpg\" alt=\"\"  width=\"2376\" height=\"1008\"   \/><\/a><\/div>","protected":false},"excerpt":{"rendered":"<p>E\u011fitim Reformunda Yeni D\u00f6nem \u0130ngiltere\u2019de \u00f6zel e\u011fitim ihtiyac\u0131 ve engelli (Send) stat\u00fcs\u00fcndeki \u00e7ocuklar\u0131n destek haklar\u0131, e\u011fitim hayatlar\u0131n\u0131n en \u00f6nemli d\u00f6n\u00fcm noktalar\u0131ndan biri olan ortaokula ge\u00e7i\u015f s\u00fcrecinde incelemeye al\u0131nacak. H\u00fck\u00fcmetin haz\u0131rlad\u0131\u011f\u0131 yeni d\u00fczenleme ile \u00e7ocuklar\u0131n ilkokuldaki desteklerinin devam edip etmeyece\u011fi bu a\u015famada belirlenecek. The Guardian\u2019\u0131n haberine g\u00f6re, Send sisteminde k\u00f6kl\u00fc bir de\u011fi\u015fim \u00f6ng\u00f6ren bu revizyonun detaylar\u0131 \u00f6n\u00fcm\u00fczdeki Pazartesi g\u00fcn\u00fc a\u00e7\u0131klanacak e\u011fitim reformu paketinde yer al\u0131yor. D\u00fczenlemeden etkilenecek ilk grubun, \u015fu an ilkokul seviyesinde (Key Stage 1) e\u011fitim g\u00f6ren \u00f6\u011frenciler olmas\u0131 bekleniyor. Maliyet Kontrol\u00fc ve Siyasi Yank\u0131lar E\u011fitim Bakan\u0131 Bridget Phillipson taraf\u0131ndan y\u00f6netilen bu s\u00fcre\u00e7, y\u0131ll\u0131k maliyeti 6 milyar sterline ula\u015fan \u00f6zel [&hellip;]<\/p>\n","protected":false},"author":11,"featured_media":34426,"comment_status":"open","ping_status":"open","sticky":false,"template":"","format":"standard","meta":{"ngg_post_thumbnail":0,"footnotes":""},"categories":[5269,1519,15],"tags":[],"class_list":["post-36573","post","type-post","status-publish","format-standard","has-post-thumbnail","hentry","category-birlesik-krallik","category-egitim","category-ingiltere"],"_links":{"self":[{"href":"https:\/\/by-tv.co.uk\/en\/wp-json\/wp\/v2\/posts\/36573","targetHints":{"allow":["GET"]}}],"collection":[{"href":"https:\/\/by-tv.co.uk\/en\/wp-json\/wp\/v2\/posts"}],"about":[{"href":"https:\/\/by-tv.co.uk\/en\/wp-json\/wp\/v2\/types\/post"}],"author":[{"embeddable":true,"href":"https:\/\/by-tv.co.uk\/en\/wp-json\/wp\/v2\/users\/11"}],"replies":[{"embeddable":true,"href":"https:\/\/by-tv.co.uk\/en\/wp-json\/wp\/v2\/comments?post=36573"}],"version-history":[{"count":1,"href":"https:\/\/by-tv.co.uk\/en\/wp-json\/wp\/v2\/posts\/36573\/revisions"}],"predecessor-version":[{"id":36574,"href":"https:\/\/by-tv.co.uk\/en\/wp-json\/wp\/v2\/posts\/36573\/revisions\/36574"}],"wp:featuredmedia":[{"embeddable":true,"href":"https:\/\/by-tv.co.uk\/en\/wp-json\/wp\/v2\/media\/34426"}],"wp:attachment":[{"href":"https:\/\/by-tv.co.uk\/en\/wp-json\/wp\/v2\/media?parent=36573"}],"wp:term":[{"taxonomy":"category","embeddable":true,"href":"https:\/\/by-tv.co.uk\/en\/wp-json\/wp\/v2\/categories?post=36573"},{"taxonomy":"post_tag","embeddable":true,"href":"https:\/\/by-tv.co.uk\/en\/wp-json\/wp\/v2\/tags?post=36573"}],"curies":[{"name":"wp","href":"https:\/\/api.w.org\/{rel}","templated":true}]}}