{"id":36474,"date":"2026-02-17T11:50:19","date_gmt":"2026-02-17T11:50:19","guid":{"rendered":"https:\/\/by-tv.co.uk\/?p=36474"},"modified":"2026-02-17T11:28:05","modified_gmt":"2026-02-17T11:28:05","slug":"birlesik-krallikta-dondurucu-soguk-ve-kar-yagisi-etkili-oluyor","status":"publish","type":"post","link":"https:\/\/by-tv.co.uk\/en\/birlesik-krallikta-dondurucu-soguk-ve-kar-yagisi-etkili-oluyor\/","title":{"rendered":"Birle\u015fik Krall\u0131k\u2019ta Dondurucu So\u011fuk ve Kar Ya\u011f\u0131\u015f\u0131 Etkili Oluyor"},"content":{"rendered":"<div id=\"model-response-message-contentr_4752595e035a7692\" class=\"markdown markdown-main-panel enable-updated-hr-color preserve-whitespaces-in-response\" dir=\"ltr\" aria-live=\"off\" aria-busy=\"false\">\n<h4 data-path-to-node=\"1\"><b data-path-to-node=\"1\" data-index-in-node=\"0\">Sar\u0131 kodlu hava uyar\u0131s\u0131 yay\u0131nland\u0131<\/b><\/h4>\n<p data-path-to-node=\"2\">Birle\u015fik Krall\u0131k genelinde Pazartesi gecesi s\u0131cakl\u0131klar <b data-path-to-node=\"2\" data-index-in-node=\"56\">-4,7 dereceye<\/b> kadar geriledi. Kutup \u00fczerinden gelen so\u011fuk hava dalgas\u0131 \u00fclke genelinde don, buzlanma ve kar ya\u011f\u0131\u015f\u0131na neden oldu. <b data-path-to-node=\"2\" data-index-in-node=\"184\">BBC<\/b>\u2019nin haberine g\u00f6re, <b data-path-to-node=\"2\" data-index-in-node=\"207\">Met Office<\/b> (Meteoroloji Ofisi) \u0130sko\u00e7ya\u2019n\u0131n b\u00fcy\u00fck b\u00f6l\u00fcm\u00fc ile \u0130ngiltere\u2019nin kuzey ve do\u011fu b\u00f6lgeleri i\u00e7in Sal\u0131 sabah\u0131 saat 10.00\u2019a kadar ge\u00e7erli olan sar\u0131 kodlu kar ve buzlanma uyar\u0131s\u0131 yay\u0131nlad\u0131.<\/p>\n<p data-path-to-node=\"3\">Yetkililer, Pazartesi ak\u015fam\u0131 ba\u015flayan sulu kar ve kar ya\u011f\u0131\u015f\u0131n\u0131n gece boyu s\u00fcrmesiyle ula\u015f\u0131mda ciddi aksamalar\u0131n ya\u015fanabilece\u011fi konusunda uyard\u0131. Kuzey \u0130rlanda genelinde de buzlanma riski nedeniyle benzer bir sar\u0131 kodlu uyar\u0131 y\u00fcr\u00fcrl\u00fc\u011fe girdi.<\/p>\n<h4 data-path-to-node=\"4\"><b data-path-to-node=\"4\" data-index-in-node=\"0\">Ula\u015f\u0131mda buzlanma ve kar riski<\/b><\/h4>\n<p data-path-to-node=\"5\"><b data-path-to-node=\"5\" data-index-in-node=\"0\">Met Office<\/b>, i\u015fe giden vatanda\u015flar\u0131 gizli buzlanma ve kaygan yol ko\u015fullar\u0131na kar\u015f\u0131 <b data-path-to-node=\"5\" data-index-in-node=\"82\">&#8220;dikkatli olmaya&#8221;<\/b> \u00e7a\u011f\u0131rd\u0131. Gece boyunca en d\u00fc\u015f\u00fck s\u0131cakl\u0131klar \u0130ngiltere\u2019nin <b data-path-to-node=\"5\" data-index-in-node=\"157\">Cumbria<\/b> b\u00f6lgesinde <b data-path-to-node=\"5\" data-index-in-node=\"176\">-3,4<\/b>, Kuzey \u0130rlanda\u2019n\u0131n <b data-path-to-node=\"5\" data-index-in-node=\"200\">County Down<\/b> b\u00f6lgesinde <b data-path-to-node=\"5\" data-index-in-node=\"223\">-3,7<\/b> ve \u0130sko\u00e7ya\u2019n\u0131n <b data-path-to-node=\"5\" data-index-in-node=\"243\">Highlands<\/b> b\u00f6lgesinde <b data-path-to-node=\"5\" data-index-in-node=\"264\">-4,7<\/b> olarak kaydedildi. Galler\u2019de ise en d\u00fc\u015f\u00fck s\u0131cakl\u0131k <b data-path-to-node=\"5\" data-index-in-node=\"320\">Powys<\/b>\u2019te <b data-path-to-node=\"5\" data-index-in-node=\"329\">-1,3<\/b> derece oldu.<\/p><div id=\"briti-2068098712\" class=\"briti-icerik\" style=\"margin-top: 5px;margin-bottom: 5px;\"><a href=\"https:\/\/piaryum.com\/services\/\" aria-label=\"piaryum banner\"><img loading=\"lazy\" decoding=\"async\" src=\"https:\/\/by-tv.co.uk\/wp-content\/uploads\/2025\/12\/Gemini_Generated_Image_g5yqr1g5yqr1g5yq.jpg\" alt=\"\"  width=\"2064\" height=\"1152\"   \/><\/a><\/div>\n<p data-path-to-node=\"6\">Sal\u0131 g\u00fcn\u00fcn\u00fcn genel olarak kuru ve g\u00fcne\u015fli ge\u00e7mesi beklense de, s\u0131cakl\u0131klar\u0131n sadece <b data-path-to-node=\"6\" data-index-in-node=\"84\">3 ila 6 derece<\/b> aras\u0131nda kalaca\u011f\u0131 tahmin ediliyor. Sert kuzey r\u00fczgarlar\u0131 nedeniyle, \u00f6zellikle do\u011fu b\u00f6lgelerinde hissedilen s\u0131cakl\u0131\u011f\u0131n donma noktas\u0131na yak\u0131n olaca\u011f\u0131 belirtiliyor.<\/p>\n<h4 data-path-to-node=\"7\"><b data-path-to-node=\"7\" data-index-in-node=\"0\">Sel uyar\u0131lar\u0131 devam ediyor<\/b><\/h4>\n<p data-path-to-node=\"8\">Dondurucu so\u011fuklar\u0131n yan\u0131 s\u0131ra, uzun s\u00fcredir devam eden ya\u011f\u0131\u015fl\u0131 havan\u0131n ard\u0131ndan <b data-path-to-node=\"8\" data-index-in-node=\"81\">Environment Agency<\/b> (\u00c7evre Ajans\u0131) \u0130ngiltere genelinde <b data-path-to-node=\"8\" data-index-in-node=\"135\">67 sel uyar\u0131s\u0131<\/b> ve <b data-path-to-node=\"8\" data-index-in-node=\"153\">195 sel alarm\u0131<\/b> verdi. Sel riskinin \u00f6zellikle \u00fclkenin g\u00fcney ve i\u00e7 kesimlerinde (Midlands) yo\u011funla\u015ft\u0131\u011f\u0131 bildirildi.<\/p>\n<p data-path-to-node=\"9\"><b data-path-to-node=\"9\" data-index-in-node=\"0\">Environment Agency<\/b> Sel G\u00f6rev M\u00fcd\u00fcr\u00fc <b data-path-to-node=\"9\" data-index-in-node=\"36\">Jonathan Day<\/b>, \u015fu ana kadar <b data-path-to-node=\"9\" data-index-in-node=\"63\">24 binden fazla<\/b> ev ve i\u015f yerinin koruma alt\u0131na al\u0131nd\u0131\u011f\u0131n\u0131 ancak yakla\u015f\u0131k <b data-path-to-node=\"9\" data-index-in-node=\"136\">330 m\u00fclk\u00fcn<\/b> sular alt\u0131nda kald\u0131\u011f\u0131n\u0131 a\u00e7\u0131klad\u0131. \u00c7ar\u015famba g\u00fcn\u00fc \u0130ngiltere\u2019nin g\u00fcneyi ve Galler\u2019in g\u00fcneyinde beklenen yeni ya\u011f\u0131\u015f dalgas\u0131n\u0131n, halihaz\u0131rda suya doymu\u015f topraklarda yeni sel felaketlerine yol a\u00e7abilece\u011fi uyar\u0131s\u0131 yap\u0131ld\u0131.<\/p>\n<p data-path-to-node=\"10\">Birle\u015fik Krall\u0131k genelinde hava durumunun \u00f6n\u00fcm\u00fczdeki haftan\u0131n sonlar\u0131na do\u011fru daha kuru ve \u0131l\u0131man bir seyre d\u00f6nmesi bekleniyor.<\/p>\n<\/div>\n<div id=\"briti-3032454641\" class=\"briti-icerikten-sonra_2\" style=\"margin-top: 25px;margin-bottom: 25px;\"><a href=\"https:\/\/wa.me\/message\/NDZLLIOQT4H3O1\" aria-label=\"bytv reklam banner\"><img loading=\"lazy\" decoding=\"async\" src=\"https:\/\/by-tv.co.uk\/wp-content\/uploads\/2025\/12\/bytv-reklam-banner.jpg\" alt=\"\"  width=\"2376\" height=\"1008\"   \/><\/a><\/div>","protected":false},"excerpt":{"rendered":"<p>Sar\u0131 kodlu hava uyar\u0131s\u0131 yay\u0131nland\u0131 Birle\u015fik Krall\u0131k genelinde Pazartesi gecesi s\u0131cakl\u0131klar -4,7 dereceye kadar geriledi. Kutup \u00fczerinden gelen so\u011fuk hava dalgas\u0131 \u00fclke genelinde don, buzlanma ve kar ya\u011f\u0131\u015f\u0131na neden oldu. BBC\u2019nin haberine g\u00f6re, Met Office (Meteoroloji Ofisi) \u0130sko\u00e7ya\u2019n\u0131n b\u00fcy\u00fck b\u00f6l\u00fcm\u00fc ile \u0130ngiltere\u2019nin kuzey ve do\u011fu b\u00f6lgeleri i\u00e7in Sal\u0131 sabah\u0131 saat 10.00\u2019a kadar ge\u00e7erli olan sar\u0131 kodlu kar ve buzlanma uyar\u0131s\u0131 yay\u0131nlad\u0131. Yetkililer, Pazartesi ak\u015fam\u0131 ba\u015flayan sulu kar ve kar ya\u011f\u0131\u015f\u0131n\u0131n gece boyu s\u00fcrmesiyle ula\u015f\u0131mda ciddi aksamalar\u0131n ya\u015fanabilece\u011fi konusunda uyard\u0131. Kuzey \u0130rlanda genelinde de buzlanma riski nedeniyle benzer bir sar\u0131 kodlu uyar\u0131 y\u00fcr\u00fcrl\u00fc\u011fe girdi. Ula\u015f\u0131mda buzlanma ve kar riski Met Office, [&hellip;]<\/p>\n","protected":false},"author":11,"featured_media":34840,"comment_status":"open","ping_status":"open","sticky":false,"template":"","format":"standard","meta":{"ngg_post_thumbnail":0,"footnotes":""},"categories":[5269,5377,15],"tags":[],"class_list":["post-36474","post","type-post","status-publish","format-standard","has-post-thumbnail","hentry","category-birlesik-krallik","category-hava-durumu","category-ingiltere"],"_links":{"self":[{"href":"https:\/\/by-tv.co.uk\/en\/wp-json\/wp\/v2\/posts\/36474","targetHints":{"allow":["GET"]}}],"collection":[{"href":"https:\/\/by-tv.co.uk\/en\/wp-json\/wp\/v2\/posts"}],"about":[{"href":"https:\/\/by-tv.co.uk\/en\/wp-json\/wp\/v2\/types\/post"}],"author":[{"embeddable":true,"href":"https:\/\/by-tv.co.uk\/en\/wp-json\/wp\/v2\/users\/11"}],"replies":[{"embeddable":true,"href":"https:\/\/by-tv.co.uk\/en\/wp-json\/wp\/v2\/comments?post=36474"}],"version-history":[{"count":1,"href":"https:\/\/by-tv.co.uk\/en\/wp-json\/wp\/v2\/posts\/36474\/revisions"}],"predecessor-version":[{"id":36475,"href":"https:\/\/by-tv.co.uk\/en\/wp-json\/wp\/v2\/posts\/36474\/revisions\/36475"}],"wp:featuredmedia":[{"embeddable":true,"href":"https:\/\/by-tv.co.uk\/en\/wp-json\/wp\/v2\/media\/34840"}],"wp:attachment":[{"href":"https:\/\/by-tv.co.uk\/en\/wp-json\/wp\/v2\/media?parent=36474"}],"wp:term":[{"taxonomy":"category","embeddable":true,"href":"https:\/\/by-tv.co.uk\/en\/wp-json\/wp\/v2\/categories?post=36474"},{"taxonomy":"post_tag","embeddable":true,"href":"https:\/\/by-tv.co.uk\/en\/wp-json\/wp\/v2\/tags?post=36474"}],"curies":[{"name":"wp","href":"https:\/\/api.w.org\/{rel}","templated":true}]}}