{"id":36459,"date":"2026-02-17T10:30:41","date_gmt":"2026-02-17T10:30:41","guid":{"rendered":"https:\/\/by-tv.co.uk\/?p=36459"},"modified":"2026-02-17T09:54:44","modified_gmt":"2026-02-17T09:54:44","slug":"trumptan-ingiltereye-sert-yesil-enerji-tepkisi","status":"publish","type":"post","link":"https:\/\/by-tv.co.uk\/en\/trumptan-ingiltereye-sert-yesil-enerji-tepkisi\/","title":{"rendered":"Trump\u2019tan \u0130ngiltere\u2019ye Sert Ye\u015fil Enerji Tepkisi"},"content":{"rendered":"<div id=\"model-response-message-contentr_0e3ea1b2d7ab77fa\" class=\"markdown markdown-main-panel enable-updated-hr-color preserve-whitespaces-in-response\" dir=\"ltr\" aria-live=\"polite\" aria-busy=\"false\">\n<h4 data-path-to-node=\"1\"><b data-path-to-node=\"1\" data-index-in-node=\"0\">Diplomatik Gerilim T\u0131rman\u0131yor<\/b><\/h4>\n<p data-path-to-node=\"2\"><b data-path-to-node=\"2\" data-index-in-node=\"0\">ABD<\/b> Ba\u015fkan\u0131 <b data-path-to-node=\"2\" data-index-in-node=\"12\">Donald Trump<\/b>, \u0130ngiltere h\u00fck\u00fcmetinin <b data-path-to-node=\"2\" data-index-in-node=\"48\">California<\/b> Valisi <b data-path-to-node=\"2\" data-index-in-node=\"66\">Gavin Newsom<\/b> ile Londra\u2019da imzalad\u0131\u011f\u0131 ye\u015fil enerji anla\u015fmas\u0131na sert tepki g\u00f6sterdi. <b data-path-to-node=\"2\" data-index-in-node=\"150\">Trump<\/b>, Politico\u2019ya verdi\u011fi m\u00fclakatta, \u0130ngiltere\u2019nin Demokrat Vali ile i\u015f birli\u011fi yapmas\u0131n\u0131 &#8220;uygunsuz&#8221; olarak nitelendirdi.<\/p>\n<p data-path-to-node=\"3\"><b data-path-to-node=\"3\" data-index-in-node=\"0\">The Guardian<\/b>&#8216;\u0131n haberine g\u00f6re <b data-path-to-node=\"3\" data-index-in-node=\"30\">Trump<\/b>, Newsom i\u00e7in hakaret i\u00e7erikli ifadeler kullanarak, &#8220;\u0130ngiltere\u2019nin bu isimle u\u011fra\u015fmayacak kadar \u00e7ok sorunu var. Dokundu\u011fu her \u015fey \u00e7\u00f6pe d\u00f6n\u00fcyor&#8221; dedi.<\/p>\n<h4 data-path-to-node=\"4\"><b data-path-to-node=\"4\" data-index-in-node=\"0\">Enerji \u0130\u015f Birli\u011finde Kritik \u0130mza<\/b><\/h4>\n<p data-path-to-node=\"5\">\u0130ngiltere Enerji G\u00fcvenli\u011fi ve Net S\u0131f\u0131r Bakan\u0131 <b data-path-to-node=\"5\" data-index-in-node=\"47\">Ed Miliband<\/b>, Vali <b data-path-to-node=\"5\" data-index-in-node=\"65\">Newsom<\/b> ile Londra\u2019da bir araya gelerek temiz enerji teknolojileri ve iklim eylemi konular\u0131nda i\u015f birli\u011fini derinle\u015ftiren bir mutabakat zapt\u0131 imzalad\u0131. Anla\u015fma kapsam\u0131nda, \u0130ngiliz enerji devi <b data-path-to-node=\"5\" data-index-in-node=\"256\">Octopus Energy<\/b>&#8216;nin <b data-path-to-node=\"5\" data-index-in-node=\"275\">California<\/b>\u2019n\u0131n temiz teknoloji pazar\u0131na <b data-path-to-node=\"5\" data-index-in-node=\"315\">1 milyar dolar<\/b> yat\u0131r\u0131m yapaca\u011f\u0131 a\u00e7\u0131kland\u0131.<\/p><div id=\"briti-151587424\" class=\"briti-icerik\" style=\"margin-top: 5px;margin-bottom: 5px;\"><a href=\"https:\/\/piaryum.com\/services\/\" aria-label=\"piaryum banner\"><img loading=\"lazy\" decoding=\"async\" src=\"https:\/\/by-tv.co.uk\/wp-content\/uploads\/2025\/12\/Gemini_Generated_Image_g5yqr1g5yqr1g5yq.jpg\" alt=\"\"  width=\"2064\" height=\"1152\"   \/><\/a><\/div>\n<p data-path-to-node=\"6\"><b data-path-to-node=\"6\" data-index-in-node=\"0\">Ed Miliband<\/b>, bu ortakl\u0131\u011f\u0131n faturalar\u0131 d\u00fc\u015f\u00fcrmek ve istihdam yaratmak ad\u0131na b\u00fcy\u00fck bir f\u0131rsat oldu\u011funu belirtti. Bakanl\u0131k yetkilileri, <b data-path-to-node=\"6\" data-index-in-node=\"132\">ABD<\/b> federal h\u00fck\u00fcmetiyle yak\u0131n \u00e7al\u0131\u015fmaya devam ettiklerini, ancak eyalet d\u00fczeyindeki bu anla\u015fmalar\u0131n \u0130ngiltere ekonomisine do\u011frudan katk\u0131 sa\u011flad\u0131\u011f\u0131n\u0131 vurgulad\u0131.<\/p>\n<h4 data-path-to-node=\"7\"><b data-path-to-node=\"7\" data-index-in-node=\"0\">2028 Ba\u015fkanl\u0131k Yar\u0131\u015f\u0131 G\u00f6lgesinde At\u0131\u015fma<\/b><\/h4>\n<p data-path-to-node=\"8\">2028 ba\u015fkanl\u0131k se\u00e7imleri i\u00e7in potansiyel adaylar aras\u0131nda g\u00f6sterilen <b data-path-to-node=\"8\" data-index-in-node=\"69\">Gavin Newsom<\/b> cephesinden ise yan\u0131t gecikmedi. Valilik s\u00f6zc\u00fcs\u00fc, <b data-path-to-node=\"8\" data-index-in-node=\"132\">Trump<\/b>\u2019\u0131n fosil yak\u0131t end\u00fcstrisinin \u00e7\u0131karlar\u0131n\u0131 savundu\u011funu ileri s\u00fcrerek, &#8220;D\u00fcnya liderleri <b data-path-to-node=\"8\" data-index-in-node=\"223\">Trump<\/b>\u2019\u0131 reddediyor ve <b data-path-to-node=\"8\" data-index-in-node=\"245\">California<\/b>\u2019n\u0131n gelecek vizyonunu se\u00e7iyor&#8221; a\u00e7\u0131klamas\u0131nda bulundu.<\/p>\n<p data-path-to-node=\"9\">Vali <b data-path-to-node=\"9\" data-index-in-node=\"5\">Newsom<\/b>, Londra ziyareti \u00f6ncesinde <b data-path-to-node=\"9\" data-index-in-node=\"39\">M\u00fcnih G\u00fcvenlik Konferans\u0131<\/b>\u2019na kat\u0131larak <b data-path-to-node=\"9\" data-index-in-node=\"78\">Ukrayna<\/b> ile de benzer bir i\u015f birli\u011fi anla\u015fmas\u0131 imzalam\u0131\u015ft\u0131. Uzmanlar, bu diplomatik hamlelerin <b data-path-to-node=\"9\" data-index-in-node=\"173\">\u0130ngiltere<\/b> ve <b data-path-to-node=\"9\" data-index-in-node=\"186\">Beyaz Saray<\/b> aras\u0131ndaki ili\u015fkilerde yeni hassasiyetler yaratabilece\u011fine dikkat \u00e7ekiyor.<\/p>\n<\/div>\n<div id=\"briti-4122170705\" class=\"briti-icerikten-sonra_2\" style=\"margin-top: 25px;margin-bottom: 25px;\"><a href=\"https:\/\/wa.me\/message\/NDZLLIOQT4H3O1\" aria-label=\"bytv reklam banner\"><img loading=\"lazy\" decoding=\"async\" src=\"https:\/\/by-tv.co.uk\/wp-content\/uploads\/2025\/12\/bytv-reklam-banner.jpg\" alt=\"\"  width=\"2376\" height=\"1008\"   \/><\/a><\/div>","protected":false},"excerpt":{"rendered":"<p>Diplomatik Gerilim T\u0131rman\u0131yor ABD Ba\u015fkan\u0131 Donald Trump, \u0130ngiltere h\u00fck\u00fcmetinin California Valisi Gavin Newsom ile Londra\u2019da imzalad\u0131\u011f\u0131 ye\u015fil enerji anla\u015fmas\u0131na sert tepki g\u00f6sterdi. Trump, Politico\u2019ya verdi\u011fi m\u00fclakatta, \u0130ngiltere\u2019nin Demokrat Vali ile i\u015f birli\u011fi yapmas\u0131n\u0131 &#8220;uygunsuz&#8221; olarak nitelendirdi. The Guardian&#8216;\u0131n haberine g\u00f6re Trump, Newsom i\u00e7in hakaret i\u00e7erikli ifadeler kullanarak, &#8220;\u0130ngiltere\u2019nin bu isimle u\u011fra\u015fmayacak kadar \u00e7ok sorunu var. Dokundu\u011fu her \u015fey \u00e7\u00f6pe d\u00f6n\u00fcyor&#8221; dedi. Enerji \u0130\u015f Birli\u011finde Kritik \u0130mza \u0130ngiltere Enerji G\u00fcvenli\u011fi ve Net S\u0131f\u0131r Bakan\u0131 Ed Miliband, Vali Newsom ile Londra\u2019da bir araya gelerek temiz enerji teknolojileri ve iklim eylemi konular\u0131nda i\u015f birli\u011fini derinle\u015ftiren bir mutabakat zapt\u0131 imzalad\u0131. Anla\u015fma kapsam\u0131nda, \u0130ngiliz enerji [&hellip;]<\/p>\n","protected":false},"author":11,"featured_media":31872,"comment_status":"open","ping_status":"open","sticky":false,"template":"","format":"standard","meta":{"ngg_post_thumbnail":0,"footnotes":""},"categories":[5269,15],"tags":[],"class_list":["post-36459","post","type-post","status-publish","format-standard","has-post-thumbnail","hentry","category-birlesik-krallik","category-ingiltere"],"_links":{"self":[{"href":"https:\/\/by-tv.co.uk\/en\/wp-json\/wp\/v2\/posts\/36459","targetHints":{"allow":["GET"]}}],"collection":[{"href":"https:\/\/by-tv.co.uk\/en\/wp-json\/wp\/v2\/posts"}],"about":[{"href":"https:\/\/by-tv.co.uk\/en\/wp-json\/wp\/v2\/types\/post"}],"author":[{"embeddable":true,"href":"https:\/\/by-tv.co.uk\/en\/wp-json\/wp\/v2\/users\/11"}],"replies":[{"embeddable":true,"href":"https:\/\/by-tv.co.uk\/en\/wp-json\/wp\/v2\/comments?post=36459"}],"version-history":[{"count":2,"href":"https:\/\/by-tv.co.uk\/en\/wp-json\/wp\/v2\/posts\/36459\/revisions"}],"predecessor-version":[{"id":36461,"href":"https:\/\/by-tv.co.uk\/en\/wp-json\/wp\/v2\/posts\/36459\/revisions\/36461"}],"wp:featuredmedia":[{"embeddable":true,"href":"https:\/\/by-tv.co.uk\/en\/wp-json\/wp\/v2\/media\/31872"}],"wp:attachment":[{"href":"https:\/\/by-tv.co.uk\/en\/wp-json\/wp\/v2\/media?parent=36459"}],"wp:term":[{"taxonomy":"category","embeddable":true,"href":"https:\/\/by-tv.co.uk\/en\/wp-json\/wp\/v2\/categories?post=36459"},{"taxonomy":"post_tag","embeddable":true,"href":"https:\/\/by-tv.co.uk\/en\/wp-json\/wp\/v2\/tags?post=36459"}],"curies":[{"name":"wp","href":"https:\/\/api.w.org\/{rel}","templated":true}]}}