{"id":36457,"date":"2026-02-17T09:50:25","date_gmt":"2026-02-17T09:50:25","guid":{"rendered":"https:\/\/by-tv.co.uk\/?p=36457"},"modified":"2026-02-17T09:50:25","modified_gmt":"2026-02-17T09:50:25","slug":"ingilterede-kizamik-salgini-nhs-icin-reform-cagrisi","status":"publish","type":"post","link":"https:\/\/by-tv.co.uk\/en\/ingilterede-kizamik-salgini-nhs-icin-reform-cagrisi\/","title":{"rendered":"\u0130ngiltere&#8217;de K\u0131zam\u0131k Salg\u0131n\u0131: NHS \u0130\u00e7in Reform \u00c7a\u011fr\u0131s\u0131"},"content":{"rendered":"<div id=\"model-response-message-contentr_018314f197d30e70\" class=\"markdown markdown-main-panel enable-updated-hr-color preserve-whitespaces-in-response\" dir=\"ltr\" aria-live=\"polite\" aria-busy=\"false\">\n<h4 data-path-to-node=\"5\"><b data-path-to-node=\"5\" data-index-in-node=\"0\">A\u015f\u0131 Oranlar\u0131nda Kritik D\u00fc\u015f\u00fc\u015f<\/b><\/h4>\n<p data-path-to-node=\"6\">\u0130ngiltere&#8217;de \u00e7ocuklar\u0131n k\u0131zam\u0131k, kabakulak ve k\u0131zam\u0131k\u00e7\u0131\u011fa kar\u015f\u0131 koruyan <b data-path-to-node=\"6\" data-index-in-node=\"72\">MMR<\/b> a\u015f\u0131s\u0131na eri\u015fiminde ciddi sorunlar ya\u015fan\u0131yor. Milletvekilleri ve sa\u011fl\u0131k uzmanlar\u0131, Ulusal Sa\u011fl\u0131k Sistemi\u2019nin (<b data-path-to-node=\"6\" data-index-in-node=\"185\">NHS<\/b>) \u00e7ocuklar\u0131n a\u015f\u0131lanmas\u0131n\u0131 sa\u011flama konusunda <b data-path-to-node=\"6\" data-index-in-node=\"232\">\u201ca\u00e7\u0131k\u00e7a ba\u015far\u0131s\u0131z\u201d<\/b> oldu\u011fu uyar\u0131s\u0131nda bulunarak sistemin ba\u015ftan a\u015fa\u011f\u0131 de\u011fi\u015ftirilmesini talep ediyor.<\/p>\n<p data-path-to-node=\"7\"><b data-path-to-node=\"7\" data-index-in-node=\"0\">The Guardian<\/b>\u2019\u0131n haberine g\u00f6re, \u0130ngiltere\u2019nin baz\u0131 b\u00f6lgelerindeki a\u015f\u0131lama oranlar\u0131 \u015fu anda <b data-path-to-node=\"7\" data-index-in-node=\"90\">Afganistan<\/b> ve <b data-path-to-node=\"7\" data-index-in-node=\"104\">Malavi<\/b> gibi \u00fclkelerle ayn\u0131 seviyeye gerilemi\u015f durumda. Bu durum, vir\u00fcs\u00fcn yay\u0131lmas\u0131 i\u00e7in uygun bir zemin haz\u0131rlarken \u00e7ocuk sa\u011fl\u0131\u011f\u0131n\u0131 ciddi \u015fekilde tehdit ediyor.<\/p>\n<h4 data-path-to-node=\"8\"><b data-path-to-node=\"8\" data-index-in-node=\"0\">Eczanelerde A\u015f\u0131 D\u00f6nemi \u00d6nerisi<\/b><\/h4>\n<p data-path-to-node=\"9\">Uzmanlar, d\u00fc\u015fen a\u015f\u0131lama oranlar\u0131n\u0131 yukar\u0131 \u00e7ekmek i\u00e7in a\u015f\u0131lar\u0131n yaln\u0131zca aile hekimliklerinde de\u011fil, <b data-path-to-node=\"9\" data-index-in-node=\"100\">eczanelerde<\/b> de uygulanabilmesi gerekti\u011fini savunuyor. Mevcut sistemin hantal kald\u0131\u011f\u0131 ve ailelerin randevu almakta zorland\u0131\u011f\u0131 belirtilirken, hizmete eri\u015fimin kolayla\u015ft\u0131r\u0131lmas\u0131 i\u00e7in k\u00f6kl\u00fc bir reformun \u015fart oldu\u011fu ifade ediliyor.<\/p><div id=\"briti-248395699\" class=\"briti-icerik\" style=\"margin-top: 5px;margin-bottom: 5px;\"><a href=\"https:\/\/piaryum.com\/services\/\" aria-label=\"piaryum banner\"><img loading=\"lazy\" decoding=\"async\" src=\"https:\/\/by-tv.co.uk\/wp-content\/uploads\/2025\/12\/Gemini_Generated_Image_g5yqr1g5yqr1g5yq.jpg\" alt=\"\"  width=\"2064\" height=\"1152\"   \/><\/a><\/div>\n<p data-path-to-node=\"10\">Londra&#8217;n\u0131n kuzeyindeki baz\u0131 b\u00f6lgelerde \u015fimdiden <b data-path-to-node=\"10\" data-index-in-node=\"48\">60\u2019tan fazla<\/b> \u00e7ocu\u011fun enfekte oldu\u011fu bir k\u0131zam\u0131k salg\u0131n\u0131 patlak verdi. Yerel konseyler, aileler aras\u0131ndaki <b data-path-to-node=\"10\" data-index-in-node=\"154\">\u201ca\u015f\u0131 karars\u0131zl\u0131\u011f\u0131\u201d<\/b> ile m\u00fccadele etmek i\u00e7in \u00f6zel ekipler kurarak bilgilendirme \u00e7al\u0131\u015fmalar\u0131 y\u00fcr\u00fct\u00fcyor.<\/p>\n<h4 data-path-to-node=\"11\"><b data-path-to-node=\"11\" data-index-in-node=\"0\">K\u00fcresel ve Yerel Tehdit B\u00fcy\u00fcyor<\/b><\/h4>\n<p data-path-to-node=\"12\">Ge\u00e7ti\u011fimiz y\u0131l Avrupa genelinde k\u0131zam\u0131k vakalar\u0131n\u0131n <b data-path-to-node=\"12\" data-index-in-node=\"52\">iki kat\u0131na<\/b> \u00e7\u0131kmas\u0131 \u00fczerine <b data-path-to-node=\"12\" data-index-in-node=\"79\">WHO<\/b> ve <b data-path-to-node=\"12\" data-index-in-node=\"86\">Unicef<\/b>, h\u00fck\u00fcmetleri harekete ge\u00e7meye \u00e7a\u011f\u0131rm\u0131\u015ft\u0131. \u0130ngiltere, <b data-path-to-node=\"12\" data-index-in-node=\"146\">G7<\/b> \u00fclkeleri aras\u0131nda <b data-path-to-node=\"12\" data-index-in-node=\"167\">MMR<\/b> a\u015f\u0131lama oranlar\u0131nda <b data-path-to-node=\"12\" data-index-in-node=\"191\">en k\u00f6t\u00fc<\/b> performansa sahip \u00fclke konumuna d\u00fc\u015ferken, uzmanlar \u00e7ocuklar\u0131n okula a\u015f\u0131lanmadan ba\u015flamas\u0131n\u0131n salg\u0131n riskini <b data-path-to-node=\"12\" data-index-in-node=\"307\">rekor seviyeye<\/b> \u00e7\u0131kard\u0131\u011f\u0131na dikkat \u00e7ekiyor.<\/p>\n<\/div>\n<div id=\"briti-506697389\" class=\"briti-icerikten-sonra_2\" style=\"margin-top: 25px;margin-bottom: 25px;\"><a href=\"https:\/\/wa.me\/message\/NDZLLIOQT4H3O1\" aria-label=\"bytv reklam banner\"><img loading=\"lazy\" decoding=\"async\" src=\"https:\/\/by-tv.co.uk\/wp-content\/uploads\/2025\/12\/bytv-reklam-banner.jpg\" alt=\"\"  width=\"2376\" height=\"1008\"   \/><\/a><\/div>","protected":false},"excerpt":{"rendered":"<p>A\u015f\u0131 Oranlar\u0131nda Kritik D\u00fc\u015f\u00fc\u015f \u0130ngiltere&#8217;de \u00e7ocuklar\u0131n k\u0131zam\u0131k, kabakulak ve k\u0131zam\u0131k\u00e7\u0131\u011fa kar\u015f\u0131 koruyan MMR a\u015f\u0131s\u0131na eri\u015fiminde ciddi sorunlar ya\u015fan\u0131yor. Milletvekilleri ve sa\u011fl\u0131k uzmanlar\u0131, Ulusal Sa\u011fl\u0131k Sistemi\u2019nin (NHS) \u00e7ocuklar\u0131n a\u015f\u0131lanmas\u0131n\u0131 sa\u011flama konusunda \u201ca\u00e7\u0131k\u00e7a ba\u015far\u0131s\u0131z\u201d oldu\u011fu uyar\u0131s\u0131nda bulunarak sistemin ba\u015ftan a\u015fa\u011f\u0131 de\u011fi\u015ftirilmesini talep ediyor. The Guardian\u2019\u0131n haberine g\u00f6re, \u0130ngiltere\u2019nin baz\u0131 b\u00f6lgelerindeki a\u015f\u0131lama oranlar\u0131 \u015fu anda Afganistan ve Malavi gibi \u00fclkelerle ayn\u0131 seviyeye gerilemi\u015f durumda. Bu durum, vir\u00fcs\u00fcn yay\u0131lmas\u0131 i\u00e7in uygun bir zemin haz\u0131rlarken \u00e7ocuk sa\u011fl\u0131\u011f\u0131n\u0131 ciddi \u015fekilde tehdit ediyor. Eczanelerde A\u015f\u0131 D\u00f6nemi \u00d6nerisi Uzmanlar, d\u00fc\u015fen a\u015f\u0131lama oranlar\u0131n\u0131 yukar\u0131 \u00e7ekmek i\u00e7in a\u015f\u0131lar\u0131n yaln\u0131zca aile hekimliklerinde de\u011fil, eczanelerde de uygulanabilmesi gerekti\u011fini savunuyor. Mevcut sistemin hantal [&hellip;]<\/p>\n","protected":false},"author":11,"featured_media":34706,"comment_status":"open","ping_status":"open","sticky":false,"template":"","format":"standard","meta":{"ngg_post_thumbnail":0,"footnotes":""},"categories":[5269,15,13],"tags":[],"class_list":["post-36457","post","type-post","status-publish","format-standard","has-post-thumbnail","hentry","category-birlesik-krallik","category-ingiltere","category-saglik"],"_links":{"self":[{"href":"https:\/\/by-tv.co.uk\/en\/wp-json\/wp\/v2\/posts\/36457","targetHints":{"allow":["GET"]}}],"collection":[{"href":"https:\/\/by-tv.co.uk\/en\/wp-json\/wp\/v2\/posts"}],"about":[{"href":"https:\/\/by-tv.co.uk\/en\/wp-json\/wp\/v2\/types\/post"}],"author":[{"embeddable":true,"href":"https:\/\/by-tv.co.uk\/en\/wp-json\/wp\/v2\/users\/11"}],"replies":[{"embeddable":true,"href":"https:\/\/by-tv.co.uk\/en\/wp-json\/wp\/v2\/comments?post=36457"}],"version-history":[{"count":1,"href":"https:\/\/by-tv.co.uk\/en\/wp-json\/wp\/v2\/posts\/36457\/revisions"}],"predecessor-version":[{"id":36458,"href":"https:\/\/by-tv.co.uk\/en\/wp-json\/wp\/v2\/posts\/36457\/revisions\/36458"}],"wp:featuredmedia":[{"embeddable":true,"href":"https:\/\/by-tv.co.uk\/en\/wp-json\/wp\/v2\/media\/34706"}],"wp:attachment":[{"href":"https:\/\/by-tv.co.uk\/en\/wp-json\/wp\/v2\/media?parent=36457"}],"wp:term":[{"taxonomy":"category","embeddable":true,"href":"https:\/\/by-tv.co.uk\/en\/wp-json\/wp\/v2\/categories?post=36457"},{"taxonomy":"post_tag","embeddable":true,"href":"https:\/\/by-tv.co.uk\/en\/wp-json\/wp\/v2\/tags?post=36457"}],"curies":[{"name":"wp","href":"https:\/\/api.w.org\/{rel}","templated":true}]}}