{"id":36454,"date":"2026-02-17T09:45:37","date_gmt":"2026-02-17T09:45:37","guid":{"rendered":"https:\/\/by-tv.co.uk\/?p=36454"},"modified":"2026-02-17T09:45:37","modified_gmt":"2026-02-17T09:45:37","slug":"ingiltere-110-milyon-sterlinlik-sinir-projesini-durdurdu","status":"publish","type":"post","link":"https:\/\/by-tv.co.uk\/en\/ingiltere-110-milyon-sterlinlik-sinir-projesini-durdurdu\/","title":{"rendered":"\u0130ngiltere 110 milyon sterlinlik s\u0131n\u0131r projesini durdurdu"},"content":{"rendered":"<div id=\"model-response-message-contentr_312f815ad8a3527c\" class=\"markdown markdown-main-panel enable-updated-hr-color preserve-whitespaces-in-response\" dir=\"ltr\" aria-live=\"polite\" aria-busy=\"false\">\n<h4 data-path-to-node=\"1\"><b data-path-to-node=\"1\" data-index-in-node=\"0\">Maliyet art\u0131\u015f\u0131 projeyi bitirdi<\/b><\/h4>\n<p data-path-to-node=\"2\"><b data-path-to-node=\"2\" data-index-in-node=\"0\">Birle\u015fik Krall\u0131k<\/b> h\u00fck\u00fcmeti, Brexit sonras\u0131 g\u00fcmr\u00fck s\u00fcre\u00e7lerini basitle\u015ftirmek amac\u0131yla ba\u015flatt\u0131\u011f\u0131 dijital ticaret s\u0131n\u0131r\u0131 projesinden vazge\u00e7ti. <b data-path-to-node=\"2\" data-index-in-node=\"141\">The Guardian<\/b>\u2019\u0131n haberine g\u00f6re, <b data-path-to-node=\"2\" data-index-in-node=\"172\">Deloitte<\/b> ve <b data-path-to-node=\"2\" data-index-in-node=\"184\">IBM<\/b> ile y\u00fcr\u00fct\u00fclen ve bug\u00fcne kadar <b data-path-to-node=\"2\" data-index-in-node=\"218\">110 milyon sterlin<\/b> harcanan \u00e7al\u0131\u015fma, b\u00fct\u00e7e k\u0131s\u0131tlamalar\u0131 nedeniyle ask\u0131ya al\u0131nd\u0131.<\/p>\n<p data-path-to-node=\"3\">Eski Muhafazakar h\u00fck\u00fcmet taraf\u0131ndan <b data-path-to-node=\"3\" data-index-in-node=\"36\">2020<\/b> y\u0131l\u0131nda duyurulan proje, <b data-path-to-node=\"3\" data-index-in-node=\"66\">2025<\/b> y\u0131l\u0131na kadar d\u00fcnyan\u0131n en geli\u015fmi\u015f s\u0131n\u0131r sistemini kurmay\u0131 hedefliyordu. Ancak maliyetlerin kontrols\u00fcz art\u0131\u015f\u0131 \u00fczerine mevcut y\u00f6netim, projeyi &#8220;erken kapatma&#8221; a\u015famas\u0131na getirdi.<\/p>\n<h4 data-path-to-node=\"4\"><b data-path-to-node=\"4\" data-index-in-node=\"0\">S\u0131n\u0131r harcamalar\u0131 milyarlarca sterlin<\/b><\/h4>\n<p data-path-to-node=\"5\">Ba\u011f\u0131ms\u0131z denetim raporlar\u0131na g\u00f6re, proje kapsam\u0131nda somut bir ilerleme kaydedilemeden ciddi bir kamu kayna\u011f\u0131 harcand\u0131. <b data-path-to-node=\"5\" data-index-in-node=\"119\">Ulusal Denetim Ofisi (NAO)<\/b> verileri, \u0130ngiltere&#8217;nin sadece <b data-path-to-node=\"5\" data-index-in-node=\"177\">2024<\/b> y\u0131l\u0131nda Brexit sonras\u0131 s\u0131n\u0131r kontrolleri i\u00e7in yakla\u015f\u0131k <b data-path-to-node=\"5\" data-index-in-node=\"237\">4,7 milyar sterlin<\/b> harcad\u0131\u011f\u0131n\u0131 ortaya koyuyor.<\/p><div id=\"briti-4240085484\" class=\"briti-icerik\" style=\"margin-top: 5px;margin-bottom: 5px;\"><a href=\"https:\/\/piaryum.com\/services\/\" aria-label=\"piaryum banner\"><img loading=\"lazy\" decoding=\"async\" src=\"https:\/\/by-tv.co.uk\/wp-content\/uploads\/2025\/12\/Gemini_Generated_Image_g5yqr1g5yqr1g5yq.jpg\" alt=\"\"  width=\"2064\" height=\"1152\"   \/><\/a><\/div>\n<h4 data-path-to-node=\"6\"><b data-path-to-node=\"6\" data-index-in-node=\"0\">H\u00fck\u00fcmetten resmi a\u00e7\u0131klama<\/b><\/h4>\n<p data-path-to-node=\"7\">H\u00fck\u00fcmet s\u00f6zc\u00fcs\u00fc, projenin <b data-path-to-node=\"7\" data-index-in-node=\"26\">2025-26<\/b> mali y\u0131l\u0131 i\u00e7in durduruldu\u011funu do\u011frulad\u0131. Yap\u0131lan a\u00e7\u0131klamada, &#8220;\u0130\u015f d\u00fcnyas\u0131n\u0131n \u00fczerindeki b\u00fcrokratik y\u00fck\u00fc azaltma kararl\u0131l\u0131\u011f\u0131m\u0131z s\u00fcr\u00fcyor&#8221; denilse de, projenin tamamen iptal edilip edilmeyece\u011fi konusunda net bir bilgi verilmedi.<\/p>\n<p data-path-to-node=\"8\">Brexit sonras\u0131 d\u00f6nemde \u0130ngiltere&#8217;nin <b data-path-to-node=\"8\" data-index-in-node=\"37\">Avrupa Birli\u011fi<\/b>&#8216;ne yapt\u0131\u011f\u0131 ihracat\u0131n, reel bazda <b data-path-to-node=\"8\" data-index-in-node=\"85\">%18<\/b> oran\u0131nda gerilemi\u015f olmas\u0131 ticaret d\u00fcnyas\u0131nda endi\u015fe yaratmaya devam ediyor.<\/p>\n<\/div>\n<div id=\"briti-2557405591\" class=\"briti-icerikten-sonra_2\" style=\"margin-top: 25px;margin-bottom: 25px;\"><a href=\"https:\/\/wa.me\/message\/NDZLLIOQT4H3O1\" aria-label=\"bytv reklam banner\"><img loading=\"lazy\" decoding=\"async\" src=\"https:\/\/by-tv.co.uk\/wp-content\/uploads\/2025\/12\/bytv-reklam-banner.jpg\" alt=\"\"  width=\"2376\" height=\"1008\"   \/><\/a><\/div>","protected":false},"excerpt":{"rendered":"<p>Maliyet art\u0131\u015f\u0131 projeyi bitirdi Birle\u015fik Krall\u0131k h\u00fck\u00fcmeti, Brexit sonras\u0131 g\u00fcmr\u00fck s\u00fcre\u00e7lerini basitle\u015ftirmek amac\u0131yla ba\u015flatt\u0131\u011f\u0131 dijital ticaret s\u0131n\u0131r\u0131 projesinden vazge\u00e7ti. The Guardian\u2019\u0131n haberine g\u00f6re, Deloitte ve IBM ile y\u00fcr\u00fct\u00fclen ve bug\u00fcne kadar 110 milyon sterlin harcanan \u00e7al\u0131\u015fma, b\u00fct\u00e7e k\u0131s\u0131tlamalar\u0131 nedeniyle ask\u0131ya al\u0131nd\u0131. Eski Muhafazakar h\u00fck\u00fcmet taraf\u0131ndan 2020 y\u0131l\u0131nda duyurulan proje, 2025 y\u0131l\u0131na kadar d\u00fcnyan\u0131n en geli\u015fmi\u015f s\u0131n\u0131r sistemini kurmay\u0131 hedefliyordu. Ancak maliyetlerin kontrols\u00fcz art\u0131\u015f\u0131 \u00fczerine mevcut y\u00f6netim, projeyi &#8220;erken kapatma&#8221; a\u015famas\u0131na getirdi. S\u0131n\u0131r harcamalar\u0131 milyarlarca sterlin Ba\u011f\u0131ms\u0131z denetim raporlar\u0131na g\u00f6re, proje kapsam\u0131nda somut bir ilerleme kaydedilemeden ciddi bir kamu kayna\u011f\u0131 harcand\u0131. Ulusal Denetim Ofisi (NAO) verileri, \u0130ngiltere&#8217;nin sadece 2024 y\u0131l\u0131nda Brexit [&hellip;]<\/p>\n","protected":false},"author":11,"featured_media":34437,"comment_status":"open","ping_status":"open","sticky":false,"template":"","format":"standard","meta":{"ngg_post_thumbnail":0,"footnotes":""},"categories":[5269,15],"tags":[],"class_list":["post-36454","post","type-post","status-publish","format-standard","has-post-thumbnail","hentry","category-birlesik-krallik","category-ingiltere"],"_links":{"self":[{"href":"https:\/\/by-tv.co.uk\/en\/wp-json\/wp\/v2\/posts\/36454","targetHints":{"allow":["GET"]}}],"collection":[{"href":"https:\/\/by-tv.co.uk\/en\/wp-json\/wp\/v2\/posts"}],"about":[{"href":"https:\/\/by-tv.co.uk\/en\/wp-json\/wp\/v2\/types\/post"}],"author":[{"embeddable":true,"href":"https:\/\/by-tv.co.uk\/en\/wp-json\/wp\/v2\/users\/11"}],"replies":[{"embeddable":true,"href":"https:\/\/by-tv.co.uk\/en\/wp-json\/wp\/v2\/comments?post=36454"}],"version-history":[{"count":1,"href":"https:\/\/by-tv.co.uk\/en\/wp-json\/wp\/v2\/posts\/36454\/revisions"}],"predecessor-version":[{"id":36455,"href":"https:\/\/by-tv.co.uk\/en\/wp-json\/wp\/v2\/posts\/36454\/revisions\/36455"}],"wp:featuredmedia":[{"embeddable":true,"href":"https:\/\/by-tv.co.uk\/en\/wp-json\/wp\/v2\/media\/34437"}],"wp:attachment":[{"href":"https:\/\/by-tv.co.uk\/en\/wp-json\/wp\/v2\/media?parent=36454"}],"wp:term":[{"taxonomy":"category","embeddable":true,"href":"https:\/\/by-tv.co.uk\/en\/wp-json\/wp\/v2\/categories?post=36454"},{"taxonomy":"post_tag","embeddable":true,"href":"https:\/\/by-tv.co.uk\/en\/wp-json\/wp\/v2\/tags?post=36454"}],"curies":[{"name":"wp","href":"https:\/\/api.w.org\/{rel}","templated":true}]}}