{"id":36452,"date":"2026-02-17T09:26:56","date_gmt":"2026-02-17T09:26:56","guid":{"rendered":"https:\/\/by-tv.co.uk\/?p=36452"},"modified":"2026-02-17T09:46:16","modified_gmt":"2026-02-17T09:46:16","slug":"farage-gelecegin-maliye-bakani-olarak-jenricki-atiyor","status":"publish","type":"post","link":"https:\/\/by-tv.co.uk\/en\/farage-gelecegin-maliye-bakani-olarak-jenricki-atiyor\/","title":{"rendered":"Farage Gelece\u011fin Maliye Bakan\u0131 Olarak Jenrick\u2019i At\u0131yor"},"content":{"rendered":"<div id=\"model-response-message-contentr_a9b4285f963bd34a\" class=\"markdown markdown-main-panel enable-updated-hr-color preserve-whitespaces-in-response\" dir=\"ltr\" aria-live=\"off\" aria-busy=\"false\">\n<h4 data-path-to-node=\"1\"><b data-path-to-node=\"1\" data-index-in-node=\"0\">Ekonomi Y\u00f6netimi Jenrick\u2019e Emanet Ediliyor<\/b><\/h4>\n<p data-path-to-node=\"2\"><b data-path-to-node=\"2\" data-index-in-node=\"0\">Nigel Farage<\/b>&#8216;\u0131n, Sal\u0131 g\u00fcn\u00fc a\u00e7\u0131klanacak bir dizi \u00fcst d\u00fczey g\u00f6revlendirme kapsam\u0131nda, eski Muhafazakar Parti bakan\u0131 <b data-path-to-node=\"2\" data-index-in-node=\"114\">Robert Jenrick<\/b>\u2019i potansiyel maliye bakan\u0131 (\u015fans\u00f6lye) olarak duyurmas\u0131 bekleniyor. <i data-path-to-node=\"2\" data-index-in-node=\"196\">The Guardian<\/i>\u2019\u0131n haberine g\u00f6re, yak\u0131n zamanda Muhafazakar Parti\u2019den istifa ederek <b data-path-to-node=\"2\" data-index-in-node=\"277\">Reform UK<\/b> saflar\u0131na kat\u0131lan <b data-path-to-node=\"2\" data-index-in-node=\"305\">Jenrick<\/b>\u2019in bu g\u00f6reve getirilmesi parti i\u00e7inde yank\u0131 uyand\u0131rd\u0131.<\/p>\n<p data-path-to-node=\"3\">Daha \u00f6nce bu koltuk i\u00e7in partinin eski lideri <b data-path-to-node=\"3\" data-index-in-node=\"46\">Richard Tice<\/b>\u2019\u0131n ismi \u00f6n plana \u00e7\u0131k\u0131yordu. Ancak son planlamalara g\u00f6re <b data-path-to-node=\"3\" data-index-in-node=\"115\">Tice<\/b>, i\u015f d\u00fcnyas\u0131, enerji ve sanayi politikalar\u0131ndan sorumlu olacak.<\/p>\n<h4 data-path-to-node=\"4\"><b data-path-to-node=\"4\" data-index-in-node=\"0\">Parti Yap\u0131s\u0131nda K\u00f6kl\u00fc De\u011fi\u015fiklikler Kap\u0131da<\/b><\/h4>\n<p data-path-to-node=\"5\"><b data-path-to-node=\"5\" data-index-in-node=\"0\">Farage<\/b>, bu atamalarla <b data-path-to-node=\"5\" data-index-in-node=\"22\">Reform UK<\/b>\u2019in sadece kendisinden ibaret oldu\u011fu y\u00f6n\u00fcndeki ele\u015ftirileri bertaraf etmeyi hedefliyor. Yap\u0131lan yeni d\u00fczenlemeyle birlikte partinin eski ba\u015fkan\u0131 <b data-path-to-node=\"5\" data-index-in-node=\"176\">Zia Yusuf<\/b>\u2019un, g\u00f6\u00e7 politikalar\u0131ndan da sorumlu olacak \u015fekilde i\u00e7i\u015fleri s\u00f6zc\u00fcl\u00fc\u011f\u00fcne getirilmesi \u00f6ng\u00f6r\u00fcl\u00fcyor.<\/p><div id=\"briti-3499701005\" class=\"briti-icerik\" style=\"margin-top: 5px;margin-bottom: 5px;\"><a href=\"https:\/\/piaryum.com\/services\/\" aria-label=\"piaryum banner\"><img loading=\"lazy\" decoding=\"async\" src=\"https:\/\/by-tv.co.uk\/wp-content\/uploads\/2025\/12\/Gemini_Generated_Image_g5yqr1g5yqr1g5yq.jpg\" alt=\"\"  width=\"2064\" height=\"1152\"   \/><\/a><\/div>\n<p data-path-to-node=\"6\">Ayr\u0131ca, mevcut d\u00f6rt ana devlet makam\u0131na ek olarak be\u015finci bir b\u00fcy\u00fck makam\u0131n daha olu\u015fturulaca\u011f\u0131 belirtiliyor. <b data-path-to-node=\"6\" data-index-in-node=\"110\">Farage<\/b>, yapt\u0131\u011f\u0131 a\u00e7\u0131klamada &#8220;tek adam partisi&#8221; ele\u015ftirilerinden uzakla\u015fma vaktinin geldi\u011fini ve \u00f6nemli alanlar\u0131n sorumlulu\u011funu ba\u015fkalar\u0131n\u0131n \u00fcstlenmesinden memnuniyet duydu\u011funu ifade etti.<\/p>\n<h4 data-path-to-node=\"7\"><b data-path-to-node=\"7\" data-index-in-node=\"0\">Muhafazakar Parti\u2019den Reform UK\u2019e Ge\u00e7i\u015f<\/b><\/h4>\n<p data-path-to-node=\"8\">Ocak ay\u0131nda <b data-path-to-node=\"8\" data-index-in-node=\"12\">Kemi Badenoch<\/b> taraf\u0131ndan g\u00f6revden al\u0131nmas\u0131n\u0131n hemen ard\u0131ndan <b data-path-to-node=\"8\" data-index-in-node=\"73\">Reform UK<\/b>\u2019e kat\u0131lan <b data-path-to-node=\"8\" data-index-in-node=\"93\">Jenrick<\/b>, Muhafazakar Parti\u2019nin \u00fclkenin ihtiya\u00e7 duydu\u011fu radikal de\u011fi\u015fim i\u00e7in yeterli kararl\u0131l\u0131\u011fa sahip olmad\u0131\u011f\u0131n\u0131 savunmu\u015ftu.<\/p>\n<p data-path-to-node=\"9\">Eski konut ve g\u00f6\u00e7 bakan\u0131 olan <b data-path-to-node=\"9\" data-index-in-node=\"30\">Jenrick<\/b>, daha \u00f6nce kendisine bir g\u00f6rev teklif edildi\u011fi iddialar\u0131n\u0131 reddetmi\u015f olsa da, yeni sorumlulu\u011fu hakk\u0131nda &#8220;olduk\u00e7a mutlu&#8221; oldu\u011funu dile getirdi. <b data-path-to-node=\"9\" data-index-in-node=\"181\">Reform UK<\/b>, son anketlerde <b data-path-to-node=\"9\" data-index-in-node=\"207\">\u0130\u015f\u00e7i Partisi<\/b> ile aras\u0131ndaki fark\u0131 korurken, May\u0131s ay\u0131ndaki yerel se\u00e7imler \u00f6ncesinde kadrosunu g\u00fc\u00e7lendirmeye devam ediyor.<\/p>\n<\/div>\n<div id=\"briti-2856159863\" class=\"briti-icerikten-sonra_2\" style=\"margin-top: 25px;margin-bottom: 25px;\"><a href=\"https:\/\/wa.me\/message\/NDZLLIOQT4H3O1\" aria-label=\"bytv reklam banner\"><img loading=\"lazy\" decoding=\"async\" src=\"https:\/\/by-tv.co.uk\/wp-content\/uploads\/2025\/12\/bytv-reklam-banner.jpg\" alt=\"\"  width=\"2376\" height=\"1008\"   \/><\/a><\/div>","protected":false},"excerpt":{"rendered":"<p>Ekonomi Y\u00f6netimi Jenrick\u2019e Emanet Ediliyor Nigel Farage&#8216;\u0131n, Sal\u0131 g\u00fcn\u00fc a\u00e7\u0131klanacak bir dizi \u00fcst d\u00fczey g\u00f6revlendirme kapsam\u0131nda, eski Muhafazakar Parti bakan\u0131 Robert Jenrick\u2019i potansiyel maliye bakan\u0131 (\u015fans\u00f6lye) olarak duyurmas\u0131 bekleniyor. The Guardian\u2019\u0131n haberine g\u00f6re, yak\u0131n zamanda Muhafazakar Parti\u2019den istifa ederek Reform UK saflar\u0131na kat\u0131lan Jenrick\u2019in bu g\u00f6reve getirilmesi parti i\u00e7inde yank\u0131 uyand\u0131rd\u0131. Daha \u00f6nce bu koltuk i\u00e7in partinin eski lideri Richard Tice\u2019\u0131n ismi \u00f6n plana \u00e7\u0131k\u0131yordu. Ancak son planlamalara g\u00f6re Tice, i\u015f d\u00fcnyas\u0131, enerji ve sanayi politikalar\u0131ndan sorumlu olacak. Parti Yap\u0131s\u0131nda K\u00f6kl\u00fc De\u011fi\u015fiklikler Kap\u0131da Farage, bu atamalarla Reform UK\u2019in sadece kendisinden ibaret oldu\u011fu y\u00f6n\u00fcndeki ele\u015ftirileri bertaraf etmeyi hedefliyor. Yap\u0131lan yeni d\u00fczenlemeyle [&hellip;]<\/p>\n","protected":false},"author":11,"featured_media":35398,"comment_status":"open","ping_status":"open","sticky":false,"template":"","format":"standard","meta":{"ngg_post_thumbnail":0,"footnotes":""},"categories":[5269,15],"tags":[],"class_list":["post-36452","post","type-post","status-publish","format-standard","has-post-thumbnail","hentry","category-birlesik-krallik","category-ingiltere"],"_links":{"self":[{"href":"https:\/\/by-tv.co.uk\/en\/wp-json\/wp\/v2\/posts\/36452","targetHints":{"allow":["GET"]}}],"collection":[{"href":"https:\/\/by-tv.co.uk\/en\/wp-json\/wp\/v2\/posts"}],"about":[{"href":"https:\/\/by-tv.co.uk\/en\/wp-json\/wp\/v2\/types\/post"}],"author":[{"embeddable":true,"href":"https:\/\/by-tv.co.uk\/en\/wp-json\/wp\/v2\/users\/11"}],"replies":[{"embeddable":true,"href":"https:\/\/by-tv.co.uk\/en\/wp-json\/wp\/v2\/comments?post=36452"}],"version-history":[{"count":2,"href":"https:\/\/by-tv.co.uk\/en\/wp-json\/wp\/v2\/posts\/36452\/revisions"}],"predecessor-version":[{"id":36456,"href":"https:\/\/by-tv.co.uk\/en\/wp-json\/wp\/v2\/posts\/36452\/revisions\/36456"}],"wp:featuredmedia":[{"embeddable":true,"href":"https:\/\/by-tv.co.uk\/en\/wp-json\/wp\/v2\/media\/35398"}],"wp:attachment":[{"href":"https:\/\/by-tv.co.uk\/en\/wp-json\/wp\/v2\/media?parent=36452"}],"wp:term":[{"taxonomy":"category","embeddable":true,"href":"https:\/\/by-tv.co.uk\/en\/wp-json\/wp\/v2\/categories?post=36452"},{"taxonomy":"post_tag","embeddable":true,"href":"https:\/\/by-tv.co.uk\/en\/wp-json\/wp\/v2\/tags?post=36452"}],"curies":[{"name":"wp","href":"https:\/\/api.w.org\/{rel}","templated":true}]}}