{"id":36407,"date":"2026-02-16T12:00:52","date_gmt":"2026-02-16T12:00:52","guid":{"rendered":"https:\/\/by-tv.co.uk\/?p=36407"},"modified":"2026-02-16T11:44:22","modified_gmt":"2026-02-16T11:44:22","slug":"tuc-ingiltere-merkez-bankasi-faizleri-dusurmeli","status":"publish","type":"post","link":"https:\/\/by-tv.co.uk\/en\/tuc-ingiltere-merkez-bankasi-faizleri-dusurmeli\/","title":{"rendered":"TUC: \u0130ngiltere Merkez Bankas\u0131 Faizleri D\u00fc\u015f\u00fcrmeli"},"content":{"rendered":"<div id=\"model-response-message-contentr_8465af253d39d162\" class=\"markdown markdown-main-panel enable-updated-hr-color\" dir=\"ltr\" aria-live=\"polite\" aria-busy=\"false\">\n<h4 data-path-to-node=\"1\"><b data-path-to-node=\"1\" data-index-in-node=\"0\">TUC\u2019tan Ekonomik B\u00fcy\u00fcme \u00c7a\u011fr\u0131s\u0131<\/b><\/h4>\n<p data-path-to-node=\"2\">\u0130ngiliz \u0130\u015f\u00e7i Sendikalar\u0131 Konfederasyonu (<b data-path-to-node=\"2\" data-index-in-node=\"41\">TUC<\/b>), <b data-path-to-node=\"2\" data-index-in-node=\"47\">\u0130ngiltere Merkez Bankas\u0131<\/b>&#8216;na faiz oranlar\u0131n\u0131 d\u00fc\u015f\u00fcrmesi ve ekonomik b\u00fcy\u00fcmeyi yeniden canland\u0131rmas\u0131 y\u00f6n\u00fcnde \u00e7a\u011fr\u0131da bulundu. Konfederasyon, nakit s\u0131k\u0131nt\u0131s\u0131 \u00e7eken \u0130ngiliz t\u00fcketicilerin uluslararas\u0131 emsallerinin gerisinde kald\u0131\u011f\u0131n\u0131 g\u00f6steren analizlere dikkat \u00e7ekti.<\/p>\n<p data-path-to-node=\"3\"><b data-path-to-node=\"3\" data-index-in-node=\"0\">The Guardian<\/b>\u2019\u0131n haberine g\u00f6re, <b data-path-to-node=\"3\" data-index-in-node=\"31\">\u0130ngiltere Merkez Bankas\u0131 Para Politikas\u0131 Kurulu<\/b>, 2024 ortas\u0131ndan bu yana yap\u0131lan alt\u0131 indirimin ard\u0131ndan bu ay bor\u00e7lanma maliyetlerini sabit tutma karar\u0131 alm\u0131\u015ft\u0131. <b data-path-to-node=\"3\" data-index-in-node=\"194\">5-4<\/b> oyla al\u0131nan bu karar, faiz belirleyicilerin enflasyon konusundaki endi\u015felerinin s\u00fcrd\u00fc\u011f\u00fcn\u00fc g\u00f6steriyor.<\/p>\n<h4 data-path-to-node=\"4\"><b data-path-to-node=\"4\" data-index-in-node=\"0\">T\u00fcketici Harcamalar\u0131nda Gerileme<\/b><\/h4>\n<p data-path-to-node=\"5\"><b data-path-to-node=\"5\" data-index-in-node=\"0\">TUC<\/b> taraf\u0131ndan yap\u0131lan analizler, \u0130ngiltere&#8217;deki hanehalk\u0131 harcamalar\u0131n\u0131n di\u011fer geli\u015fmi\u015f ekonomilere k\u0131yasla daha yava\u015f bir toparlanma sergiledi\u011fini ortaya koydu. Sendika yetkilileri, y\u00fcksek faiz oranlar\u0131n\u0131n yat\u0131r\u0131m ve t\u00fcketim \u00fczerinde bask\u0131 kurmaya devam etti\u011fini savunuyor.<\/p><div id=\"briti-2932144169\" class=\"briti-icerik\" style=\"margin-top: 5px;margin-bottom: 5px;\"><a href=\"https:\/\/piaryum.com\/services\/\" aria-label=\"piaryum banner\"><img loading=\"lazy\" decoding=\"async\" src=\"https:\/\/by-tv.co.uk\/wp-content\/uploads\/2025\/12\/Gemini_Generated_Image_g5yqr1g5yqr1g5yq.jpg\" alt=\"\"  width=\"2064\" height=\"1152\"   \/><\/a><\/div>\n<p data-path-to-node=\"6\">Ekonomi \u00e7evreleri, g\u00fc\u00e7l\u00fc seyreden \u00fccret art\u0131\u015flar\u0131n\u0131n faiz indirimlerini s\u0131n\u0131rlayabilece\u011fi konusunda uyar\u0131larda bulunurken, <b data-path-to-node=\"6\" data-index-in-node=\"123\">TUC<\/b> b\u00fcy\u00fcmenin \u00f6nceliklendirilmesi gerekti\u011fini vurguluyor. <b data-path-to-node=\"6\" data-index-in-node=\"181\">\u0130ngiltere Merkez Bankas\u0131<\/b>\u2019n\u0131n bir sonraki hamlesinin, ekonomik verilerdeki seyire g\u00f6re \u015fekillenmesi bekleniyor.<\/p>\n<\/div>\n<div id=\"briti-2557069697\" class=\"briti-icerikten-sonra_2\" style=\"margin-top: 25px;margin-bottom: 25px;\"><a href=\"https:\/\/wa.me\/message\/NDZLLIOQT4H3O1\" aria-label=\"bytv reklam banner\"><img loading=\"lazy\" decoding=\"async\" src=\"https:\/\/by-tv.co.uk\/wp-content\/uploads\/2025\/12\/bytv-reklam-banner.jpg\" alt=\"\"  width=\"2376\" height=\"1008\"   \/><\/a><\/div>","protected":false},"excerpt":{"rendered":"<p>TUC\u2019tan Ekonomik B\u00fcy\u00fcme \u00c7a\u011fr\u0131s\u0131 \u0130ngiliz \u0130\u015f\u00e7i Sendikalar\u0131 Konfederasyonu (TUC), \u0130ngiltere Merkez Bankas\u0131&#8216;na faiz oranlar\u0131n\u0131 d\u00fc\u015f\u00fcrmesi ve ekonomik b\u00fcy\u00fcmeyi yeniden canland\u0131rmas\u0131 y\u00f6n\u00fcnde \u00e7a\u011fr\u0131da bulundu. Konfederasyon, nakit s\u0131k\u0131nt\u0131s\u0131 \u00e7eken \u0130ngiliz t\u00fcketicilerin uluslararas\u0131 emsallerinin gerisinde kald\u0131\u011f\u0131n\u0131 g\u00f6steren analizlere dikkat \u00e7ekti. The Guardian\u2019\u0131n haberine g\u00f6re, \u0130ngiltere Merkez Bankas\u0131 Para Politikas\u0131 Kurulu, 2024 ortas\u0131ndan bu yana yap\u0131lan alt\u0131 indirimin ard\u0131ndan bu ay bor\u00e7lanma maliyetlerini sabit tutma karar\u0131 alm\u0131\u015ft\u0131. 5-4 oyla al\u0131nan bu karar, faiz belirleyicilerin enflasyon konusundaki endi\u015felerinin s\u00fcrd\u00fc\u011f\u00fcn\u00fc g\u00f6steriyor. T\u00fcketici Harcamalar\u0131nda Gerileme TUC taraf\u0131ndan yap\u0131lan analizler, \u0130ngiltere&#8217;deki hanehalk\u0131 harcamalar\u0131n\u0131n di\u011fer geli\u015fmi\u015f ekonomilere k\u0131yasla daha yava\u015f bir toparlanma sergiledi\u011fini ortaya koydu. Sendika yetkilileri, y\u00fcksek faiz [&hellip;]<\/p>\n","protected":false},"author":11,"featured_media":34125,"comment_status":"open","ping_status":"open","sticky":false,"template":"","format":"standard","meta":{"ngg_post_thumbnail":0,"footnotes":""},"categories":[5269,1272,15],"tags":[],"class_list":["post-36407","post","type-post","status-publish","format-standard","has-post-thumbnail","hentry","category-birlesik-krallik","category-ekonomi","category-ingiltere"],"_links":{"self":[{"href":"https:\/\/by-tv.co.uk\/en\/wp-json\/wp\/v2\/posts\/36407","targetHints":{"allow":["GET"]}}],"collection":[{"href":"https:\/\/by-tv.co.uk\/en\/wp-json\/wp\/v2\/posts"}],"about":[{"href":"https:\/\/by-tv.co.uk\/en\/wp-json\/wp\/v2\/types\/post"}],"author":[{"embeddable":true,"href":"https:\/\/by-tv.co.uk\/en\/wp-json\/wp\/v2\/users\/11"}],"replies":[{"embeddable":true,"href":"https:\/\/by-tv.co.uk\/en\/wp-json\/wp\/v2\/comments?post=36407"}],"version-history":[{"count":2,"href":"https:\/\/by-tv.co.uk\/en\/wp-json\/wp\/v2\/posts\/36407\/revisions"}],"predecessor-version":[{"id":36409,"href":"https:\/\/by-tv.co.uk\/en\/wp-json\/wp\/v2\/posts\/36407\/revisions\/36409"}],"wp:featuredmedia":[{"embeddable":true,"href":"https:\/\/by-tv.co.uk\/en\/wp-json\/wp\/v2\/media\/34125"}],"wp:attachment":[{"href":"https:\/\/by-tv.co.uk\/en\/wp-json\/wp\/v2\/media?parent=36407"}],"wp:term":[{"taxonomy":"category","embeddable":true,"href":"https:\/\/by-tv.co.uk\/en\/wp-json\/wp\/v2\/categories?post=36407"},{"taxonomy":"post_tag","embeddable":true,"href":"https:\/\/by-tv.co.uk\/en\/wp-json\/wp\/v2\/tags?post=36407"}],"curies":[{"name":"wp","href":"https:\/\/api.w.org\/{rel}","templated":true}]}}