{"id":36404,"date":"2026-02-16T11:42:12","date_gmt":"2026-02-16T11:42:12","guid":{"rendered":"https:\/\/by-tv.co.uk\/?p=36404"},"modified":"2026-02-16T11:42:12","modified_gmt":"2026-02-16T11:42:12","slug":"lloyds-banka-verilerini-inceleme-karari-aldi","status":"publish","type":"post","link":"https:\/\/by-tv.co.uk\/en\/lloyds-banka-verilerini-inceleme-karari-aldi\/","title":{"rendered":"Lloyds Banka Verilerini \u0130nceleme Karar\u0131 Ald\u0131"},"content":{"rendered":"<div id=\"model-response-message-contentr_d1aa2a1ccfc1bb94\" class=\"markdown markdown-main-panel enable-updated-hr-color\" dir=\"ltr\" aria-live=\"polite\" aria-busy=\"false\">\n<h4 data-path-to-node=\"1\"><b data-path-to-node=\"1\" data-index-in-node=\"0\">Banka y\u00f6netiminden geri ad\u0131m<\/b><\/h4>\n<p data-path-to-node=\"2\"><b data-path-to-node=\"2\" data-index-in-node=\"0\">Lloyds Banking Group<\/b> CEO&#8217;su <b data-path-to-node=\"2\" data-index-in-node=\"28\">Charlie Nunn<\/b>, ge\u00e7ti\u011fimiz y\u0131l sendikalarla y\u00fcr\u00fct\u00fclen \u00fccret pazarl\u0131klar\u0131 s\u0131ras\u0131nda banka \u00e7al\u0131\u015fanlar\u0131n\u0131n ki\u015fisel hesap verilerinin kullan\u0131lmas\u0131na ili\u015fkin tart\u0131\u015fmal\u0131 karar hakk\u0131nda soru\u015fturma ba\u015flat\u0131ld\u0131\u011f\u0131n\u0131 a\u00e7\u0131klad\u0131.<\/p>\n<p data-path-to-node=\"3\"><b data-path-to-node=\"3\" data-index-in-node=\"0\">The Guardian<\/b>&#8216;\u0131n haberine g\u00f6re, \u015eubat ay\u0131 ba\u015f\u0131nda yakla\u015f\u0131k <b data-path-to-node=\"3\" data-index-in-node=\"58\">64 bin<\/b> \u00e7al\u0131\u015fan\u0131n kat\u0131l\u0131m\u0131na a\u00e7\u0131k olarak d\u00fczenlenen toplant\u0131da konu\u015fan <b data-path-to-node=\"3\" data-index-in-node=\"128\">Nunn<\/b>, bu uygulaman\u0131n \u00e7al\u0131\u015fanlar aras\u0131nda ciddi bir endi\u015fe yaratt\u0131\u011f\u0131n\u0131 kabul etti. CEO, y\u00f6netimin bu tepkilere kesinlikle kulak verdi\u011fini belirterek personeli teskin etmeye \u00e7al\u0131\u015ft\u0131.<\/p>\n<h4 data-path-to-node=\"4\"><b data-path-to-node=\"4\" data-index-in-node=\"0\">Veri kullan\u0131m\u0131 tart\u0131\u015fma yaratm\u0131\u015ft\u0131<\/b><\/h4>\n<p data-path-to-node=\"5\">Banka y\u00f6netiminin, \u00e7al\u0131\u015fanlar\u0131n harcama al\u0131\u015fkanl\u0131klar\u0131n\u0131 ve mali durumlar\u0131n\u0131 pazarl\u0131k masas\u0131nda bir arg\u00fcman olarak kullanmas\u0131, sendikalar ve denetleyici kurumlar taraf\u0131ndan tepkiyle kar\u015f\u0131lanm\u0131\u015ft\u0131. \u00d6zellikle mahremiyet ihlali ve verilerin k\u00f6t\u00fcye kullan\u0131m\u0131 konular\u0131nda yo\u011fun ele\u015ftiriler alan banka, veri koruma otoritelerinin de radar\u0131na girmi\u015fti.<\/p><div id=\"briti-2796739791\" class=\"briti-icerik\" style=\"margin-top: 5px;margin-bottom: 5px;\"><a href=\"https:\/\/piaryum.com\/services\/\" aria-label=\"piaryum banner\"><img loading=\"lazy\" decoding=\"async\" src=\"https:\/\/by-tv.co.uk\/wp-content\/uploads\/2025\/12\/Gemini_Generated_Image_g5yqr1g5yqr1g5yq.jpg\" alt=\"\"  width=\"2064\" height=\"1152\"   \/><\/a><\/div>\n<p data-path-to-node=\"6\">Soru\u015fturma s\u00fcreci devam ederken, banka b\u00fcnyesinde veri g\u00fcvenli\u011fi ve etik standartlar\u0131n yeniden g\u00f6zden ge\u00e7irilmesi bekleniyor. Sekt\u00f6r temsilcileri, bu incelemenin sonu\u00e7lar\u0131n\u0131n bankac\u0131l\u0131k d\u00fcnyas\u0131ndaki \u00e7al\u0131\u015fan mahremiyeti standartlar\u0131 a\u00e7\u0131s\u0131ndan emsal te\u015fkil edebilece\u011fini belirtiyor.<\/p>\n<h4 data-path-to-node=\"7\"><b data-path-to-node=\"7\" data-index-in-node=\"0\">Gelecek d\u00f6neme y\u00f6nelik mesajlar<\/b><\/h4>\n<p data-path-to-node=\"8\">CEO <b data-path-to-node=\"8\" data-index-in-node=\"4\">Charlie Nunn<\/b>, bankan\u0131n teknolojik d\u00f6n\u00fc\u015f\u00fcm s\u00fcrecinde oldu\u011funu vurgulayarak, \u00e7al\u0131\u015fanlar\u0131n bu s\u00fcre\u00e7te kendilerini yenilemeleri gerekti\u011fini de hat\u0131rlatt\u0131. Ancak mali verilerin pazarl\u0131k s\u00fcre\u00e7lerine dahil edilmesinin yaratt\u0131\u011f\u0131 g\u00fcven kayb\u0131n\u0131n nas\u0131l onar\u0131laca\u011f\u0131, soru\u015fturma sonras\u0131 at\u0131lacak somut ad\u0131mlara ba\u011fl\u0131 g\u00f6r\u00fcn\u00fcyor.<\/p>\n<p data-path-to-node=\"9\"><b data-path-to-node=\"9\" data-index-in-node=\"0\">Lloyds<\/b>, ge\u00e7ti\u011fimiz y\u0131l boyunca Birle\u015fik Krall\u0131k genelinde \u00e7ok say\u0131da \u015fubesini kapatma karar\u0131 alm\u0131\u015f ve baz\u0131 departmanlarda performans temelli tensisat planlar\u0131n\u0131 g\u00fcndeme getirmi\u015fti. Bu son geli\u015fme, banka y\u00f6netimi ile \u00e7al\u0131\u015fanlar aras\u0131ndaki gerilimi daha da t\u0131rmand\u0131rm\u0131\u015f durumda.<\/p>\n<\/div>\n<div id=\"briti-3015556402\" class=\"briti-icerikten-sonra_2\" style=\"margin-top: 25px;margin-bottom: 25px;\"><a href=\"https:\/\/wa.me\/message\/NDZLLIOQT4H3O1\" aria-label=\"bytv reklam banner\"><img loading=\"lazy\" decoding=\"async\" src=\"https:\/\/by-tv.co.uk\/wp-content\/uploads\/2025\/12\/bytv-reklam-banner.jpg\" alt=\"\"  width=\"2376\" height=\"1008\"   \/><\/a><\/div>","protected":false},"excerpt":{"rendered":"<p>Banka y\u00f6netiminden geri ad\u0131m Lloyds Banking Group CEO&#8217;su Charlie Nunn, ge\u00e7ti\u011fimiz y\u0131l sendikalarla y\u00fcr\u00fct\u00fclen \u00fccret pazarl\u0131klar\u0131 s\u0131ras\u0131nda banka \u00e7al\u0131\u015fanlar\u0131n\u0131n ki\u015fisel hesap verilerinin kullan\u0131lmas\u0131na ili\u015fkin tart\u0131\u015fmal\u0131 karar hakk\u0131nda soru\u015fturma ba\u015flat\u0131ld\u0131\u011f\u0131n\u0131 a\u00e7\u0131klad\u0131. The Guardian&#8216;\u0131n haberine g\u00f6re, \u015eubat ay\u0131 ba\u015f\u0131nda yakla\u015f\u0131k 64 bin \u00e7al\u0131\u015fan\u0131n kat\u0131l\u0131m\u0131na a\u00e7\u0131k olarak d\u00fczenlenen toplant\u0131da konu\u015fan Nunn, bu uygulaman\u0131n \u00e7al\u0131\u015fanlar aras\u0131nda ciddi bir endi\u015fe yaratt\u0131\u011f\u0131n\u0131 kabul etti. CEO, y\u00f6netimin bu tepkilere kesinlikle kulak verdi\u011fini belirterek personeli teskin etmeye \u00e7al\u0131\u015ft\u0131. Veri kullan\u0131m\u0131 tart\u0131\u015fma yaratm\u0131\u015ft\u0131 Banka y\u00f6netiminin, \u00e7al\u0131\u015fanlar\u0131n harcama al\u0131\u015fkanl\u0131klar\u0131n\u0131 ve mali durumlar\u0131n\u0131 pazarl\u0131k masas\u0131nda bir arg\u00fcman olarak kullanmas\u0131, sendikalar ve denetleyici kurumlar taraf\u0131ndan tepkiyle kar\u015f\u0131lanm\u0131\u015ft\u0131. \u00d6zellikle mahremiyet ihlali ve verilerin [&hellip;]<\/p>\n","protected":false},"author":11,"featured_media":10642,"comment_status":"open","ping_status":"open","sticky":false,"template":"","format":"standard","meta":{"ngg_post_thumbnail":0,"footnotes":""},"categories":[5269,15],"tags":[],"class_list":["post-36404","post","type-post","status-publish","format-standard","has-post-thumbnail","hentry","category-birlesik-krallik","category-ingiltere"],"_links":{"self":[{"href":"https:\/\/by-tv.co.uk\/en\/wp-json\/wp\/v2\/posts\/36404","targetHints":{"allow":["GET"]}}],"collection":[{"href":"https:\/\/by-tv.co.uk\/en\/wp-json\/wp\/v2\/posts"}],"about":[{"href":"https:\/\/by-tv.co.uk\/en\/wp-json\/wp\/v2\/types\/post"}],"author":[{"embeddable":true,"href":"https:\/\/by-tv.co.uk\/en\/wp-json\/wp\/v2\/users\/11"}],"replies":[{"embeddable":true,"href":"https:\/\/by-tv.co.uk\/en\/wp-json\/wp\/v2\/comments?post=36404"}],"version-history":[{"count":2,"href":"https:\/\/by-tv.co.uk\/en\/wp-json\/wp\/v2\/posts\/36404\/revisions"}],"predecessor-version":[{"id":36406,"href":"https:\/\/by-tv.co.uk\/en\/wp-json\/wp\/v2\/posts\/36404\/revisions\/36406"}],"wp:featuredmedia":[{"embeddable":true,"href":"https:\/\/by-tv.co.uk\/en\/wp-json\/wp\/v2\/media\/10642"}],"wp:attachment":[{"href":"https:\/\/by-tv.co.uk\/en\/wp-json\/wp\/v2\/media?parent=36404"}],"wp:term":[{"taxonomy":"category","embeddable":true,"href":"https:\/\/by-tv.co.uk\/en\/wp-json\/wp\/v2\/categories?post=36404"},{"taxonomy":"post_tag","embeddable":true,"href":"https:\/\/by-tv.co.uk\/en\/wp-json\/wp\/v2\/tags?post=36404"}],"curies":[{"name":"wp","href":"https:\/\/api.w.org\/{rel}","templated":true}]}}