{"id":36331,"date":"2026-02-13T09:28:28","date_gmt":"2026-02-13T09:28:28","guid":{"rendered":"https:\/\/by-tv.co.uk\/?p=36331"},"modified":"2026-02-13T09:28:28","modified_gmt":"2026-02-13T09:28:28","slug":"reevese-kamu-maliyesi-ve-send-harcamalari-icin-baski","status":"publish","type":"post","link":"https:\/\/by-tv.co.uk\/en\/reevese-kamu-maliyesi-ve-send-harcamalari-icin-baski\/","title":{"rendered":"Reeves&#8217;e Kamu Maliyesi ve Send Harcamalar\u0131 \u0130\u00e7in Bask\u0131"},"content":{"rendered":"<div id=\"model-response-message-contentr_77e683c9f9ebbd9a\" class=\"markdown markdown-main-panel enable-updated-hr-color\" dir=\"ltr\" aria-live=\"polite\" aria-busy=\"false\">\n<h4 data-path-to-node=\"1\"><b data-path-to-node=\"1\" data-index-in-node=\"0\">B\u00fct\u00e7e Beklentileri ve Artan Maliyetler<\/b><\/h4>\n<p data-path-to-node=\"2\">\u0130ngiltere Maliye Bakan\u0131 <b data-path-to-node=\"2\" data-index-in-node=\"24\">Rachel Reeves<\/b>, \u00f6zel e\u011fitim ihtiya\u00e7lar\u0131 ve engellilik (Send) harcamalar\u0131ndaki art\u0131\u015f\u0131n kamu maliyesi \u00fczerinde olu\u015fturdu\u011fu bask\u0131 nedeniyle milletvekillerini ikna etmeye \u00e7a\u011fr\u0131l\u0131yor. Analistler, bu maliyetlerin h\u00fck\u00fcmetin finansal tamponunda ciddi bir delik a\u00e7abilece\u011fi konusunda uyar\u0131yor.<\/p>\n<p data-path-to-node=\"3\"><b data-path-to-node=\"3\" data-index-in-node=\"0\">The Guardian<\/b>&#8216;\u0131n haberine g\u00f6re, <b data-path-to-node=\"3\" data-index-in-node=\"31\">Avam Kamaras\u0131 Hazine Komitesi<\/b> Ba\u015fkan\u0131 <b data-path-to-node=\"3\" data-index-in-node=\"69\">Meg Hillier<\/b>, y\u0131ll\u0131k <b data-path-to-node=\"3\" data-index-in-node=\"89\">6 milyar sterlin<\/b> tutar\u0131ndaki faturan\u0131n uzun vadeli planlamas\u0131n\u0131n netle\u015ftirilmesi gerekti\u011fini belirtti. On y\u0131l\u0131n sonunda bu harcamalar\u0131n nas\u0131l muhasebele\u015ftirilece\u011fine dair belirsizlik, piyasa yat\u0131r\u0131mc\u0131lar\u0131 aras\u0131nda da endi\u015fe yarat\u0131yor.<\/p>\n<h4 data-path-to-node=\"4\"><b data-path-to-node=\"4\" data-index-in-node=\"0\">Piyasa Analistlerinden Kritik Uyar\u0131<\/b><\/h4>\n<p data-path-to-node=\"5\">\u015eehir analistleri, Send maliyetlerinin b\u00fct\u00e7e fazlas\u0131ndan d\u00fc\u015f\u00fclmesi durumunda finansal piyasalardaki yat\u0131r\u0131mc\u0131lar\u0131n tedirgin olabilece\u011fini vurguluyor. Bu durumun, h\u00fck\u00fcmetin bor\u00e7lanma maliyetlerini ve genel ekonomik istikrar\u0131n\u0131 etkileme riski bulunuyor.<\/p><div id=\"briti-646716423\" class=\"briti-icerik\" style=\"margin-top: 5px;margin-bottom: 5px;\"><a href=\"https:\/\/piaryum.com\/services\/\" aria-label=\"piaryum banner\"><img loading=\"lazy\" decoding=\"async\" src=\"https:\/\/by-tv.co.uk\/wp-content\/uploads\/2025\/12\/Gemini_Generated_Image_g5yqr1g5yqr1g5yq.jpg\" alt=\"\"  width=\"2064\" height=\"1152\"   \/><\/a><\/div>\n<p data-path-to-node=\"6\"><b data-path-to-node=\"6\" data-index-in-node=\"0\">Meg Hillier<\/b>, \u015feffafl\u0131k vurgusu yaparak Bakan <b data-path-to-node=\"6\" data-index-in-node=\"45\">Reeves<\/b>&#8216;in bu s\u00fcreci nas\u0131l y\u00f6netece\u011fini bir an \u00f6nce a\u00e7\u0131klamas\u0131n\u0131n kamu g\u00fcveni a\u00e7\u0131s\u0131ndan kritik oldu\u011funu ifade etti.<\/p>\n<\/div>\n<div id=\"briti-3125603535\" class=\"briti-icerikten-sonra_2\" style=\"margin-top: 25px;margin-bottom: 25px;\"><a href=\"https:\/\/wa.me\/message\/NDZLLIOQT4H3O1\" aria-label=\"bytv reklam banner\"><img loading=\"lazy\" decoding=\"async\" src=\"https:\/\/by-tv.co.uk\/wp-content\/uploads\/2025\/12\/bytv-reklam-banner.jpg\" alt=\"\"  width=\"2376\" height=\"1008\"   \/><\/a><\/div>","protected":false},"excerpt":{"rendered":"<p>B\u00fct\u00e7e Beklentileri ve Artan Maliyetler \u0130ngiltere Maliye Bakan\u0131 Rachel Reeves, \u00f6zel e\u011fitim ihtiya\u00e7lar\u0131 ve engellilik (Send) harcamalar\u0131ndaki art\u0131\u015f\u0131n kamu maliyesi \u00fczerinde olu\u015fturdu\u011fu bask\u0131 nedeniyle milletvekillerini ikna etmeye \u00e7a\u011fr\u0131l\u0131yor. Analistler, bu maliyetlerin h\u00fck\u00fcmetin finansal tamponunda ciddi bir delik a\u00e7abilece\u011fi konusunda uyar\u0131yor. The Guardian&#8216;\u0131n haberine g\u00f6re, Avam Kamaras\u0131 Hazine Komitesi Ba\u015fkan\u0131 Meg Hillier, y\u0131ll\u0131k 6 milyar sterlin tutar\u0131ndaki faturan\u0131n uzun vadeli planlamas\u0131n\u0131n netle\u015ftirilmesi gerekti\u011fini belirtti. On y\u0131l\u0131n sonunda bu harcamalar\u0131n nas\u0131l muhasebele\u015ftirilece\u011fine dair belirsizlik, piyasa yat\u0131r\u0131mc\u0131lar\u0131 aras\u0131nda da endi\u015fe yarat\u0131yor. Piyasa Analistlerinden Kritik Uyar\u0131 \u015eehir analistleri, Send maliyetlerinin b\u00fct\u00e7e fazlas\u0131ndan d\u00fc\u015f\u00fclmesi durumunda finansal piyasalardaki yat\u0131r\u0131mc\u0131lar\u0131n tedirgin olabilece\u011fini vurguluyor. Bu durumun, h\u00fck\u00fcmetin bor\u00e7lanma [&hellip;]<\/p>\n","protected":false},"author":11,"featured_media":34474,"comment_status":"open","ping_status":"open","sticky":false,"template":"","format":"standard","meta":{"ngg_post_thumbnail":0,"footnotes":""},"categories":[5269,1272],"tags":[],"class_list":["post-36331","post","type-post","status-publish","format-standard","has-post-thumbnail","hentry","category-birlesik-krallik","category-ekonomi"],"_links":{"self":[{"href":"https:\/\/by-tv.co.uk\/en\/wp-json\/wp\/v2\/posts\/36331","targetHints":{"allow":["GET"]}}],"collection":[{"href":"https:\/\/by-tv.co.uk\/en\/wp-json\/wp\/v2\/posts"}],"about":[{"href":"https:\/\/by-tv.co.uk\/en\/wp-json\/wp\/v2\/types\/post"}],"author":[{"embeddable":true,"href":"https:\/\/by-tv.co.uk\/en\/wp-json\/wp\/v2\/users\/11"}],"replies":[{"embeddable":true,"href":"https:\/\/by-tv.co.uk\/en\/wp-json\/wp\/v2\/comments?post=36331"}],"version-history":[{"count":2,"href":"https:\/\/by-tv.co.uk\/en\/wp-json\/wp\/v2\/posts\/36331\/revisions"}],"predecessor-version":[{"id":36333,"href":"https:\/\/by-tv.co.uk\/en\/wp-json\/wp\/v2\/posts\/36331\/revisions\/36333"}],"wp:featuredmedia":[{"embeddable":true,"href":"https:\/\/by-tv.co.uk\/en\/wp-json\/wp\/v2\/media\/34474"}],"wp:attachment":[{"href":"https:\/\/by-tv.co.uk\/en\/wp-json\/wp\/v2\/media?parent=36331"}],"wp:term":[{"taxonomy":"category","embeddable":true,"href":"https:\/\/by-tv.co.uk\/en\/wp-json\/wp\/v2\/categories?post=36331"},{"taxonomy":"post_tag","embeddable":true,"href":"https:\/\/by-tv.co.uk\/en\/wp-json\/wp\/v2\/tags?post=36331"}],"curies":[{"name":"wp","href":"https:\/\/api.w.org\/{rel}","templated":true}]}}