{"id":36329,"date":"2026-02-13T08:25:52","date_gmt":"2026-02-13T08:25:52","guid":{"rendered":"https:\/\/by-tv.co.uk\/?p=36329"},"modified":"2026-02-13T09:28:55","modified_gmt":"2026-02-13T09:28:55","slug":"birlesik-krallikta-arktik-soguk-alarmi-kar-ve-buz-kapida","status":"publish","type":"post","link":"https:\/\/by-tv.co.uk\/en\/birlesik-krallikta-arktik-soguk-alarmi-kar-ve-buz-kapida\/","title":{"rendered":"Birle\u015fik Krall\u0131k\u2019ta Arktik So\u011fuk Alarm\u0131: Kar ve Buz Kap\u0131da"},"content":{"rendered":"<div id=\"model-response-message-contentr_8710438eed699092\" class=\"markdown markdown-main-panel enable-updated-hr-color\" dir=\"ltr\" aria-live=\"polite\" aria-busy=\"false\">\n<h4 data-path-to-node=\"2\"><b data-path-to-node=\"2\" data-index-in-node=\"0\">Kutup Havas\u0131 Ada Genelinde S\u0131cakl\u0131klar\u0131 D\u00fc\u015f\u00fcr\u00fcyor<\/b><\/h4>\n<p data-path-to-node=\"3\">Birle\u015fik Krall\u0131k, haftalarca s\u00fcren rekor d\u00fczeydeki nemli ve kasvetli havan\u0131n ard\u0131ndan keskin bir de\u011fi\u015fimle kar\u015f\u0131 kar\u015f\u0131ya kal\u0131yor. Kuzeyden gelen <b data-path-to-node=\"3\" data-index-in-node=\"145\">Arktik hava k\u00fctlesi<\/b>, \u00fclke genelinde s\u0131cakl\u0131klar\u0131n h\u0131zla d\u00fc\u015fmesine ve \u015eubat ay\u0131n\u0131n ilk yayg\u0131n don olaylar\u0131n\u0131n ya\u015fanmas\u0131na neden oluyor.<\/p>\n<p data-path-to-node=\"4\"><b data-path-to-node=\"4\" data-index-in-node=\"0\">BBC Weather<\/b> taraf\u0131ndan aktar\u0131lan bilgilere g\u00f6re, cuma g\u00fcn\u00fc dondurucu so\u011fuklar t\u00fcm \u00fclkede hissedilecek ve gece saatlerinde s\u0131cakl\u0131klar s\u0131f\u0131r\u0131n alt\u0131na inecek. Bu durum, \u00f6zellikle y\u00fcksek kesimlerde ula\u015f\u0131m\u0131 olumsuz etkileyecek dondurucu ko\u015fullar\u0131 beraberinde getirecek.<\/p>\n<h4 data-path-to-node=\"5\"><b data-path-to-node=\"5\" data-index-in-node=\"0\">Sar\u0131 Alarm: Kar ve Buz Ula\u015f\u0131m\u0131 Tehdit Ediyor<\/b><\/h4>\n<p data-path-to-node=\"6\"><b data-path-to-node=\"6\" data-index-in-node=\"0\">Met Office<\/b>, \u0130sko\u00e7ya, Kuzey \u0130ngiltere ve Midlands\u2019\u0131n kuzeyi i\u00e7in iki ayr\u0131 sar\u0131 hava uyar\u0131s\u0131 yay\u0131nlad\u0131. \u0130sko\u00e7ya\u2019da y\u00fcksek b\u00f6lgelerde kar kal\u0131nl\u0131\u011f\u0131n\u0131n <b data-path-to-node=\"6\" data-index-in-node=\"148\">10 santimetreye<\/b> ula\u015fabilece\u011fi belirtilirken, al\u00e7ak kesimlerde de birka\u00e7 santimetrelik kar birikintisi bekleniyor.<\/p><div id=\"briti-1480278611\" class=\"briti-icerik\" style=\"margin-top: 5px;margin-bottom: 5px;\"><a href=\"https:\/\/piaryum.com\/services\/\" aria-label=\"piaryum banner\"><img loading=\"lazy\" decoding=\"async\" src=\"https:\/\/by-tv.co.uk\/wp-content\/uploads\/2025\/12\/Gemini_Generated_Image_g5yqr1g5yqr1g5yq.jpg\" alt=\"\"  width=\"2064\" height=\"1152\"   \/><\/a><\/div>\n<p data-path-to-node=\"7\">Yetkililer, tuzlama \u00e7al\u0131\u015fmas\u0131 yap\u0131lmam\u0131\u015f yollarda ve kald\u0131r\u0131mlarda buzlanma riskine kar\u015f\u0131 halk\u0131 uyard\u0131. \u00d6zellikle <b data-path-to-node=\"7\" data-index-in-node=\"114\">Pennines<\/b>, <b data-path-to-node=\"7\" data-index-in-node=\"124\">Derbyshire<\/b> ve <b data-path-to-node=\"7\" data-index-in-node=\"138\">Cumbria<\/b> g\u00fczerg\u00e2hlar\u0131nda seyahat edecek olanlar\u0131n aksamalara kar\u015f\u0131 haz\u0131rl\u0131kl\u0131 olmas\u0131 isteniyor.<\/p>\n<h4 data-path-to-node=\"8\"><b data-path-to-node=\"8\" data-index-in-node=\"0\">Sa\u011fl\u0131k ve Sosyal Bak\u0131m Hizmetleri \u0130\u00e7in Uyar\u0131<\/b><\/h4>\n<p data-path-to-node=\"9\">Birle\u015fik Krall\u0131k Sa\u011fl\u0131k G\u00fcvenli\u011fi Ajans\u0131 (<b data-path-to-node=\"9\" data-index-in-node=\"42\">UKHSA<\/b>), dondurucu so\u011fuklar nedeniyle kuzey b\u00f6lgeleri ve Midlands i\u00e7in pazartesi sabah\u0131na kadar ge\u00e7erli olacak bir <b data-path-to-node=\"9\" data-index-in-node=\"156\">sar\u0131 sa\u011fl\u0131k uyar\u0131s\u0131<\/b> yay\u0131nlad\u0131.<\/p>\n<p data-path-to-node=\"10\">Yap\u0131lan a\u00e7\u0131klamada, a\u015f\u0131r\u0131 so\u011fuklar\u0131n sa\u011fl\u0131k hizmetleri \u00fczerinde bask\u0131 olu\u015fturabilece\u011fi ve \u00f6zellikle savunmas\u0131z durumdaki ki\u015filer i\u00e7in hayati risk ta\u015f\u0131yabilece\u011fi vurguland\u0131. S\u0131cakl\u0131klar\u0131n hafta sonu boyunca mevsim normallerinin alt\u0131nda seyretmesi, sal\u0131 g\u00fcn\u00fcnden itibaren ise <b data-path-to-node=\"10\" data-index-in-node=\"274\">2-5\u00b0C<\/b> seviyelerine d\u00f6nmesi \u00f6ng\u00f6r\u00fcl\u00fcyor.<\/p>\n<h4 data-path-to-node=\"11\"><b data-path-to-node=\"11\" data-index-in-node=\"0\">Hafta Sonu G\u00fcne\u015fi ve Devam Eden Sel Riski<\/b><\/h4>\n<p data-path-to-node=\"12\">Cumartesi g\u00fcn\u00fc, y\u00fcksek bas\u0131n\u00e7 sisteminin etkisiyle Birle\u015fik Krall\u0131k\u2019\u0131n b\u00fcy\u00fck b\u00f6l\u00fcm\u00fcnde \u015eubat ay\u0131n\u0131n \u015fimdiye kadarki en g\u00fcne\u015fli g\u00fcn\u00fc ya\u015fanacak. Ancak bu g\u00fcne\u015fli hava pazar g\u00fcn\u00fc yerini yeniden geni\u015f \u00e7apl\u0131 bir kar ya\u011f\u0131\u015f\u0131 riskine b\u0131rakacak.<\/p>\n<p data-path-to-node=\"13\">\u00d6te yandan, <b data-path-to-node=\"13\" data-index-in-node=\"12\">\u00c7evre Ajans\u0131<\/b> \u0130ngiltere genelinde <b data-path-to-node=\"13\" data-index-in-node=\"45\">75 sel uyar\u0131s\u0131n\u0131n<\/b> h\u00e2l\u00e2 y\u00fcr\u00fcrl\u00fckte oldu\u011funu bildirdi. \u00d6zellikle <b data-path-to-node=\"13\" data-index-in-node=\"108\">Dorset<\/b>, <b data-path-to-node=\"13\" data-index-in-node=\"116\">Wiltshire<\/b> ve <b data-path-to-node=\"13\" data-index-in-node=\"129\">Hampshire<\/b> gibi g\u00fcney b\u00f6lgelerinde yeralt\u0131 sular\u0131ndan kaynakl\u0131 sel riskinin devam etti\u011fi ifade edildi.<\/p>\n<\/div>\n<div id=\"briti-1926961669\" class=\"briti-icerikten-sonra_2\" style=\"margin-top: 25px;margin-bottom: 25px;\"><a href=\"https:\/\/wa.me\/message\/NDZLLIOQT4H3O1\" aria-label=\"bytv reklam banner\"><img loading=\"lazy\" decoding=\"async\" src=\"https:\/\/by-tv.co.uk\/wp-content\/uploads\/2025\/12\/bytv-reklam-banner.jpg\" alt=\"\"  width=\"2376\" height=\"1008\"   \/><\/a><\/div>","protected":false},"excerpt":{"rendered":"<p>Kutup Havas\u0131 Ada Genelinde S\u0131cakl\u0131klar\u0131 D\u00fc\u015f\u00fcr\u00fcyor Birle\u015fik Krall\u0131k, haftalarca s\u00fcren rekor d\u00fczeydeki nemli ve kasvetli havan\u0131n ard\u0131ndan keskin bir de\u011fi\u015fimle kar\u015f\u0131 kar\u015f\u0131ya kal\u0131yor. Kuzeyden gelen Arktik hava k\u00fctlesi, \u00fclke genelinde s\u0131cakl\u0131klar\u0131n h\u0131zla d\u00fc\u015fmesine ve \u015eubat ay\u0131n\u0131n ilk yayg\u0131n don olaylar\u0131n\u0131n ya\u015fanmas\u0131na neden oluyor. BBC Weather taraf\u0131ndan aktar\u0131lan bilgilere g\u00f6re, cuma g\u00fcn\u00fc dondurucu so\u011fuklar t\u00fcm \u00fclkede hissedilecek ve gece saatlerinde s\u0131cakl\u0131klar s\u0131f\u0131r\u0131n alt\u0131na inecek. Bu durum, \u00f6zellikle y\u00fcksek kesimlerde ula\u015f\u0131m\u0131 olumsuz etkileyecek dondurucu ko\u015fullar\u0131 beraberinde getirecek. Sar\u0131 Alarm: Kar ve Buz Ula\u015f\u0131m\u0131 Tehdit Ediyor Met Office, \u0130sko\u00e7ya, Kuzey \u0130ngiltere ve Midlands\u2019\u0131n kuzeyi i\u00e7in iki ayr\u0131 sar\u0131 hava uyar\u0131s\u0131 yay\u0131nlad\u0131. \u0130sko\u00e7ya\u2019da y\u00fcksek [&hellip;]<\/p>\n","protected":false},"author":11,"featured_media":34840,"comment_status":"open","ping_status":"open","sticky":false,"template":"","format":"standard","meta":{"ngg_post_thumbnail":0,"footnotes":""},"categories":[5269,5377,15],"tags":[],"class_list":["post-36329","post","type-post","status-publish","format-standard","has-post-thumbnail","hentry","category-birlesik-krallik","category-hava-durumu","category-ingiltere"],"_links":{"self":[{"href":"https:\/\/by-tv.co.uk\/en\/wp-json\/wp\/v2\/posts\/36329","targetHints":{"allow":["GET"]}}],"collection":[{"href":"https:\/\/by-tv.co.uk\/en\/wp-json\/wp\/v2\/posts"}],"about":[{"href":"https:\/\/by-tv.co.uk\/en\/wp-json\/wp\/v2\/types\/post"}],"author":[{"embeddable":true,"href":"https:\/\/by-tv.co.uk\/en\/wp-json\/wp\/v2\/users\/11"}],"replies":[{"embeddable":true,"href":"https:\/\/by-tv.co.uk\/en\/wp-json\/wp\/v2\/comments?post=36329"}],"version-history":[{"count":1,"href":"https:\/\/by-tv.co.uk\/en\/wp-json\/wp\/v2\/posts\/36329\/revisions"}],"predecessor-version":[{"id":36330,"href":"https:\/\/by-tv.co.uk\/en\/wp-json\/wp\/v2\/posts\/36329\/revisions\/36330"}],"wp:featuredmedia":[{"embeddable":true,"href":"https:\/\/by-tv.co.uk\/en\/wp-json\/wp\/v2\/media\/34840"}],"wp:attachment":[{"href":"https:\/\/by-tv.co.uk\/en\/wp-json\/wp\/v2\/media?parent=36329"}],"wp:term":[{"taxonomy":"category","embeddable":true,"href":"https:\/\/by-tv.co.uk\/en\/wp-json\/wp\/v2\/categories?post=36329"},{"taxonomy":"post_tag","embeddable":true,"href":"https:\/\/by-tv.co.uk\/en\/wp-json\/wp\/v2\/tags?post=36329"}],"curies":[{"name":"wp","href":"https:\/\/api.w.org\/{rel}","templated":true}]}}