{"id":36314,"date":"2026-02-12T13:11:08","date_gmt":"2026-02-12T13:11:08","guid":{"rendered":"https:\/\/by-tv.co.uk\/?p=36314"},"modified":"2026-02-12T13:11:08","modified_gmt":"2026-02-12T13:11:08","slug":"prens-harryden-sosyal-medya-devlerine-karsi-ailelere-destek","status":"publish","type":"post","link":"https:\/\/by-tv.co.uk\/en\/prens-harryden-sosyal-medya-devlerine-karsi-ailelere-destek\/","title":{"rendered":"Prens Harry\u2019den Sosyal Medya Devlerine Kar\u015f\u0131 Ailelere Destek"},"content":{"rendered":"<div id=\"model-response-message-contentr_777411d6df6f1133\" class=\"markdown markdown-main-panel enable-updated-hr-color\" dir=\"ltr\" aria-live=\"polite\" aria-busy=\"false\">\n<h4 data-path-to-node=\"1\"><b data-path-to-node=\"1\" data-index-in-node=\"0\">Hukuk m\u00fccadelesinde tarihi duru\u015fma<\/b><\/h4>\n<p data-path-to-node=\"2\"><b data-path-to-node=\"2\" data-index-in-node=\"0\">Sussex D\u00fck\u00fc Prens Harry<\/b>, <b data-path-to-node=\"2\" data-index-in-node=\"25\">Instagram<\/b> ve <b data-path-to-node=\"2\" data-index-in-node=\"38\">YouTube<\/b> gibi platformlar\u0131n gen\u00e7lerin ruh sa\u011fl\u0131\u011f\u0131na zarar verip vermedi\u011finin incelendi\u011fi d\u00f6n\u00fcm noktas\u0131 niteli\u011findeki dava sonras\u0131 ailelerle bir araya geldi. California&#8217;da g\u00f6r\u00fclen davada aileler, bu platformlar\u0131n tasar\u0131mlar\u0131 gere\u011fi ba\u011f\u0131ml\u0131l\u0131k yap\u0131c\u0131 oldu\u011funu iddia ediyor.<\/p>\n<p data-path-to-node=\"3\"><b data-path-to-node=\"3\" data-index-in-node=\"0\">BBC\u2019nin haberine g\u00f6re<\/b>, <b data-path-to-node=\"3\" data-index-in-node=\"23\">BBC Breakfast<\/b> ile payla\u015f\u0131lan \u00f6zel g\u00f6r\u00fcnt\u00fclerde <b data-path-to-node=\"3\" data-index-in-node=\"70\">Prens Harry<\/b>, ailelere hitaben yapt\u0131\u011f\u0131 konu\u015fmada &#8220;ger\u00e7ek, adalet ve hesap verebilirlik&#8221; umudunu dile getirdi. Ge\u00e7ti\u011fimiz y\u0131l \u00e7ocuklar\u0131n sosyal medyan\u0131n tehlikelerinden korunmas\u0131 i\u00e7in kampanya ba\u015flatan Prens, ailelerin hikayelerini tekrar tekrar anlatarak verdikleri \u00e7aban\u0131n \u00f6nemini vurgulad\u0131.<\/p>\n<h4 data-path-to-node=\"4\"><b data-path-to-node=\"4\" data-index-in-node=\"0\">Sosyal medya devlerine kar\u015f\u0131 hesap verebilirlik<\/b><\/h4>\n<p data-path-to-node=\"5\">Duru\u015fma sonras\u0131 yakla\u015f\u0131k <b data-path-to-node=\"5\" data-index-in-node=\"25\">50 yasl\u0131 ebeveyne<\/b> seslenen <b data-path-to-node=\"5\" data-index-in-node=\"52\">Prens Harry<\/b>, durumu bir &#8220;Davut ile Golyat&#8221; m\u00fccadelesine benzetti. Prens, mahkeme salonunda kar\u015f\u0131 taraf\u0131n savunmalar\u0131n\u0131 dinlemenin yaratabilece\u011fi duygusal a\u011f\u0131rl\u0131\u011fa dikkat \u00e7ekerek, ailelerin bu s\u00fcre\u00e7teki dirayetine te\u015fekk\u00fcr etti.<\/p><div id=\"briti-2551907411\" class=\"briti-icerik\" style=\"margin-top: 5px;margin-bottom: 5px;\"><a href=\"https:\/\/piaryum.com\/services\/\" aria-label=\"piaryum banner\"><img loading=\"lazy\" decoding=\"async\" src=\"https:\/\/by-tv.co.uk\/wp-content\/uploads\/2025\/12\/Gemini_Generated_Image_g5yqr1g5yqr1g5yq.jpg\" alt=\"\"  width=\"2064\" height=\"1152\"   \/><\/a><\/div>\n<p data-path-to-node=\"6\">O\u011flu Jools Sweeney\u2019yi bir internet ak\u0131m\u0131 nedeniyle kaybeden <b data-path-to-node=\"6\" data-index-in-node=\"60\">Ellen Roome<\/b>, bu davan\u0131n bir ilk oldu\u011funu ve d\u00fcnyan\u0131n art\u0131k sosyal medyadaki <b data-path-to-node=\"6\" data-index-in-node=\"136\">&#8220;zararl\u0131 i\u00e7eriklerin&#8221;<\/b> fark\u0131na vard\u0131\u011f\u0131n\u0131 belirtti. <b data-path-to-node=\"6\" data-index-in-node=\"186\">Roome<\/b>, bu dava ile teknoloji devlerinin kendi yasalar\u0131na g\u00f6re hareket etme d\u00f6neminin kapanaca\u011f\u0131n\u0131 ve ger\u00e7ek bir hesap verebilirli\u011fin do\u011faca\u011f\u0131n\u0131 savundu.<\/p>\n<h4 data-path-to-node=\"7\"><b data-path-to-node=\"7\" data-index-in-node=\"0\">\u015eirketlerin savunmas\u0131 ve yasal s\u00fcre\u00e7<\/b><\/h4>\n<p data-path-to-node=\"8\"><b data-path-to-node=\"8\" data-index-in-node=\"0\">Meta<\/b> ve <b data-path-to-node=\"8\" data-index-in-node=\"8\">YouTube<\/b> avukatlar\u0131 ise su\u00e7lamalar\u0131 reddediyor. <b data-path-to-node=\"8\" data-index-in-node=\"55\">Meta<\/b> s\u00f6zc\u00fcleri, son iki y\u0131lda <b data-path-to-node=\"8\" data-index-in-node=\"85\">16 ya\u015f alt\u0131<\/b> kullan\u0131c\u0131lar i\u00e7in i\u00e7erik filtreleme gibi g\u00fcvenlik \u00f6zellikleri getirdiklerini savunurken, <b data-path-to-node=\"8\" data-index-in-node=\"186\">YouTube<\/b> da benzer k\u0131s\u0131tlamalar\u0131n mevcut oldu\u011funu belirtiyor.<\/p>\n<p data-path-to-node=\"9\">California&#8217;daki bu davan\u0131n sonucunun, <b data-path-to-node=\"9\" data-index-in-node=\"38\">ABD<\/b>&#8216;deki d\u00fczinelerce eyalet savc\u0131s\u0131 taraf\u0131ndan <b data-path-to-node=\"9\" data-index-in-node=\"85\">Meta<\/b> platformlar\u0131na kar\u015f\u0131 a\u00e7\u0131lan di\u011fer k\u0131s\u0131tlama davalar\u0131n\u0131 da do\u011frudan etkilemesi bekleniyor. Sosyal medya devlerinin, gen\u00e7lerin ruh sa\u011fl\u0131\u011f\u0131 \u00fczerindeki etkilerine dair bu yasal s\u0131nav, k\u00fcresel teknoloji politikalar\u0131 i\u00e7in kritik bir emsal te\u015fkil edebilir.<\/p>\n<\/div>\n<div id=\"briti-3616904144\" class=\"briti-icerikten-sonra_2\" style=\"margin-top: 25px;margin-bottom: 25px;\"><a href=\"https:\/\/wa.me\/message\/NDZLLIOQT4H3O1\" aria-label=\"bytv reklam banner\"><img loading=\"lazy\" decoding=\"async\" src=\"https:\/\/by-tv.co.uk\/wp-content\/uploads\/2025\/12\/bytv-reklam-banner.jpg\" alt=\"\"  width=\"2376\" height=\"1008\"   \/><\/a><\/div>","protected":false},"excerpt":{"rendered":"<p>Hukuk m\u00fccadelesinde tarihi duru\u015fma Sussex D\u00fck\u00fc Prens Harry, Instagram ve YouTube gibi platformlar\u0131n gen\u00e7lerin ruh sa\u011fl\u0131\u011f\u0131na zarar verip vermedi\u011finin incelendi\u011fi d\u00f6n\u00fcm noktas\u0131 niteli\u011findeki dava sonras\u0131 ailelerle bir araya geldi. California&#8217;da g\u00f6r\u00fclen davada aileler, bu platformlar\u0131n tasar\u0131mlar\u0131 gere\u011fi ba\u011f\u0131ml\u0131l\u0131k yap\u0131c\u0131 oldu\u011funu iddia ediyor. BBC\u2019nin haberine g\u00f6re, BBC Breakfast ile payla\u015f\u0131lan \u00f6zel g\u00f6r\u00fcnt\u00fclerde Prens Harry, ailelere hitaben yapt\u0131\u011f\u0131 konu\u015fmada &#8220;ger\u00e7ek, adalet ve hesap verebilirlik&#8221; umudunu dile getirdi. Ge\u00e7ti\u011fimiz y\u0131l \u00e7ocuklar\u0131n sosyal medyan\u0131n tehlikelerinden korunmas\u0131 i\u00e7in kampanya ba\u015flatan Prens, ailelerin hikayelerini tekrar tekrar anlatarak verdikleri \u00e7aban\u0131n \u00f6nemini vurgulad\u0131. Sosyal medya devlerine kar\u015f\u0131 hesap verebilirlik Duru\u015fma sonras\u0131 yakla\u015f\u0131k 50 yasl\u0131 ebeveyne seslenen Prens Harry, [&hellip;]<\/p>\n","protected":false},"author":11,"featured_media":36032,"comment_status":"open","ping_status":"open","sticky":false,"template":"","format":"standard","meta":{"ngg_post_thumbnail":0,"footnotes":""},"categories":[5269],"tags":[],"class_list":["post-36314","post","type-post","status-publish","format-standard","has-post-thumbnail","hentry","category-birlesik-krallik"],"_links":{"self":[{"href":"https:\/\/by-tv.co.uk\/en\/wp-json\/wp\/v2\/posts\/36314","targetHints":{"allow":["GET"]}}],"collection":[{"href":"https:\/\/by-tv.co.uk\/en\/wp-json\/wp\/v2\/posts"}],"about":[{"href":"https:\/\/by-tv.co.uk\/en\/wp-json\/wp\/v2\/types\/post"}],"author":[{"embeddable":true,"href":"https:\/\/by-tv.co.uk\/en\/wp-json\/wp\/v2\/users\/11"}],"replies":[{"embeddable":true,"href":"https:\/\/by-tv.co.uk\/en\/wp-json\/wp\/v2\/comments?post=36314"}],"version-history":[{"count":2,"href":"https:\/\/by-tv.co.uk\/en\/wp-json\/wp\/v2\/posts\/36314\/revisions"}],"predecessor-version":[{"id":36316,"href":"https:\/\/by-tv.co.uk\/en\/wp-json\/wp\/v2\/posts\/36314\/revisions\/36316"}],"wp:featuredmedia":[{"embeddable":true,"href":"https:\/\/by-tv.co.uk\/en\/wp-json\/wp\/v2\/media\/36032"}],"wp:attachment":[{"href":"https:\/\/by-tv.co.uk\/en\/wp-json\/wp\/v2\/media?parent=36314"}],"wp:term":[{"taxonomy":"category","embeddable":true,"href":"https:\/\/by-tv.co.uk\/en\/wp-json\/wp\/v2\/categories?post=36314"},{"taxonomy":"post_tag","embeddable":true,"href":"https:\/\/by-tv.co.uk\/en\/wp-json\/wp\/v2\/tags?post=36314"}],"curies":[{"name":"wp","href":"https:\/\/api.w.org\/{rel}","templated":true}]}}