{"id":36304,"date":"2026-02-12T10:15:02","date_gmt":"2026-02-12T10:15:02","guid":{"rendered":"https:\/\/by-tv.co.uk\/?p=36304"},"modified":"2026-02-12T10:15:02","modified_gmt":"2026-02-12T10:15:02","slug":"ingilterede-turizm-vergisi-planina-sektorden-buyuk-tepki","status":"publish","type":"post","link":"https:\/\/by-tv.co.uk\/en\/ingilterede-turizm-vergisi-planina-sektorden-buyuk-tepki\/","title":{"rendered":"\u0130ngiltere\u2019de Turizm Vergisi Plan\u0131na Sekt\u00f6rden B\u00fcy\u00fck Tepki"},"content":{"rendered":"<div id=\"model-response-message-contentr_98fae91106250924\" class=\"markdown markdown-main-panel enable-updated-hr-color\" dir=\"ltr\" aria-live=\"polite\" aria-busy=\"false\">\n<h4 data-path-to-node=\"1\"><b data-path-to-node=\"1\" data-index-in-node=\"0\">Sekt\u00f6r Temsilcilerinden H\u00fck\u00fcmete Ortak Mektup<\/b><\/h4>\n<p data-path-to-node=\"2\">\u0130ngiltere\u2019de tatil yapanlara y\u00f6nelik getirilmesi planlanan ek vergi uygulamas\u0131na kar\u015f\u0131 yakla\u015f\u0131k <b data-path-to-node=\"2\" data-index-in-node=\"96\">200<\/b> turizm ve e\u011flence sekt\u00f6r\u00fc lideri birle\u015ferek plan\u0131n iptal edilmesini talep etti.<\/p>\n<p data-path-to-node=\"3\"><b data-path-to-node=\"3\" data-index-in-node=\"0\">BBC\u2019nin haberine g\u00f6re<\/b>, aralar\u0131nda <b data-path-to-node=\"3\" data-index-in-node=\"34\">Hilton<\/b>, <b data-path-to-node=\"3\" data-index-in-node=\"42\">Travelodge<\/b>, <b data-path-to-node=\"3\" data-index-in-node=\"54\">Butlin\u2019s<\/b> ve <b data-path-to-node=\"3\" data-index-in-node=\"66\">Alton Towers<\/b>&#8216;\u0131n sahibi olan dev kurulu\u015flar\u0131n bulundu\u011fu grup, Maliye Bakan\u0131 <b data-path-to-node=\"3\" data-index-in-node=\"141\">Rachel Reeves<\/b>\u2019e bir mektup g\u00f6ndererek bu verginin yerel i\u015fletmelere zarar verece\u011fi uyar\u0131s\u0131nda bulundu. \u0130\u015fletmeciler, tatillerin dinlenmek i\u00e7in oldu\u011funu, vergilendirilmemesi gerekti\u011fini savunuyor.<\/p>\n<h4 data-path-to-node=\"4\"><b data-path-to-node=\"4\" data-index-in-node=\"0\">Maliyetlerin Artmas\u0131 Tatilcileri \u00dclkeden Uzakla\u015ft\u0131rabilir<\/b><\/h4>\n<p data-path-to-node=\"5\">Haz\u0131rlanan ortak mektupta, ki\u015fi ba\u015f\u0131 gecelik <b data-path-to-node=\"5\" data-index-in-node=\"45\">2 sterlin<\/b> olarak uygulanacak bir verginin, iki haftal\u0131k bir aile tatilinde <b data-path-to-node=\"5\" data-index-in-node=\"120\">100 sterlin<\/b> veya daha fazla ek maliyet anlam\u0131na gelece\u011fi belirtildi. Sekt\u00f6r temsilcileri, bu durumun aileleri seyahatlerini k\u0131saltmaya, tamamen iptal etmeye veya daha ucuz se\u00e7enekler sunan yurt d\u0131\u015f\u0131 tatillerine y\u00f6nlendirmeye zorlayabilece\u011fini vurguluyor.<\/p><div id=\"briti-2266304868\" class=\"briti-icerik\" style=\"margin-top: 5px;margin-bottom: 5px;\"><a href=\"https:\/\/piaryum.com\/services\/\" aria-label=\"piaryum banner\"><img loading=\"lazy\" decoding=\"async\" src=\"https:\/\/by-tv.co.uk\/wp-content\/uploads\/2025\/12\/Gemini_Generated_Image_g5yqr1g5yqr1g5yq.jpg\" alt=\"\"  width=\"2064\" height=\"1152\"   \/><\/a><\/div>\n<p data-path-to-node=\"6\">H\u00fck\u00fcmetin de\u011ferlendirdi\u011fi tasla\u011fa g\u00f6re, verginin sabit bir miktar yerine konaklama bedelinin belirli bir y\u00fczdesi olarak hesaplanmas\u0131 \u00f6ng\u00f6r\u00fcl\u00fcyor. Yerel belediye ba\u015fkanlar\u0131na bu vergiyi kendi b\u00f6lgelerinde uygulama yetkisi verilmesi planlan\u0131rken, konuya ili\u015fkin resmi isti\u015fare s\u00fcreci <b data-path-to-node=\"6\" data-index-in-node=\"282\">18 \u015eubat<\/b> tarihinde sona erecek.<\/p>\n<h4 data-path-to-node=\"7\"><b data-path-to-node=\"7\" data-index-in-node=\"0\">Ekonomik B\u00fcy\u00fcme ve Yerel Yat\u0131r\u0131m Tart\u0131\u015fmas\u0131<\/b><\/h4>\n<p data-path-to-node=\"8\">Yerel Y\u00f6netimler Bakan\u0131 <b data-path-to-node=\"8\" data-index-in-node=\"24\">Steve Reed<\/b>, ge\u00e7ti\u011fimiz y\u0131l yapt\u0131\u011f\u0131 a\u00e7\u0131klamada tatil vergisi politikas\u0131n\u0131 yerelle\u015ftirmenin &#8220;ekonomik b\u00fcy\u00fcmenin kilidini a\u00e7aca\u011f\u0131n\u0131&#8221; savunmu\u015ftu. H\u00fck\u00fcmet s\u00f6zc\u00fcs\u00fc ise belediye ba\u015fkanlar\u0131na bu yetkiyi vererek yerel \u00f6nceliklere daha fazla kaynak ayr\u0131lmas\u0131n\u0131 hedeflediklerini, \u00fccretlerin di\u011fer Avrupa \u00fclkeleriyle uyumlu ve <b data-path-to-node=\"8\" data-index-in-node=\"339\">&#8220;m\u00fctevaz\u0131&#8221;<\/b> olaca\u011f\u0131n\u0131 ifade etti.<\/p>\n<p data-path-to-node=\"9\">Ancak <b data-path-to-node=\"9\" data-index-in-node=\"6\">UKHospitality<\/b> CEO&#8217;su <b data-path-to-node=\"9\" data-index-in-node=\"27\">Allen Simpson<\/b>, Birle\u015fik Krall\u0131k\u2019\u0131n zaten y\u00fcksek vergi y\u00fck\u00fc alt\u0131nda oldu\u011funu belirterek, insanlar\u0131n \u00fclkenin her yerini ziyaret etmeye te\u015fvik edilmesi gerekti\u011fini s\u00f6yledi. Muhafazak\u00e2r Milletvekili <b data-path-to-node=\"9\" data-index-in-node=\"222\">Andrew Griffith<\/b> de bu plan\u0131n aileleri vuraca\u011f\u0131n\u0131 ve kasabalardaki ticareti baltalayaca\u011f\u0131n\u0131 savundu.<\/p>\n<h4 data-path-to-node=\"10\"><b data-path-to-node=\"10\" data-index-in-node=\"0\">Birle\u015fik Krall\u0131k Genelinde Farkl\u0131 Uygulamalar<\/b><\/h4>\n<p data-path-to-node=\"11\">\u0130sko\u00e7ya ve Galler\u2019deki yerel y\u00f6netimler hali haz\u0131rda yasal olarak turizm vergisi uygulama yetkisine sahip bulunuyor. <b data-path-to-node=\"11\" data-index-in-node=\"117\">Edinburgh<\/b>, bu yazdan itibaren otel ve tatil rezervasyonlar\u0131ndan <b data-path-to-node=\"11\" data-index-in-node=\"181\">%5<\/b> oran\u0131nda \u00fccret almaya ba\u015flayacak.<\/p>\n<p data-path-to-node=\"12\">\u0130ngiltere\u2019de ise <b data-path-to-node=\"12\" data-index-in-node=\"17\">Manchester<\/b> ve <b data-path-to-node=\"12\" data-index-in-node=\"31\">Liverpool<\/b> gibi \u015fehirlerde i\u015fletmelerin g\u00f6n\u00fcll\u00fc kat\u0131l\u0131m\u0131yla benzer uygulamalar y\u00fcr\u00fct\u00fcl\u00fcyor. <b data-path-to-node=\"12\" data-index-in-node=\"122\">Manchester<\/b>\u2019da <b data-path-to-node=\"12\" data-index-in-node=\"136\">2023<\/b>\u2019ten beri oda ba\u015f\u0131na uygulanan <b data-path-to-node=\"12\" data-index-in-node=\"171\">1 sterlinlik<\/b> \u00fccret, ilk y\u0131l\u0131nda <b data-path-to-node=\"12\" data-index-in-node=\"203\">2,8 milyon sterlin<\/b> gelir sa\u011flayarak yerel turizm kampanyalar\u0131nda kullan\u0131ld\u0131.<\/p>\n<p data-path-to-node=\"13\">Yurt d\u0131\u015f\u0131nda ise <b data-path-to-node=\"13\" data-index-in-node=\"17\">Paris<\/b>, <b data-path-to-node=\"13\" data-index-in-node=\"24\">Roma<\/b> ve <b data-path-to-node=\"13\" data-index-in-node=\"32\">Br\u00fcksel<\/b> gibi pop\u00fcler turizm merkezleri y\u0131llard\u0131r kendi \u015fehir vergisi sistemlerini uyguluyor.<\/p>\n<\/div>\n<div id=\"briti-1672130834\" class=\"briti-icerikten-sonra_2\" style=\"margin-top: 25px;margin-bottom: 25px;\"><a href=\"https:\/\/wa.me\/message\/NDZLLIOQT4H3O1\" aria-label=\"bytv reklam banner\"><img loading=\"lazy\" decoding=\"async\" src=\"https:\/\/by-tv.co.uk\/wp-content\/uploads\/2025\/12\/bytv-reklam-banner.jpg\" alt=\"\"  width=\"2376\" height=\"1008\"   \/><\/a><\/div>","protected":false},"excerpt":{"rendered":"<p>Sekt\u00f6r Temsilcilerinden H\u00fck\u00fcmete Ortak Mektup \u0130ngiltere\u2019de tatil yapanlara y\u00f6nelik getirilmesi planlanan ek vergi uygulamas\u0131na kar\u015f\u0131 yakla\u015f\u0131k 200 turizm ve e\u011flence sekt\u00f6r\u00fc lideri birle\u015ferek plan\u0131n iptal edilmesini talep etti. BBC\u2019nin haberine g\u00f6re, aralar\u0131nda Hilton, Travelodge, Butlin\u2019s ve Alton Towers&#8216;\u0131n sahibi olan dev kurulu\u015flar\u0131n bulundu\u011fu grup, Maliye Bakan\u0131 Rachel Reeves\u2019e bir mektup g\u00f6ndererek bu verginin yerel i\u015fletmelere zarar verece\u011fi uyar\u0131s\u0131nda bulundu. \u0130\u015fletmeciler, tatillerin dinlenmek i\u00e7in oldu\u011funu, vergilendirilmemesi gerekti\u011fini savunuyor. Maliyetlerin Artmas\u0131 Tatilcileri \u00dclkeden Uzakla\u015ft\u0131rabilir Haz\u0131rlanan ortak mektupta, ki\u015fi ba\u015f\u0131 gecelik 2 sterlin olarak uygulanacak bir verginin, iki haftal\u0131k bir aile tatilinde 100 sterlin veya daha fazla ek maliyet anlam\u0131na gelece\u011fi belirtildi. Sekt\u00f6r [&hellip;]<\/p>\n","protected":false},"author":11,"featured_media":18517,"comment_status":"open","ping_status":"open","sticky":false,"template":"","format":"standard","meta":{"ngg_post_thumbnail":0,"footnotes":""},"categories":[5269,15,1462],"tags":[],"class_list":["post-36304","post","type-post","status-publish","format-standard","has-post-thumbnail","hentry","category-birlesik-krallik","category-ingiltere","category-turizm"],"_links":{"self":[{"href":"https:\/\/by-tv.co.uk\/en\/wp-json\/wp\/v2\/posts\/36304","targetHints":{"allow":["GET"]}}],"collection":[{"href":"https:\/\/by-tv.co.uk\/en\/wp-json\/wp\/v2\/posts"}],"about":[{"href":"https:\/\/by-tv.co.uk\/en\/wp-json\/wp\/v2\/types\/post"}],"author":[{"embeddable":true,"href":"https:\/\/by-tv.co.uk\/en\/wp-json\/wp\/v2\/users\/11"}],"replies":[{"embeddable":true,"href":"https:\/\/by-tv.co.uk\/en\/wp-json\/wp\/v2\/comments?post=36304"}],"version-history":[{"count":1,"href":"https:\/\/by-tv.co.uk\/en\/wp-json\/wp\/v2\/posts\/36304\/revisions"}],"predecessor-version":[{"id":36305,"href":"https:\/\/by-tv.co.uk\/en\/wp-json\/wp\/v2\/posts\/36304\/revisions\/36305"}],"wp:featuredmedia":[{"embeddable":true,"href":"https:\/\/by-tv.co.uk\/en\/wp-json\/wp\/v2\/media\/18517"}],"wp:attachment":[{"href":"https:\/\/by-tv.co.uk\/en\/wp-json\/wp\/v2\/media?parent=36304"}],"wp:term":[{"taxonomy":"category","embeddable":true,"href":"https:\/\/by-tv.co.uk\/en\/wp-json\/wp\/v2\/categories?post=36304"},{"taxonomy":"post_tag","embeddable":true,"href":"https:\/\/by-tv.co.uk\/en\/wp-json\/wp\/v2\/tags?post=36304"}],"curies":[{"name":"wp","href":"https:\/\/api.w.org\/{rel}","templated":true}]}}