{"id":36295,"date":"2026-02-12T09:00:50","date_gmt":"2026-02-12T09:00:50","guid":{"rendered":"https:\/\/by-tv.co.uk\/?p=36295"},"modified":"2026-02-12T09:52:20","modified_gmt":"2026-02-12T09:52:20","slug":"ingilterede-secmen-yasi-16ya-iniyor-yeni-yasa-teklifi","status":"publish","type":"post","link":"https:\/\/by-tv.co.uk\/en\/ingilterede-secmen-yasi-16ya-iniyor-yeni-yasa-teklifi\/","title":{"rendered":"\u0130ngiltere\u2019de Se\u00e7men Ya\u015f\u0131 16\u2019ya \u0130niyor: Yeni Yasa Teklifi"},"content":{"rendered":"<div id=\"model-response-message-contentr_217ada9f6afaa30d\" class=\"markdown markdown-main-panel enable-updated-hr-color\" dir=\"ltr\" aria-live=\"polite\" aria-busy=\"false\">\n<h4 data-path-to-node=\"2\"><b data-path-to-node=\"2\" data-index-in-node=\"0\">Demokraside Yeni D\u00f6nem Ba\u015fl\u0131yor<\/b><\/h4>\n<p data-path-to-node=\"3\">Birle\u015fik Krall\u0131k&#8217;ta <b data-path-to-node=\"3\" data-index-in-node=\"20\">16 ve 17 ya\u015f\u0131ndaki gen\u00e7lerin<\/b> genel se\u00e7imlerde oy kullanmas\u0131na imkan tan\u0131yacak olan <b data-path-to-node=\"3\" data-index-in-node=\"103\">Halk\u0131n Temsili Yasas\u0131 (Representation of the People Bill)<\/b> bug\u00fcn Parlamento g\u00fcndemine geliyor. H\u00fck\u00fcmet, bu ad\u0131mla gen\u00e7lerin demokratik s\u00fcre\u00e7lere kat\u0131l\u0131m\u0131n\u0131 art\u0131rmay\u0131 ve seslerinin duyulmas\u0131n\u0131 sa\u011flamay\u0131 hedefliyor.<\/p>\n<p data-path-to-node=\"4\"><b data-path-to-node=\"4\" data-index-in-node=\"0\">BBC\u2019nin haberine g\u00f6re<\/b>, bu d\u00fczenleme <b data-path-to-node=\"4\" data-index-in-node=\"36\">1969<\/b> y\u0131l\u0131nda oy verme ya\u015f\u0131n\u0131n <b data-path-to-node=\"4\" data-index-in-node=\"66\">21\u2019den 18\u2019e<\/b> d\u00fc\u015f\u00fcr\u00fclmesinden bu yana Birle\u015fik Krall\u0131k se\u00e7men kitlesindeki <b data-path-to-node=\"4\" data-index-in-node=\"139\">en b\u00fcy\u00fck de\u011fi\u015fiklik<\/b> olacak. Yasan\u0131n y\u00fcr\u00fcrl\u00fc\u011fe girmesi i\u00e7in hem <b data-path-to-node=\"4\" data-index-in-node=\"202\">Avam Kamaras\u0131<\/b> hem de <b data-path-to-node=\"4\" data-index-in-node=\"223\">Lordlar Kamaras\u0131<\/b> taraf\u0131ndan onaylanmas\u0131 gerekiyor.<\/p>\n<h4 data-path-to-node=\"5\"><b data-path-to-node=\"5\" data-index-in-node=\"0\">Muhalefetten Deneyim Ele\u015ftirisi<\/b><\/h4>\n<p data-path-to-node=\"6\">Tasar\u0131ya kar\u015f\u0131 \u00e7\u0131kan kesimler, <b data-path-to-node=\"6\" data-index-in-node=\"31\">16 ya\u015f\u0131ndaki gen\u00e7lerin<\/b> oy kullanmak i\u00e7in yeterli hayat tecr\u00fcbesine sahip olup olmad\u0131\u011f\u0131n\u0131 sorguluyor. Muhafazakar Parti Yerel Y\u00f6netim S\u00f6zc\u00fcs\u00fc <b data-path-to-node=\"6\" data-index-in-node=\"172\">Sir James Cleverly<\/b>, &#8220;\u0130nsanlar\u0131n <b data-path-to-node=\"6\" data-index-in-node=\"204\">18 ya\u015f\u0131nda<\/b> yeti\u015fkin oldu\u011fu ve vatanda\u015fl\u0131k haklar\u0131n\u0131n bu ya\u015fta kazan\u0131lmas\u0131 gerekti\u011fi konusunda netiz&#8221; a\u00e7\u0131klamas\u0131nda bulundu.<\/p><div id=\"briti-1543458186\" class=\"briti-icerik\" style=\"margin-top: 5px;margin-bottom: 5px;\"><a href=\"https:\/\/piaryum.com\/services\/\" aria-label=\"piaryum banner\"><img loading=\"lazy\" decoding=\"async\" src=\"https:\/\/by-tv.co.uk\/wp-content\/uploads\/2025\/12\/Gemini_Generated_Image_g5yqr1g5yqr1g5yq.jpg\" alt=\"\"  width=\"2064\" height=\"1152\"   \/><\/a><\/div>\n<p data-path-to-node=\"7\">\u015eu anda \u0130sko\u00e7ya ve Galler&#8217;de yerel se\u00e7imlerde se\u00e7men ya\u015f\u0131 <b data-path-to-node=\"7\" data-index-in-node=\"58\">16<\/b> olarak uygulan\u0131rken, \u0130ngiltere&#8217;deki yerel se\u00e7imler ve Birle\u015fik Krall\u0131k genelindeki parlamento se\u00e7imlerinde bu s\u0131n\u0131r <b data-path-to-node=\"7\" data-index-in-node=\"177\">18<\/b> olarak korunuyor. H\u00fck\u00fcmet, bu de\u011fi\u015fikli\u011fi <b data-path-to-node=\"7\" data-index-in-node=\"222\">2029<\/b> y\u0131l\u0131nda yap\u0131lmas\u0131 beklenen genel se\u00e7imlere kadar yeti\u015ftirmeyi ama\u00e7l\u0131yor.<\/p>\n<h4 data-path-to-node=\"8\"><b data-path-to-node=\"8\" data-index-in-node=\"0\">Ba\u011f\u0131\u015f Kurallar\u0131 ve D\u0131\u015f M\u00fcdahale<\/b><\/h4>\n<p data-path-to-node=\"9\">Yasa tasar\u0131s\u0131 sadece se\u00e7men ya\u015f\u0131n\u0131 kapsamakla kalm\u0131yor, ayn\u0131 zamanda siyasi ba\u011f\u0131\u015f kurallar\u0131n\u0131 sertle\u015ftirerek yabanc\u0131 m\u00fcdahalelerin \u00f6n\u00fcne ge\u00e7meyi hedefliyor. \u015eirketlerin siyasi ba\u011f\u0131\u015f yapabilmesi i\u00e7in Birle\u015fik Krall\u0131k ile <b data-path-to-node=\"9\" data-index-in-node=\"220\">ger\u00e7ek bir ba\u011f\u0131<\/b> oldu\u011funu, merkezinin burada bulundu\u011funu ve \u00e7o\u011funluk hissesinin \u0130ngiliz vatanda\u015flar\u0131na ait oldu\u011funu kan\u0131tlamas\u0131 gerekecek.<\/p>\n<p data-path-to-node=\"10\">Yerel Y\u00f6netimler Bakan\u0131 <b data-path-to-node=\"10\" data-index-in-node=\"24\">Steve Reed<\/b>, &#8220;Bu tasar\u0131 demokrasimiz i\u00e7in yeni bir d\u00f6nem ba\u015flatacak; yabanc\u0131 m\u00fcdahalelere kar\u015f\u0131 koruma sa\u011flayacak ve gen\u00e7leri g\u00fc\u00e7lendirecek&#8221; dedi. Ayr\u0131ca, se\u00e7men kimli\u011fi do\u011frulamas\u0131 i\u00e7in <b data-path-to-node=\"10\" data-index-in-node=\"210\">Birle\u015fik Krall\u0131k banka kartlar\u0131n\u0131n<\/b> da ge\u00e7erli olmas\u0131 ve otomatik se\u00e7men kayd\u0131 gibi kolayla\u015ft\u0131r\u0131c\u0131 \u00f6nlemler de pakette yer al\u0131yor.<\/p>\n<p data-path-to-node=\"11\">Olumlu bir geli\u015fme olarak, May\u0131s ay\u0131ndaki yerel se\u00e7imlerde halk\u0131n daha rahat oy kullanabilmesi i\u00e7in yedi belediyede <b data-path-to-node=\"11\" data-index-in-node=\"116\">tren istasyonlar\u0131 ve s\u00fcpermarketler<\/b> gibi noktalara sand\u0131k kurulmas\u0131 test edilecek.<\/p>\n<\/div>\n<div id=\"briti-3469749230\" class=\"briti-icerikten-sonra_2\" style=\"margin-top: 25px;margin-bottom: 25px;\"><a href=\"https:\/\/wa.me\/message\/NDZLLIOQT4H3O1\" aria-label=\"bytv reklam banner\"><img loading=\"lazy\" decoding=\"async\" src=\"https:\/\/by-tv.co.uk\/wp-content\/uploads\/2025\/12\/bytv-reklam-banner.jpg\" alt=\"\"  width=\"2376\" height=\"1008\"   \/><\/a><\/div>","protected":false},"excerpt":{"rendered":"<p>Demokraside Yeni D\u00f6nem Ba\u015fl\u0131yor Birle\u015fik Krall\u0131k&#8217;ta 16 ve 17 ya\u015f\u0131ndaki gen\u00e7lerin genel se\u00e7imlerde oy kullanmas\u0131na imkan tan\u0131yacak olan Halk\u0131n Temsili Yasas\u0131 (Representation of the People Bill) bug\u00fcn Parlamento g\u00fcndemine geliyor. H\u00fck\u00fcmet, bu ad\u0131mla gen\u00e7lerin demokratik s\u00fcre\u00e7lere kat\u0131l\u0131m\u0131n\u0131 art\u0131rmay\u0131 ve seslerinin duyulmas\u0131n\u0131 sa\u011flamay\u0131 hedefliyor. BBC\u2019nin haberine g\u00f6re, bu d\u00fczenleme 1969 y\u0131l\u0131nda oy verme ya\u015f\u0131n\u0131n 21\u2019den 18\u2019e d\u00fc\u015f\u00fcr\u00fclmesinden bu yana Birle\u015fik Krall\u0131k se\u00e7men kitlesindeki en b\u00fcy\u00fck de\u011fi\u015fiklik olacak. Yasan\u0131n y\u00fcr\u00fcrl\u00fc\u011fe girmesi i\u00e7in hem Avam Kamaras\u0131 hem de Lordlar Kamaras\u0131 taraf\u0131ndan onaylanmas\u0131 gerekiyor. Muhalefetten Deneyim Ele\u015ftirisi Tasar\u0131ya kar\u015f\u0131 \u00e7\u0131kan kesimler, 16 ya\u015f\u0131ndaki gen\u00e7lerin oy kullanmak i\u00e7in yeterli hayat tecr\u00fcbesine sahip olup olmad\u0131\u011f\u0131n\u0131 sorguluyor. [&hellip;]<\/p>\n","protected":false},"author":11,"featured_media":36296,"comment_status":"open","ping_status":"open","sticky":false,"template":"","format":"standard","meta":{"ngg_post_thumbnail":0,"footnotes":""},"categories":[5269,15],"tags":[],"class_list":["post-36295","post","type-post","status-publish","format-standard","has-post-thumbnail","hentry","category-birlesik-krallik","category-ingiltere"],"_links":{"self":[{"href":"https:\/\/by-tv.co.uk\/en\/wp-json\/wp\/v2\/posts\/36295","targetHints":{"allow":["GET"]}}],"collection":[{"href":"https:\/\/by-tv.co.uk\/en\/wp-json\/wp\/v2\/posts"}],"about":[{"href":"https:\/\/by-tv.co.uk\/en\/wp-json\/wp\/v2\/types\/post"}],"author":[{"embeddable":true,"href":"https:\/\/by-tv.co.uk\/en\/wp-json\/wp\/v2\/users\/11"}],"replies":[{"embeddable":true,"href":"https:\/\/by-tv.co.uk\/en\/wp-json\/wp\/v2\/comments?post=36295"}],"version-history":[{"count":1,"href":"https:\/\/by-tv.co.uk\/en\/wp-json\/wp\/v2\/posts\/36295\/revisions"}],"predecessor-version":[{"id":36297,"href":"https:\/\/by-tv.co.uk\/en\/wp-json\/wp\/v2\/posts\/36295\/revisions\/36297"}],"wp:featuredmedia":[{"embeddable":true,"href":"https:\/\/by-tv.co.uk\/en\/wp-json\/wp\/v2\/media\/36296"}],"wp:attachment":[{"href":"https:\/\/by-tv.co.uk\/en\/wp-json\/wp\/v2\/media?parent=36295"}],"wp:term":[{"taxonomy":"category","embeddable":true,"href":"https:\/\/by-tv.co.uk\/en\/wp-json\/wp\/v2\/categories?post=36295"},{"taxonomy":"post_tag","embeddable":true,"href":"https:\/\/by-tv.co.uk\/en\/wp-json\/wp\/v2\/tags?post=36295"}],"curies":[{"name":"wp","href":"https:\/\/api.w.org\/{rel}","templated":true}]}}