{"id":36293,"date":"2026-02-11T19:17:22","date_gmt":"2026-02-11T19:17:22","guid":{"rendered":"https:\/\/by-tv.co.uk\/?p=36293"},"modified":"2026-02-11T19:17:22","modified_gmt":"2026-02-11T19:17:22","slug":"nigel-farage-sinagogda-protesto-edildi","status":"publish","type":"post","link":"https:\/\/by-tv.co.uk\/en\/nigel-farage-sinagogda-protesto-edildi\/","title":{"rendered":"Nigel Farage Sinagogda Protesto Edildi"},"content":{"rendered":"<div id=\"model-response-message-contentr_f003429380d1d23c\" class=\"markdown markdown-main-panel stronger enable-updated-hr-color\" dir=\"ltr\" aria-live=\"polite\" aria-busy=\"false\">\n<h4 data-path-to-node=\"1\"><b data-path-to-node=\"1\" data-index-in-node=\"0\">Nigel Farage Yahudi Grubu Lansman\u0131nda Protesto Edildi<\/b><\/h4>\n<p data-path-to-node=\"2\"><b data-path-to-node=\"2\" data-index-in-node=\"0\">Reform UK<\/b> lideri <b data-path-to-node=\"2\" data-index-in-node=\"17\">Nigel Farage<\/b>, Sal\u0131 ak\u015fam\u0131 Londra\u2019daki <b data-path-to-node=\"2\" data-index-in-node=\"55\">Merkezi Sinagog<\/b>\u2019da d\u00fczenlenen <b data-path-to-node=\"2\" data-index-in-node=\"85\">Reform Yahudi \u0130ttifak\u0131 (RJA)<\/b> lansman\u0131nda Yahudi aktivistler taraf\u0131ndan protesto edildi. <b data-path-to-node=\"2\" data-index-in-node=\"173\">The Guardian<\/b>\u2019\u0131n haberine g\u00f6re, konu\u015fmas\u0131 s\u0131ras\u0131nda aya\u011fa kalkan aktivistler, partiyi di\u011fer az\u0131nl\u0131klara y\u00f6nelik zulme zemin haz\u0131rlamakla su\u00e7lad\u0131. Lansman etkinli\u011fi, partinin yakla\u015f\u0131k <b data-path-to-node=\"2\" data-index-in-node=\"355\">15<\/b> parlamento koltu\u011funu hedefleme stratejisinin bir par\u00e7as\u0131 olarak ger\u00e7ekle\u015ftirildi.<\/p>\n<p data-path-to-node=\"3\">Eylemciler, <b data-path-to-node=\"3\" data-index-in-node=\"12\">Nigel Farage<\/b>\u2019\u0131n m\u00fclteci kar\u015f\u0131t\u0131 s\u00f6ylemlerine at\u0131fta bulunarak, &#8220;Atalar\u0131m pogromlardan ka\u00e7t\u0131, siz ise m\u00fcltecileri k\u0131\u015fk\u0131rt\u0131yorsunuz&#8221; ve &#8220;Annem Cable Street\u2019te fa\u015fistlere kar\u015f\u0131 bunun i\u00e7in sava\u015fmad\u0131&#8221; \u015feklinde sloganlar att\u0131. <b data-path-to-node=\"3\" data-index-in-node=\"233\">Na\u2019amod<\/b> adl\u0131 gruptan gelen protestocular, <b data-path-to-node=\"3\" data-index-in-node=\"275\">Reform UK<\/b> politikalar\u0131n\u0131n ge\u00e7mi\u015fte \u0130ngiltere\u2019ye s\u0131\u011f\u0131nan Yahudi m\u00fcltecilerin kabul edilmesini engelleyecek nitelikte oldu\u011funu savundu.<\/p>\n<h4 data-path-to-node=\"4\"><b data-path-to-node=\"4\" data-index-in-node=\"0\">Yahudi Toplumunda Siyasi B\u00f6l\u00fcnme<\/b><\/h4>\n<p data-path-to-node=\"5\">Etkinli\u011fe yakla\u015f\u0131k <b data-path-to-node=\"5\" data-index-in-node=\"19\">200<\/b> davetli kat\u0131l\u0131rken, Farage konu\u015fmas\u0131nda &#8220;Yahudi-H\u0131ristiyan ilkelerinin&#8221; Britanya&#8217;n\u0131n ba\u015far\u0131lar\u0131n\u0131n temeli oldu\u011funu vurgulad\u0131. Ancak d\u0131\u015far\u0131da toplanan protestocular, sinagogun bu t\u00fcr politikalara platform sa\u011flamas\u0131na tepki g\u00f6sterdi. <b data-path-to-node=\"5\" data-index-in-node=\"255\">Jewish Bloc for Palestine<\/b> gibi gruplar, lansman\u0131n yap\u0131ld\u0131\u011f\u0131 binan\u0131n \u00f6n\u00fcnde <b data-path-to-node=\"5\" data-index-in-node=\"330\">Nigel Farage<\/b>\u2019\u0131n ge\u00e7mi\u015fteki tart\u0131\u015fmal\u0131 a\u00e7\u0131klamalar\u0131n\u0131 i\u00e7eren pankartlar ta\u015f\u0131d\u0131.<\/p><div id=\"briti-1496849710\" class=\"briti-icerik\" style=\"margin-top: 5px;margin-bottom: 5px;\"><a href=\"https:\/\/piaryum.com\/services\/\" aria-label=\"piaryum banner\"><img loading=\"lazy\" decoding=\"async\" src=\"https:\/\/by-tv.co.uk\/wp-content\/uploads\/2025\/12\/Gemini_Generated_Image_g5yqr1g5yqr1g5yq.jpg\" alt=\"\"  width=\"2064\" height=\"1152\"   \/><\/a><\/div>\n<p data-path-to-node=\"6\">Ara\u015ft\u0131rmalar, Birle\u015fik Krall\u0131k&#8217;taki Yahudi se\u00e7menler aras\u0131nda siyasi b\u00f6l\u00fcnmenin derinle\u015fti\u011fini g\u00f6steriyor. <b data-path-to-node=\"6\" data-index-in-node=\"107\">Reform UK<\/b>\u2019e y\u00f6nelik destek, Yahudi toplumu i\u00e7inde A\u011fustos 2024\u2019te <b data-path-to-node=\"6\" data-index-in-node=\"173\">%3<\/b> seviyesindeyken, Haziran 2025 itibar\u0131yla <b data-path-to-node=\"6\" data-index-in-node=\"217\">%11<\/b>\u2019e y\u00fckseldi. Grubun ba\u015fkanl\u0131\u011f\u0131n\u0131, daha \u00f6nce Yahudi Temsilciler Kurulu\u2019ndan istifa eden <b data-path-to-node=\"6\" data-index-in-node=\"307\">Gary Mond<\/b> \u00fcstlenirken, etkinlikte Farage\u2019\u0131 savunan <b data-path-to-node=\"6\" data-index-in-node=\"358\">Alan Mendoza<\/b>, liderin Yahudi kar\u015f\u0131t\u0131 oldu\u011funa dair iddialar\u0131 &#8220;karalama kampanyas\u0131&#8221; olarak nitelendirdi.<\/p>\n<h4 data-path-to-node=\"7\"><b data-path-to-node=\"7\" data-index-in-node=\"0\">Yeni Bir Siyasi Strateji: RJA<\/b><\/h4>\n<p data-path-to-node=\"8\"><b data-path-to-node=\"8\" data-index-in-node=\"0\">Reform UK<\/b>, bu yeni olu\u015fum arac\u0131l\u0131\u011f\u0131yla Yahudi n\u00fcfusunun yo\u011fun oldu\u011fu se\u00e7im b\u00f6lgelerinde etkinli\u011fini art\u0131rmay\u0131 planl\u0131yor. <b data-path-to-node=\"8\" data-index-in-node=\"121\">Nigel Farage<\/b>, bu grubun kurulmas\u0131n\u0131n artan &#8220;mezhep\u00e7ilik&#8221; ve a\u015f\u0131r\u0131 ak\u0131mlara kar\u015f\u0131 bir ihtiya\u00e7 oldu\u011funu \u00f6ne s\u00fcrd\u00fc. Ancak protestocular, bu hamlenin az\u0131nl\u0131klar\u0131 birbirine kar\u015f\u0131 k\u0131\u015fk\u0131rtma stratejisinin bir par\u00e7as\u0131 oldu\u011funu iddia ederek tepkilerini s\u00fcrd\u00fcr\u00fcyor.<\/p>\n<\/div>\n<div id=\"briti-3022981805\" class=\"briti-icerikten-sonra_2\" style=\"margin-top: 25px;margin-bottom: 25px;\"><a href=\"https:\/\/wa.me\/message\/NDZLLIOQT4H3O1\" aria-label=\"bytv reklam banner\"><img loading=\"lazy\" decoding=\"async\" src=\"https:\/\/by-tv.co.uk\/wp-content\/uploads\/2025\/12\/bytv-reklam-banner.jpg\" alt=\"\"  width=\"2376\" height=\"1008\"   \/><\/a><\/div>","protected":false},"excerpt":{"rendered":"<p>Nigel Farage Yahudi Grubu Lansman\u0131nda Protesto Edildi Reform UK lideri Nigel Farage, Sal\u0131 ak\u015fam\u0131 Londra\u2019daki Merkezi Sinagog\u2019da d\u00fczenlenen Reform Yahudi \u0130ttifak\u0131 (RJA) lansman\u0131nda Yahudi aktivistler taraf\u0131ndan protesto edildi. The Guardian\u2019\u0131n haberine g\u00f6re, konu\u015fmas\u0131 s\u0131ras\u0131nda aya\u011fa kalkan aktivistler, partiyi di\u011fer az\u0131nl\u0131klara y\u00f6nelik zulme zemin haz\u0131rlamakla su\u00e7lad\u0131. Lansman etkinli\u011fi, partinin yakla\u015f\u0131k 15 parlamento koltu\u011funu hedefleme stratejisinin bir par\u00e7as\u0131 olarak ger\u00e7ekle\u015ftirildi. Eylemciler, Nigel Farage\u2019\u0131n m\u00fclteci kar\u015f\u0131t\u0131 s\u00f6ylemlerine at\u0131fta bulunarak, &#8220;Atalar\u0131m pogromlardan ka\u00e7t\u0131, siz ise m\u00fcltecileri k\u0131\u015fk\u0131rt\u0131yorsunuz&#8221; ve &#8220;Annem Cable Street\u2019te fa\u015fistlere kar\u015f\u0131 bunun i\u00e7in sava\u015fmad\u0131&#8221; \u015feklinde sloganlar att\u0131. Na\u2019amod adl\u0131 gruptan gelen protestocular, Reform UK politikalar\u0131n\u0131n ge\u00e7mi\u015fte \u0130ngiltere\u2019ye s\u0131\u011f\u0131nan Yahudi m\u00fcltecilerin kabul edilmesini [&hellip;]<\/p>\n","protected":false},"author":11,"featured_media":33268,"comment_status":"open","ping_status":"open","sticky":false,"template":"","format":"standard","meta":{"ngg_post_thumbnail":0,"footnotes":""},"categories":[5269],"tags":[],"class_list":["post-36293","post","type-post","status-publish","format-standard","has-post-thumbnail","hentry","category-birlesik-krallik"],"_links":{"self":[{"href":"https:\/\/by-tv.co.uk\/en\/wp-json\/wp\/v2\/posts\/36293","targetHints":{"allow":["GET"]}}],"collection":[{"href":"https:\/\/by-tv.co.uk\/en\/wp-json\/wp\/v2\/posts"}],"about":[{"href":"https:\/\/by-tv.co.uk\/en\/wp-json\/wp\/v2\/types\/post"}],"author":[{"embeddable":true,"href":"https:\/\/by-tv.co.uk\/en\/wp-json\/wp\/v2\/users\/11"}],"replies":[{"embeddable":true,"href":"https:\/\/by-tv.co.uk\/en\/wp-json\/wp\/v2\/comments?post=36293"}],"version-history":[{"count":1,"href":"https:\/\/by-tv.co.uk\/en\/wp-json\/wp\/v2\/posts\/36293\/revisions"}],"predecessor-version":[{"id":36294,"href":"https:\/\/by-tv.co.uk\/en\/wp-json\/wp\/v2\/posts\/36293\/revisions\/36294"}],"wp:featuredmedia":[{"embeddable":true,"href":"https:\/\/by-tv.co.uk\/en\/wp-json\/wp\/v2\/media\/33268"}],"wp:attachment":[{"href":"https:\/\/by-tv.co.uk\/en\/wp-json\/wp\/v2\/media?parent=36293"}],"wp:term":[{"taxonomy":"category","embeddable":true,"href":"https:\/\/by-tv.co.uk\/en\/wp-json\/wp\/v2\/categories?post=36293"},{"taxonomy":"post_tag","embeddable":true,"href":"https:\/\/by-tv.co.uk\/en\/wp-json\/wp\/v2\/tags?post=36293"}],"curies":[{"name":"wp","href":"https:\/\/api.w.org\/{rel}","templated":true}]}}