{"id":36241,"date":"2026-02-10T14:37:59","date_gmt":"2026-02-10T14:37:59","guid":{"rendered":"https:\/\/by-tv.co.uk\/?p=36241"},"modified":"2026-02-10T14:37:59","modified_gmt":"2026-02-10T14:37:59","slug":"apple-ve-google-birlesik-kralliktaki-uygulama-magazalari-icin-anlasma-sagladi","status":"publish","type":"post","link":"https:\/\/by-tv.co.uk\/en\/apple-ve-google-birlesik-kralliktaki-uygulama-magazalari-icin-anlasma-sagladi\/","title":{"rendered":"Apple ve Google Birle\u015fik Krall\u0131k\u2019taki Uygulama Ma\u011fazalar\u0131 \u0130\u00e7in Anla\u015fma Sa\u011flad\u0131"},"content":{"rendered":"<div id=\"model-response-message-contentr_8582029c3805764b\" class=\"markdown markdown-main-panel enable-updated-hr-color\" dir=\"ltr\" aria-live=\"off\" aria-busy=\"false\">\n<div id=\"model-response-message-contentr_dee2577e56b6bf0f\" class=\"markdown markdown-main-panel enable-updated-hr-color\" dir=\"ltr\" aria-live=\"polite\" aria-busy=\"false\">\n<p data-path-to-node=\"2\"><b data-path-to-node=\"2\" data-index-in-node=\"0\">Birle\u015fik Krall\u0131k Rekabet ve Pazarlar Kurumu (CMA)<\/b>, <b data-path-to-node=\"2\" data-index-in-node=\"51\">Apple<\/b> ve <b data-path-to-node=\"2\" data-index-in-node=\"60\">Google<\/b>&#8216;\u0131n uygulama ma\u011fazalar\u0131nda kapsaml\u0131 de\u011fi\u015fiklikler yap\u0131lmas\u0131 konusunda mutabakata vard\u0131\u011f\u0131n\u0131 duyurdu. BBC\u2019nin haberine g\u00f6re bu geli\u015fme, d\u00fczenleyici kurumun her iki \u015firketin sekt\u00f6rde &#8220;fiili bir ikili tekel&#8221; olu\u015fturdu\u011funa dair tespitinden yedi ay sonra ger\u00e7ekle\u015fti.<\/p>\n<h4 data-path-to-node=\"3\"><b data-path-to-node=\"3\" data-index-in-node=\"0\">Kendi Uygulamalar\u0131na \u00d6ncelik Tan\u0131mayacaklar<\/b><\/h4>\n<p data-path-to-node=\"4\">Anla\u015fma kapsam\u0131nda teknoloji devleri, uygulama ma\u011fazalar\u0131nda kendi yaz\u0131l\u0131mlar\u0131na ayr\u0131cal\u0131kl\u0131 muamele yapmayacaklar\u0131n\u0131 taahh\u00fct etti. Ayr\u0131ca, di\u011fer uygulamalar\u0131n onay s\u00fcre\u00e7lerine dair kriterlerin tamamen \u015feffaf hale getirilmesi kararla\u015ft\u0131r\u0131ld\u0131. <b data-path-to-node=\"4\" data-index-in-node=\"243\">CMA<\/b> Ba\u015fkan\u0131 <b data-path-to-node=\"4\" data-index-in-node=\"255\">Sarah Cardell<\/b>, bu taahh\u00fctlerin Birle\u015fik Krall\u0131k\u2019\u0131n uygulama ekonomisini g\u00fc\u00e7lendirecek ilk \u00f6nemli ad\u0131m oldu\u011funu belirtti.<\/p>\n<h4 data-path-to-node=\"5\"><b data-path-to-node=\"5\" data-index-in-node=\"0\">Veri Kullan\u0131m\u0131na S\u0131k\u0131 Denetim<\/b><\/h4>\n<p data-path-to-node=\"6\">Anla\u015fman\u0131n bir di\u011fer kritik maddesi ise veri g\u00fcvenli\u011fi \u00fczerine oldu. <b data-path-to-node=\"6\" data-index-in-node=\"69\">Apple<\/b> ve <b data-path-to-node=\"6\" data-index-in-node=\"78\">Google<\/b>, \u00fc\u00e7\u00fcnc\u00fc taraf geli\u015ftiricilerden elde ettikleri verileri haks\u0131z rekabet yaratacak \u015fekilde kullanmayacaklar\u0131na dair s\u00f6z verdi. <b data-path-to-node=\"6\" data-index-in-node=\"210\">CMA<\/b>, taahh\u00fctlerin uygulanma s\u00fcrecini <b data-path-to-node=\"6\" data-index-in-node=\"247\">yak\u0131ndan izleyeceklerini<\/b> ve kurallara uyulmamas\u0131 durumunda yasal yapt\u0131r\u0131mlar\u0131n devreye girece\u011fini vurgulad\u0131.<\/p><div id=\"briti-1562509132\" class=\"briti-icerik\" style=\"margin-top: 5px;margin-bottom: 5px;\"><a href=\"https:\/\/piaryum.com\/services\/\" aria-label=\"piaryum banner\"><img loading=\"lazy\" decoding=\"async\" src=\"https:\/\/by-tv.co.uk\/wp-content\/uploads\/2025\/12\/Gemini_Generated_Image_g5yqr1g5yqr1g5yq.jpg\" alt=\"\"  width=\"2064\" height=\"1152\"   \/><\/a><\/div>\n<h4 data-path-to-node=\"7\"><b data-path-to-node=\"7\" data-index-in-node=\"0\">Pazar Pay\u0131 ve Ekonomik Etki<\/b><\/h4>\n<p data-path-to-node=\"8\">Birle\u015fik Krall\u0131k\u2019\u0131n uygulama ekonomisi, Avrupa\u2019n\u0131n en b\u00fcy\u00fc\u011f\u00fc olma \u00f6zelli\u011fini ta\u015f\u0131yor. Sekt\u00f6r, \u00fclke GSY\u0130H\u2019sine yakla\u015f\u0131k <b data-path-to-node=\"8\" data-index-in-node=\"119\">%1,5<\/b> oran\u0131nda katk\u0131 sa\u011flarken, <b data-path-to-node=\"8\" data-index-in-node=\"150\">400 bin<\/b> civar\u0131nda istihdam\u0131 destekliyor. Bu yeni d\u00fczenleme ile pazar\u0131n daha rekabet\u00e7i bir yap\u0131ya kavu\u015fmas\u0131 ve yerel geli\u015ftiricilerin \u00f6n\u00fcn\u00fcn a\u00e7\u0131lmas\u0131 hedefleniyor.<\/p>\n<p data-path-to-node=\"9\">Teknoloji devleri, Birle\u015fik Krall\u0131k\u2019\u0131n dijital rekabet rejiminin sundu\u011fu esnekli\u011fin, bu sorunlar\u0131n h\u0131zl\u0131ca \u00e7\u00f6z\u00fclmesine imkan tan\u0131d\u0131\u011f\u0131n\u0131 ifade ederek s\u00fcreci olumlu kar\u015f\u0131lad\u0131klar\u0131n\u0131 bildirdi.<\/p>\n<\/div>\n<\/div>\n<div id=\"briti-3015411449\" class=\"briti-icerikten-sonra_2\" style=\"margin-top: 25px;margin-bottom: 25px;\"><a href=\"https:\/\/wa.me\/message\/NDZLLIOQT4H3O1\" aria-label=\"bytv reklam banner\"><img loading=\"lazy\" decoding=\"async\" src=\"https:\/\/by-tv.co.uk\/wp-content\/uploads\/2025\/12\/bytv-reklam-banner.jpg\" alt=\"\"  width=\"2376\" height=\"1008\"   \/><\/a><\/div>","protected":false},"excerpt":{"rendered":"<p>Birle\u015fik Krall\u0131k Rekabet ve Pazarlar Kurumu (CMA), Apple ve Google&#8216;\u0131n uygulama ma\u011fazalar\u0131nda kapsaml\u0131 de\u011fi\u015fiklikler yap\u0131lmas\u0131 konusunda mutabakata vard\u0131\u011f\u0131n\u0131 duyurdu. BBC\u2019nin haberine g\u00f6re bu geli\u015fme, d\u00fczenleyici kurumun her iki \u015firketin sekt\u00f6rde &#8220;fiili bir ikili tekel&#8221; olu\u015fturdu\u011funa dair tespitinden yedi ay sonra ger\u00e7ekle\u015fti. Kendi Uygulamalar\u0131na \u00d6ncelik Tan\u0131mayacaklar Anla\u015fma kapsam\u0131nda teknoloji devleri, uygulama ma\u011fazalar\u0131nda kendi yaz\u0131l\u0131mlar\u0131na ayr\u0131cal\u0131kl\u0131 muamele yapmayacaklar\u0131n\u0131 taahh\u00fct etti. Ayr\u0131ca, di\u011fer uygulamalar\u0131n onay s\u00fcre\u00e7lerine dair kriterlerin tamamen \u015feffaf hale getirilmesi kararla\u015ft\u0131r\u0131ld\u0131. CMA Ba\u015fkan\u0131 Sarah Cardell, bu taahh\u00fctlerin Birle\u015fik Krall\u0131k\u2019\u0131n uygulama ekonomisini g\u00fc\u00e7lendirecek ilk \u00f6nemli ad\u0131m oldu\u011funu belirtti. Veri Kullan\u0131m\u0131na S\u0131k\u0131 Denetim Anla\u015fman\u0131n bir di\u011fer kritik maddesi ise veri g\u00fcvenli\u011fi \u00fczerine oldu. [&hellip;]<\/p>\n","protected":false},"author":11,"featured_media":36242,"comment_status":"open","ping_status":"open","sticky":false,"template":"","format":"standard","meta":{"ngg_post_thumbnail":0,"footnotes":""},"categories":[5269,8],"tags":[],"class_list":["post-36241","post","type-post","status-publish","format-standard","has-post-thumbnail","hentry","category-birlesik-krallik","category-teknoloji"],"_links":{"self":[{"href":"https:\/\/by-tv.co.uk\/en\/wp-json\/wp\/v2\/posts\/36241","targetHints":{"allow":["GET"]}}],"collection":[{"href":"https:\/\/by-tv.co.uk\/en\/wp-json\/wp\/v2\/posts"}],"about":[{"href":"https:\/\/by-tv.co.uk\/en\/wp-json\/wp\/v2\/types\/post"}],"author":[{"embeddable":true,"href":"https:\/\/by-tv.co.uk\/en\/wp-json\/wp\/v2\/users\/11"}],"replies":[{"embeddable":true,"href":"https:\/\/by-tv.co.uk\/en\/wp-json\/wp\/v2\/comments?post=36241"}],"version-history":[{"count":1,"href":"https:\/\/by-tv.co.uk\/en\/wp-json\/wp\/v2\/posts\/36241\/revisions"}],"predecessor-version":[{"id":36243,"href":"https:\/\/by-tv.co.uk\/en\/wp-json\/wp\/v2\/posts\/36241\/revisions\/36243"}],"wp:featuredmedia":[{"embeddable":true,"href":"https:\/\/by-tv.co.uk\/en\/wp-json\/wp\/v2\/media\/36242"}],"wp:attachment":[{"href":"https:\/\/by-tv.co.uk\/en\/wp-json\/wp\/v2\/media?parent=36241"}],"wp:term":[{"taxonomy":"category","embeddable":true,"href":"https:\/\/by-tv.co.uk\/en\/wp-json\/wp\/v2\/categories?post=36241"},{"taxonomy":"post_tag","embeddable":true,"href":"https:\/\/by-tv.co.uk\/en\/wp-json\/wp\/v2\/tags?post=36241"}],"curies":[{"name":"wp","href":"https:\/\/api.w.org\/{rel}","templated":true}]}}