{"id":36218,"date":"2026-02-10T09:56:05","date_gmt":"2026-02-10T09:56:05","guid":{"rendered":"https:\/\/by-tv.co.uk\/?p=36218"},"modified":"2026-02-10T09:56:05","modified_gmt":"2026-02-10T09:56:05","slug":"wes-streetingin-mesajlari-siyasi-krizi-derinlestirdi","status":"publish","type":"post","link":"https:\/\/by-tv.co.uk\/en\/wes-streetingin-mesajlari-siyasi-krizi-derinlestirdi\/","title":{"rendered":"Wes Streeting\u2019in Mesajlar\u0131 Siyasi Krizi Derinle\u015ftirdi"},"content":{"rendered":"<div id=\"model-response-message-contentr_bc7c125cfb843ca4\" class=\"markdown markdown-main-panel enable-updated-hr-color\" dir=\"ltr\" aria-live=\"polite\" aria-busy=\"false\">\n<h4 data-path-to-node=\"1\"><b data-path-to-node=\"1\" data-index-in-node=\"0\">Streeting\u2019in Siyasi Gelecek Kayg\u0131s\u0131<\/b><\/h4>\n<p data-path-to-node=\"2\">Birle\u015fik Krall\u0131k <b data-path-to-node=\"2\" data-index-in-node=\"17\">Sa\u011fl\u0131k Bakan\u0131<\/b> <b data-path-to-node=\"2\" data-index-in-node=\"31\">Wes Streeting<\/b>, eski ABD B\u00fcy\u00fckel\u00e7isi <b data-path-to-node=\"2\" data-index-in-node=\"67\">Peter Mandelson<\/b> ile olan \u00f6zel yaz\u0131\u015fmalar\u0131n\u0131, hakk\u0131ndaki iddialar\u0131 \u00e7\u00fcr\u00fctmek amac\u0131yla kamuoyuna a\u00e7\u0131klad\u0131.<\/p>\n<p data-path-to-node=\"3\"><b data-path-to-node=\"3\" data-index-in-node=\"0\">BBC<\/b>\u2019nin haberine g\u00f6re, yay\u0131nlanan mesajlar <b data-path-to-node=\"3\" data-index-in-node=\"43\">Streeting<\/b>\u2019in <b data-path-to-node=\"3\" data-index-in-node=\"56\">\u0130\u015f\u00e7i Partisi<\/b>\u2019nin se\u00e7im stratejisine y\u00f6nelik ciddi \u015f\u00fcphelerini ve h\u00fck\u00fcmetin bir b\u00fcy\u00fcme stratejisi olmad\u0131\u011f\u0131na dair ele\u015ftirilerini i\u00e7eriyor. \u00d6zellikle <b data-path-to-node=\"3\" data-index-in-node=\"204\">Mart 2025<\/b> tarihli bir mesaj\u0131nda, bir sonraki se\u00e7imlerde koltu\u011funu kaybedebilece\u011fini belirterek kendisi i\u00e7in <i data-path-to-node=\"3\" data-index-in-node=\"312\">&#8220;bittim&#8221;<\/i> ifadesini kullanmas\u0131 dikkat \u00e7ekti.<\/p>\n<h4 data-path-to-node=\"4\"><b data-path-to-node=\"4\" data-index-in-node=\"0\">Mandelson Atamas\u0131 ve Epstein Ba\u011flant\u0131s\u0131<\/b><\/h4>\n<p data-path-to-node=\"5\"><b data-path-to-node=\"5\" data-index-in-node=\"0\">Jeffrey Epstein<\/b> ile ba\u011flant\u0131lar\u0131 nedeniyle g\u00f6revden al\u0131nan ve <b data-path-to-node=\"5\" data-index-in-node=\"62\">\u0130\u015f\u00e7i Partisi<\/b> \u00fcyeli\u011finden istifa eden <b data-path-to-node=\"5\" data-index-in-node=\"99\">Peter Mandelson<\/b>, \u015fu anda kamu g\u00f6revinde g\u00f6revi k\u00f6t\u00fcye kullanma iddias\u0131yla <b data-path-to-node=\"5\" data-index-in-node=\"173\">Metropolitan Polisi<\/b> taraf\u0131ndan soru\u015fturuluyor.<\/p><div id=\"briti-3922264591\" class=\"briti-icerik\" style=\"margin-top: 5px;margin-bottom: 5px;\"><a href=\"https:\/\/piaryum.com\/services\/\" aria-label=\"piaryum banner\"><img loading=\"lazy\" decoding=\"async\" src=\"https:\/\/by-tv.co.uk\/wp-content\/uploads\/2025\/12\/Gemini_Generated_Image_g5yqr1g5yqr1g5yq.jpg\" alt=\"\"  width=\"2064\" height=\"1152\"   \/><\/a><\/div>\n<p data-path-to-node=\"6\"><b data-path-to-node=\"6\" data-index-in-node=\"0\">Streeting<\/b>, <b data-path-to-node=\"6\" data-index-in-node=\"11\">The Guardian<\/b> i\u00e7in kaleme ald\u0131\u011f\u0131 makalede, <b data-path-to-node=\"6\" data-index-in-node=\"53\">Mandelson<\/b>\u2019\u0131n b\u00fcy\u00fckel\u00e7ilik atamas\u0131n\u0131 o d\u00f6nem destekledi\u011fini ancak aday\u0131n ge\u00e7mi\u015findeki karanl\u0131k noktalar\u0131n yeterince dikkate al\u0131nmamas\u0131n\u0131 bir <i data-path-to-node=\"6\" data-index-in-node=\"193\">&#8220;skandal&#8221;<\/i> olarak nitelendirdi. Bu sessiz kalan grupta kendisinin de yer ald\u0131\u011f\u0131n\u0131 itiraf eden Bakan, g\u00fc\u00e7l\u00fc fig\u00fcrlerin kad\u0131nlara y\u00f6nelik korkun\u00e7 davran\u0131\u015flar\u0131n\u0131n bedelinden g\u00fc\u00e7leri sayesinde ka\u00e7abildiklerini vurgulad\u0131.<\/p>\n<h4 data-path-to-node=\"7\"><b data-path-to-node=\"7\" data-index-in-node=\"0\">Filistin Devleti\u2019nin Tan\u0131nmas\u0131 Bask\u0131s\u0131<\/b><\/h4>\n<p data-path-to-node=\"8\">Yaz\u0131\u015fmalar, h\u00fck\u00fcmetin d\u0131\u015f politika kararlar\u0131ndaki i\u00e7 \u00e7eki\u015fmeleri de ortaya koydu. <b data-path-to-node=\"8\" data-index-in-node=\"82\">Streeting<\/b>, <b data-path-to-node=\"8\" data-index-in-node=\"93\">Temmuz 2025<\/b>&#8216;te <b data-path-to-node=\"8\" data-index-in-node=\"108\">Mandelson<\/b>\u2019a g\u00f6nderdi\u011fi mesajlarda, Birle\u015fik Krall\u0131k\u2019\u0131n <b data-path-to-node=\"8\" data-index-in-node=\"163\">Fransa<\/b>\u2019n\u0131n izinden giderek <b data-path-to-node=\"8\" data-index-in-node=\"190\">Filistin<\/b> devletini tan\u0131mas\u0131 gerekti\u011fini savundu.<\/p>\n<p data-path-to-node=\"9\"><b data-path-to-node=\"9\" data-index-in-node=\"0\">Streeting<\/b>, <b data-path-to-node=\"9\" data-index-in-node=\"11\">\u0130srail<\/b>\u2019in tutumunu <i data-path-to-node=\"9\" data-index-in-node=\"30\">&#8220;haydut devlet davran\u0131\u015f\u0131&#8221;<\/i> olarak tan\u0131mlayarak, sadece birka\u00e7 bakana de\u011fil, devlete y\u00f6nelik yapt\u0131r\u0131mlar uygulanmas\u0131 gerekti\u011fini ifade etti. Bu bask\u0131lar\u0131n ard\u0131ndan Ba\u015fbakan <b data-path-to-node=\"9\" data-index-in-node=\"201\">Sir Keir Starmer<\/b>, <b data-path-to-node=\"9\" data-index-in-node=\"219\">Eyl\u00fcl<\/b> ay\u0131nda Birle\u015fik Krall\u0131k\u2019\u0131n <b data-path-to-node=\"9\" data-index-in-node=\"252\">Filistin<\/b>\u2019i resmen tan\u0131d\u0131\u011f\u0131n\u0131 ilan etmi\u015fti.<\/p>\n<h4 data-path-to-node=\"10\"><b data-path-to-node=\"10\" data-index-in-node=\"0\">Liderlik Yar\u0131\u015f\u0131 \u0130\u00e7in Stratejik Hamle<\/b><\/h4>\n<p data-path-to-node=\"11\">Siyasi analistler, <b data-path-to-node=\"11\" data-index-in-node=\"19\">Streeting<\/b>\u2019in bu mesajlar\u0131 yay\u0131nlama karar\u0131n\u0131, kendisini \u015feffaf ve kararl\u0131 bir lider aday\u0131 olarak konumland\u0131rma \u00e7abas\u0131 olarak de\u011ferlendiriyor. <b data-path-to-node=\"11\" data-index-in-node=\"161\">Starmer<\/b>\u2019\u0131n liderli\u011finin sars\u0131ld\u0131\u011f\u0131 bir d\u00f6nemde Bakan\u0131n bu hamlesi, hem <b data-path-to-node=\"11\" data-index-in-node=\"232\">Mandelson<\/b> ile aras\u0131na mesafe koyma hem de parti taban\u0131ndaki pop\u00fcler g\u00f6r\u00fc\u015flerle uyumlu oldu\u011funu kan\u0131tlama stratejisi olarak g\u00f6r\u00fcl\u00fcyor.<\/p>\n<p data-path-to-node=\"12\">Yaz\u0131\u015fmalar\u0131n se\u00e7ilerek yay\u0131nland\u0131\u011f\u0131 iddialar\u0131na kar\u015f\u0131l\u0131k, Bakan\u0131n ekibi t\u00fcm bireysel mesajlar\u0131n payla\u015f\u0131ld\u0131\u011f\u0131n\u0131, grup yaz\u0131\u015fmalar\u0131n\u0131n ise ilgili parlamento komitesine sunulaca\u011f\u0131n\u0131 bildirdi.<\/p>\n<\/div>\n<div id=\"briti-3329488859\" class=\"briti-icerikten-sonra_2\" style=\"margin-top: 25px;margin-bottom: 25px;\"><a href=\"https:\/\/wa.me\/message\/NDZLLIOQT4H3O1\" aria-label=\"bytv reklam banner\"><img loading=\"lazy\" decoding=\"async\" src=\"https:\/\/by-tv.co.uk\/wp-content\/uploads\/2025\/12\/bytv-reklam-banner.jpg\" alt=\"\"  width=\"2376\" height=\"1008\"   \/><\/a><\/div>","protected":false},"excerpt":{"rendered":"<p>Streeting\u2019in Siyasi Gelecek Kayg\u0131s\u0131 Birle\u015fik Krall\u0131k Sa\u011fl\u0131k Bakan\u0131 Wes Streeting, eski ABD B\u00fcy\u00fckel\u00e7isi Peter Mandelson ile olan \u00f6zel yaz\u0131\u015fmalar\u0131n\u0131, hakk\u0131ndaki iddialar\u0131 \u00e7\u00fcr\u00fctmek amac\u0131yla kamuoyuna a\u00e7\u0131klad\u0131. BBC\u2019nin haberine g\u00f6re, yay\u0131nlanan mesajlar Streeting\u2019in \u0130\u015f\u00e7i Partisi\u2019nin se\u00e7im stratejisine y\u00f6nelik ciddi \u015f\u00fcphelerini ve h\u00fck\u00fcmetin bir b\u00fcy\u00fcme stratejisi olmad\u0131\u011f\u0131na dair ele\u015ftirilerini i\u00e7eriyor. \u00d6zellikle Mart 2025 tarihli bir mesaj\u0131nda, bir sonraki se\u00e7imlerde koltu\u011funu kaybedebilece\u011fini belirterek kendisi i\u00e7in &#8220;bittim&#8221; ifadesini kullanmas\u0131 dikkat \u00e7ekti. Mandelson Atamas\u0131 ve Epstein Ba\u011flant\u0131s\u0131 Jeffrey Epstein ile ba\u011flant\u0131lar\u0131 nedeniyle g\u00f6revden al\u0131nan ve \u0130\u015f\u00e7i Partisi \u00fcyeli\u011finden istifa eden Peter Mandelson, \u015fu anda kamu g\u00f6revinde g\u00f6revi k\u00f6t\u00fcye kullanma iddias\u0131yla Metropolitan Polisi taraf\u0131ndan soru\u015fturuluyor. Streeting, The [&hellip;]<\/p>\n","protected":false},"author":11,"featured_media":26324,"comment_status":"open","ping_status":"open","sticky":false,"template":"","format":"standard","meta":{"ngg_post_thumbnail":0,"footnotes":""},"categories":[5269],"tags":[],"class_list":["post-36218","post","type-post","status-publish","format-standard","has-post-thumbnail","hentry","category-birlesik-krallik"],"_links":{"self":[{"href":"https:\/\/by-tv.co.uk\/en\/wp-json\/wp\/v2\/posts\/36218","targetHints":{"allow":["GET"]}}],"collection":[{"href":"https:\/\/by-tv.co.uk\/en\/wp-json\/wp\/v2\/posts"}],"about":[{"href":"https:\/\/by-tv.co.uk\/en\/wp-json\/wp\/v2\/types\/post"}],"author":[{"embeddable":true,"href":"https:\/\/by-tv.co.uk\/en\/wp-json\/wp\/v2\/users\/11"}],"replies":[{"embeddable":true,"href":"https:\/\/by-tv.co.uk\/en\/wp-json\/wp\/v2\/comments?post=36218"}],"version-history":[{"count":1,"href":"https:\/\/by-tv.co.uk\/en\/wp-json\/wp\/v2\/posts\/36218\/revisions"}],"predecessor-version":[{"id":36219,"href":"https:\/\/by-tv.co.uk\/en\/wp-json\/wp\/v2\/posts\/36218\/revisions\/36219"}],"wp:featuredmedia":[{"embeddable":true,"href":"https:\/\/by-tv.co.uk\/en\/wp-json\/wp\/v2\/media\/26324"}],"wp:attachment":[{"href":"https:\/\/by-tv.co.uk\/en\/wp-json\/wp\/v2\/media?parent=36218"}],"wp:term":[{"taxonomy":"category","embeddable":true,"href":"https:\/\/by-tv.co.uk\/en\/wp-json\/wp\/v2\/categories?post=36218"},{"taxonomy":"post_tag","embeddable":true,"href":"https:\/\/by-tv.co.uk\/en\/wp-json\/wp\/v2\/tags?post=36218"}],"curies":[{"name":"wp","href":"https:\/\/api.w.org\/{rel}","templated":true}]}}