{"id":36216,"date":"2026-02-10T09:50:14","date_gmt":"2026-02-10T09:50:14","guid":{"rendered":"https:\/\/by-tv.co.uk\/?p=36216"},"modified":"2026-02-10T09:50:14","modified_gmt":"2026-02-10T09:50:14","slug":"british-museum-henry-viii-kolyesini-koleksiyonuna-katti","status":"publish","type":"post","link":"https:\/\/by-tv.co.uk\/en\/british-museum-henry-viii-kolyesini-koleksiyonuna-katti\/","title":{"rendered":"British Museum Henry VIII Kolyesini Koleksiyonuna Katt\u0131"},"content":{"rendered":"<div id=\"model-response-message-contentr_73e3400a1181a8f9\" class=\"markdown markdown-main-panel enable-updated-hr-color\" dir=\"ltr\" aria-live=\"polite\" aria-busy=\"false\">\n<h4 data-path-to-node=\"1\"><b data-path-to-node=\"1\" data-index-in-node=\"0\">K\u00fclt\u00fcrel miras i\u00e7in dev ba\u011f\u0131\u015f<\/b><\/h4>\n<p data-path-to-node=\"2\"><b data-path-to-node=\"2\" data-index-in-node=\"0\">British Museum<\/b>, Kral <b data-path-to-node=\"2\" data-index-in-node=\"21\">Henry VIII<\/b>&#8216;in ilk e\u015fi <b data-path-to-node=\"2\" data-index-in-node=\"43\">Katherine of Aragon<\/b> ile olan evlili\u011fine atfedilen alt\u0131n kolyeyi m\u00fcze koleksiyonunda tutmak i\u00e7in gerekli olan <b data-path-to-node=\"2\" data-index-in-node=\"152\">3,5 milyon sterlin<\/b> tutar\u0131ndaki fonu ba\u015far\u0131yla toplad\u0131\u011f\u0131n\u0131 duyurdu.<\/p>\n<p data-path-to-node=\"3\"><b data-path-to-node=\"3\" data-index-in-node=\"0\">BBC<\/b>&#8216;nin haberine g\u00f6re, 2019 y\u0131l\u0131nda Warwickshire&#8217;daki bir tarlada metal dedekt\u00f6r\u00fcyle bulunan &#8220;Tudor Kalbi&#8221; adl\u0131 bu nadide par\u00e7a i\u00e7in Ekim ay\u0131nda ba\u015flat\u0131lan kampanya b\u00fcy\u00fck bir ba\u015far\u0131yla sonu\u00e7land\u0131.<\/p>\n<h4 data-path-to-node=\"4\"><b data-path-to-node=\"4\" data-index-in-node=\"0\">Halk\u0131n yo\u011fun ilgisi ve kurumsal destek<\/b><\/h4>\n<p data-path-to-node=\"5\">M\u00fcze direkt\u00f6r\u00fc <b data-path-to-node=\"5\" data-index-in-node=\"15\">Nicholas Cullinan<\/b>, kampanyan\u0131n ba\u015far\u0131s\u0131n\u0131n tarihin hayal g\u00fcc\u00fc \u00fczerindeki g\u00fcc\u00fcn\u00fc kan\u0131tlad\u0131\u011f\u0131n\u0131 belirtti. Ba\u011f\u0131\u015flar\u0131n <b data-path-to-node=\"5\" data-index-in-node=\"130\">360 bin sterlinlik<\/b> k\u0131sm\u0131 do\u011frudan halktan gelirken, <b data-path-to-node=\"5\" data-index-in-node=\"182\">45 binden fazla ki\u015fi<\/b> s\u00fcrece dahil oldu.<\/p><div id=\"briti-802901377\" class=\"briti-icerik\" style=\"margin-top: 5px;margin-bottom: 5px;\"><a href=\"https:\/\/piaryum.com\/services\/\" aria-label=\"piaryum banner\"><img loading=\"lazy\" decoding=\"async\" src=\"https:\/\/by-tv.co.uk\/wp-content\/uploads\/2025\/12\/Gemini_Generated_Image_g5yqr1g5yqr1g5yq.jpg\" alt=\"\"  width=\"2064\" height=\"1152\"   \/><\/a><\/div>\n<p data-path-to-node=\"6\"><b data-path-to-node=\"6\" data-index-in-node=\"0\">The National Heritage Memorial Fund<\/b>, Birle\u015fik Krall\u0131k&#8217;\u0131n en \u00f6nemli miraslar\u0131n\u0131 koruma misyonu \u00e7er\u00e7evesinde <b data-path-to-node=\"6\" data-index-in-node=\"107\">1,75 milyon sterlin<\/b> ile kampanyaya en b\u00fcy\u00fck deste\u011fi sa\u011flayan kurum oldu. Ayr\u0131ca <b data-path-to-node=\"6\" data-index-in-node=\"187\">Art Fund<\/b>, <b data-path-to-node=\"6\" data-index-in-node=\"197\">Julia Rausing Trust<\/b> ve <b data-path-to-node=\"6\" data-index-in-node=\"220\">The American Friends of the British Museum<\/b> gibi kurulu\u015flar da s\u00fcrece finansal katk\u0131da bulundu.<\/p>\n<h4 data-path-to-node=\"7\"><b data-path-to-node=\"7\" data-index-in-node=\"0\">Tudor d\u00f6nemine dair nadir bir iz<\/b><\/h4>\n<p data-path-to-node=\"8\">Yap\u0131lan ara\u015ft\u0131rmalar, kolyenin 1518 y\u0131l\u0131nda <b data-path-to-node=\"8\" data-index-in-node=\"44\">Prenses Mary<\/b>&#8216;nin Frans\u0131z veliaht\u0131 ile ni\u015fanlanmas\u0131 \u015ferefine yap\u0131lm\u0131\u015f olabilece\u011fine i\u015faret ediyor. \u00dczerinde Tudor g\u00fcl\u00fc ile Katherine&#8217;in nar sembol\u00fcn\u00fc birle\u015ftiren kolyede, eski Frans\u0131zca&#8217;da &#8220;daima&#8221; anlam\u0131na gelen <b data-path-to-node=\"8\" data-index-in-node=\"255\">&#8220;tousiors&#8221;<\/b> yaz\u0131l\u0131 bir \u015ferit bulunuyor.<\/p>\n<p data-path-to-node=\"9\"><b data-path-to-node=\"9\" data-index-in-node=\"0\">Treasure Act 1996<\/b> kapsam\u0131nda bildirilen bu eserin kal\u0131c\u0131 olarak sergilenebilmesi i\u00e7in arazi sahibi ve bulu\u015fu yapan ki\u015fiye \u00f6d\u00fcl \u00f6demesi yap\u0131ld\u0131. M\u00fcze y\u00f6netimi, bu y\u0131l i\u00e7inde kolyeyi resmi koleksiyona dahil etmeyi ve gelecekte Birle\u015fik Krall\u0131k genelinde bir tura \u00e7\u0131karmay\u0131 hedefliyor.<\/p>\n<\/div>\n<div id=\"briti-1236553142\" class=\"briti-icerikten-sonra_2\" style=\"margin-top: 25px;margin-bottom: 25px;\"><a href=\"https:\/\/wa.me\/message\/NDZLLIOQT4H3O1\" aria-label=\"bytv reklam banner\"><img loading=\"lazy\" decoding=\"async\" src=\"https:\/\/by-tv.co.uk\/wp-content\/uploads\/2025\/12\/bytv-reklam-banner.jpg\" alt=\"\"  width=\"2376\" height=\"1008\"   \/><\/a><\/div>","protected":false},"excerpt":{"rendered":"<p>K\u00fclt\u00fcrel miras i\u00e7in dev ba\u011f\u0131\u015f British Museum, Kral Henry VIII&#8216;in ilk e\u015fi Katherine of Aragon ile olan evlili\u011fine atfedilen alt\u0131n kolyeyi m\u00fcze koleksiyonunda tutmak i\u00e7in gerekli olan 3,5 milyon sterlin tutar\u0131ndaki fonu ba\u015far\u0131yla toplad\u0131\u011f\u0131n\u0131 duyurdu. BBC&#8216;nin haberine g\u00f6re, 2019 y\u0131l\u0131nda Warwickshire&#8217;daki bir tarlada metal dedekt\u00f6r\u00fcyle bulunan &#8220;Tudor Kalbi&#8221; adl\u0131 bu nadide par\u00e7a i\u00e7in Ekim ay\u0131nda ba\u015flat\u0131lan kampanya b\u00fcy\u00fck bir ba\u015far\u0131yla sonu\u00e7land\u0131. Halk\u0131n yo\u011fun ilgisi ve kurumsal destek M\u00fcze direkt\u00f6r\u00fc Nicholas Cullinan, kampanyan\u0131n ba\u015far\u0131s\u0131n\u0131n tarihin hayal g\u00fcc\u00fc \u00fczerindeki g\u00fcc\u00fcn\u00fc kan\u0131tlad\u0131\u011f\u0131n\u0131 belirtti. Ba\u011f\u0131\u015flar\u0131n 360 bin sterlinlik k\u0131sm\u0131 do\u011frudan halktan gelirken, 45 binden fazla ki\u015fi s\u00fcrece dahil oldu. The National Heritage Memorial Fund, [&hellip;]<\/p>\n","protected":false},"author":11,"featured_media":12435,"comment_status":"open","ping_status":"open","sticky":false,"template":"","format":"standard","meta":{"ngg_post_thumbnail":0,"footnotes":""},"categories":[5269,15],"tags":[],"class_list":["post-36216","post","type-post","status-publish","format-standard","has-post-thumbnail","hentry","category-birlesik-krallik","category-ingiltere"],"_links":{"self":[{"href":"https:\/\/by-tv.co.uk\/en\/wp-json\/wp\/v2\/posts\/36216","targetHints":{"allow":["GET"]}}],"collection":[{"href":"https:\/\/by-tv.co.uk\/en\/wp-json\/wp\/v2\/posts"}],"about":[{"href":"https:\/\/by-tv.co.uk\/en\/wp-json\/wp\/v2\/types\/post"}],"author":[{"embeddable":true,"href":"https:\/\/by-tv.co.uk\/en\/wp-json\/wp\/v2\/users\/11"}],"replies":[{"embeddable":true,"href":"https:\/\/by-tv.co.uk\/en\/wp-json\/wp\/v2\/comments?post=36216"}],"version-history":[{"count":1,"href":"https:\/\/by-tv.co.uk\/en\/wp-json\/wp\/v2\/posts\/36216\/revisions"}],"predecessor-version":[{"id":36217,"href":"https:\/\/by-tv.co.uk\/en\/wp-json\/wp\/v2\/posts\/36216\/revisions\/36217"}],"wp:featuredmedia":[{"embeddable":true,"href":"https:\/\/by-tv.co.uk\/en\/wp-json\/wp\/v2\/media\/12435"}],"wp:attachment":[{"href":"https:\/\/by-tv.co.uk\/en\/wp-json\/wp\/v2\/media?parent=36216"}],"wp:term":[{"taxonomy":"category","embeddable":true,"href":"https:\/\/by-tv.co.uk\/en\/wp-json\/wp\/v2\/categories?post=36216"},{"taxonomy":"post_tag","embeddable":true,"href":"https:\/\/by-tv.co.uk\/en\/wp-json\/wp\/v2\/tags?post=36216"}],"curies":[{"name":"wp","href":"https:\/\/api.w.org\/{rel}","templated":true}]}}