{"id":36213,"date":"2026-02-10T09:40:28","date_gmt":"2026-02-10T09:40:28","guid":{"rendered":"https:\/\/by-tv.co.uk\/?p=36213"},"modified":"2026-02-10T09:40:28","modified_gmt":"2026-02-10T09:40:28","slug":"birlesik-krallikta-bitmek-bilmeyen-yagislarin-nedeni-bloklu-hava-akisi","status":"publish","type":"post","link":"https:\/\/by-tv.co.uk\/en\/birlesik-krallikta-bitmek-bilmeyen-yagislarin-nedeni-bloklu-hava-akisi\/","title":{"rendered":"Birle\u015fik Krall\u0131k\u2019ta bitmek bilmeyen ya\u011f\u0131\u015flar\u0131n nedeni &#8216;bloklu&#8217; hava ak\u0131\u015f\u0131"},"content":{"rendered":"<div id=\"model-response-message-contentr_9cd813a4edc0d5cc\" class=\"markdown markdown-main-panel enable-updated-hr-color\" dir=\"ltr\" aria-live=\"polite\" aria-busy=\"false\">\n<div id=\"model-response-message-contentr_58f24dfb7e1f21da\" class=\"markdown markdown-main-panel enable-updated-hr-color\" dir=\"ltr\" aria-live=\"polite\" aria-busy=\"false\">\n<h4 data-path-to-node=\"1\"><b data-path-to-node=\"1\" data-index-in-node=\"0\">Sel uyar\u0131lar\u0131 ve risk alt\u0131ndaki b\u00f6lgeler<\/b><\/h4>\n<p data-path-to-node=\"2\">Birle\u015fik Krall\u0131k\u2019ta \u015fiddetli ya\u011f\u0131\u015flar nedeniyle yakla\u015f\u0131k <b data-path-to-node=\"2\" data-index-in-node=\"57\">100<\/b> b\u00f6lge i\u00e7in sel uyar\u0131s\u0131 yap\u0131ld\u0131. <b data-path-to-node=\"2\" data-index-in-node=\"93\">BBC Hava Durumu<\/b>&#8216;nun verilerine g\u00f6re, \u00f6zellikle \u0130ngiltere\u2019nin g\u00fcneyi, Galler s\u0131n\u0131r\u0131 ve <b data-path-to-node=\"2\" data-index-in-node=\"179\">East Midlands<\/b> b\u00f6lgelerinde sel riski en \u00fcst seviyeye ula\u015ft\u0131. <b data-path-to-node=\"2\" data-index-in-node=\"240\">\u00c7evre Ajans\u0131 (EA)<\/b>, \u015fu ana kadar en az <b data-path-to-node=\"2\" data-index-in-node=\"278\">300<\/b> m\u00fclk\u00fcn sular alt\u0131nda kald\u0131\u011f\u0131n\u0131, buna kar\u015f\u0131n <b data-path-to-node=\"2\" data-index-in-node=\"326\">16.000<\/b> evin savunma sistemleri sayesinde korundu\u011funu bildirdi.<\/p>\n<h4 data-path-to-node=\"3\"><b data-path-to-node=\"3\" data-index-in-node=\"0\">Ya\u011f\u0131\u015flar\u0131n ard\u0131ndaki &#8216;bloklu&#8217; sistem<\/b><\/h4>\n<p data-path-to-node=\"4\">Hava sistemlerinin Birle\u015fik Krall\u0131k ve Bat\u0131 Avrupa \u00fczerinde duraksamas\u0131, g\u00fcnlerce s\u00fcren bulutlu ve ya\u011f\u0131\u015fl\u0131 bir havaya neden oldu. Bu durumun ana sebebi, \u0130skandinavya \u00fczerinde sabitlenen ve al\u00e7ak bas\u0131n\u00e7 sistemlerinin do\u011fuya hareketini engelleyen bir y\u00fcksek bas\u0131n\u00e7 alan\u0131, yani <b data-path-to-node=\"4\" data-index-in-node=\"275\">bloklu hava paterni<\/b> olarak tan\u0131mlan\u0131yor.<\/p>\n<p data-path-to-node=\"5\"><b data-path-to-node=\"5\" data-index-in-node=\"0\">Met Office<\/b>\u2019e g\u00f6re Ocak ay\u0131, Cornwall ve Kuzey \u0130rlanda\u2019n\u0131n County Down b\u00f6lgeleri i\u00e7in kay\u0131tlara ge\u00e7en en \u0131slak Ocak oldu. \u0130ngiltere\u2019nin baz\u0131 b\u00f6lgelerinde k\u0131\u015f ortalamas\u0131 \u015fimdiden <b data-path-to-node=\"5\" data-index-in-node=\"177\">%11<\/b> oran\u0131nda a\u015f\u0131ld\u0131. <b data-path-to-node=\"5\" data-index-in-node=\"198\">Worcestershire<\/b>, <b data-path-to-node=\"5\" data-index-in-node=\"214\">Devon<\/b> ve <b data-path-to-node=\"5\" data-index-in-node=\"223\">Cornwall<\/b> gibi b\u00f6lgelerde y\u0131l\u0131n ba\u015f\u0131ndan bu yana her g\u00fcn ya\u011f\u0131\u015f kaydedilmesi, topra\u011f\u0131n tamamen doygun hale gelmesine ve nehir seviyelerinin tehlikeli boyutlara ula\u015fmas\u0131na yol a\u00e7t\u0131.<\/p><div id=\"briti-1108295648\" class=\"briti-icerik\" style=\"margin-top: 5px;margin-bottom: 5px;\"><a href=\"https:\/\/piaryum.com\/services\/\" aria-label=\"piaryum banner\"><img loading=\"lazy\" decoding=\"async\" src=\"https:\/\/by-tv.co.uk\/wp-content\/uploads\/2025\/12\/Gemini_Generated_Image_g5yqr1g5yqr1g5yq.jpg\" alt=\"\"  width=\"2064\" height=\"1152\"   \/><\/a><\/div>\n<h4 data-path-to-node=\"6\"><b data-path-to-node=\"6\" data-index-in-node=\"0\">Hafta sonu k\u0131sa bir mola bekleniyor<\/b><\/h4>\n<p data-path-to-node=\"7\">Mevcut bloklu hava d\u00fczeni bu hafta sonuna do\u011fru k\u0131r\u0131lma sinyalleri veriyor. <b data-path-to-node=\"7\" data-index-in-node=\"76\">Cumartesi<\/b> g\u00fcn\u00fc al\u00e7ak bas\u0131n\u00e7 sistemlerinin do\u011fuya ilerlemesiyle kuzeyli r\u00fczgarlar\u0131n hakim olmas\u0131 ve havan\u0131n k\u0131sa s\u00fcreli\u011fine de olsa a\u00e7mas\u0131 bekleniyor. Ancak bu ferahlaman\u0131n ard\u0131ndan <b data-path-to-node=\"7\" data-index-in-node=\"257\">Pazar<\/b> g\u00fcn\u00fc ya\u011f\u0131\u015flar\u0131n, kuzey b\u00f6lgelerinde karla kar\u0131\u015f\u0131k \u015fekilde geri d\u00f6nece\u011fi tahmin ediliyor.<\/p>\n<p data-path-to-node=\"8\">Uzmanlar, Birle\u015fik Krall\u0131k genelinde \u00f6n\u00fcm\u00fczdeki <b data-path-to-node=\"8\" data-index-in-node=\"48\">7-10 g\u00fcn<\/b> boyunca uzun s\u00fcreli kurak bir d\u00f6nemin g\u00f6r\u00fclmeyece\u011fi konusunda uyar\u0131da bulunuyor.<\/p>\n<\/div>\n<\/div>\n<div id=\"briti-1812152686\" class=\"briti-icerikten-sonra_2\" style=\"margin-top: 25px;margin-bottom: 25px;\"><a href=\"https:\/\/wa.me\/message\/NDZLLIOQT4H3O1\" aria-label=\"bytv reklam banner\"><img loading=\"lazy\" decoding=\"async\" src=\"https:\/\/by-tv.co.uk\/wp-content\/uploads\/2025\/12\/bytv-reklam-banner.jpg\" alt=\"\"  width=\"2376\" height=\"1008\"   \/><\/a><\/div>","protected":false},"excerpt":{"rendered":"<p>Sel uyar\u0131lar\u0131 ve risk alt\u0131ndaki b\u00f6lgeler Birle\u015fik Krall\u0131k\u2019ta \u015fiddetli ya\u011f\u0131\u015flar nedeniyle yakla\u015f\u0131k 100 b\u00f6lge i\u00e7in sel uyar\u0131s\u0131 yap\u0131ld\u0131. BBC Hava Durumu&#8216;nun verilerine g\u00f6re, \u00f6zellikle \u0130ngiltere\u2019nin g\u00fcneyi, Galler s\u0131n\u0131r\u0131 ve East Midlands b\u00f6lgelerinde sel riski en \u00fcst seviyeye ula\u015ft\u0131. \u00c7evre Ajans\u0131 (EA), \u015fu ana kadar en az 300 m\u00fclk\u00fcn sular alt\u0131nda kald\u0131\u011f\u0131n\u0131, buna kar\u015f\u0131n 16.000 evin savunma sistemleri sayesinde korundu\u011funu bildirdi. Ya\u011f\u0131\u015flar\u0131n ard\u0131ndaki &#8216;bloklu&#8217; sistem Hava sistemlerinin Birle\u015fik Krall\u0131k ve Bat\u0131 Avrupa \u00fczerinde duraksamas\u0131, g\u00fcnlerce s\u00fcren bulutlu ve ya\u011f\u0131\u015fl\u0131 bir havaya neden oldu. Bu durumun ana sebebi, \u0130skandinavya \u00fczerinde sabitlenen ve al\u00e7ak bas\u0131n\u00e7 sistemlerinin do\u011fuya hareketini engelleyen bir y\u00fcksek bas\u0131n\u00e7 alan\u0131, [&hellip;]<\/p>\n","protected":false},"author":11,"featured_media":35265,"comment_status":"open","ping_status":"open","sticky":false,"template":"","format":"standard","meta":{"ngg_post_thumbnail":0,"footnotes":""},"categories":[5269],"tags":[],"class_list":["post-36213","post","type-post","status-publish","format-standard","has-post-thumbnail","hentry","category-birlesik-krallik"],"_links":{"self":[{"href":"https:\/\/by-tv.co.uk\/en\/wp-json\/wp\/v2\/posts\/36213","targetHints":{"allow":["GET"]}}],"collection":[{"href":"https:\/\/by-tv.co.uk\/en\/wp-json\/wp\/v2\/posts"}],"about":[{"href":"https:\/\/by-tv.co.uk\/en\/wp-json\/wp\/v2\/types\/post"}],"author":[{"embeddable":true,"href":"https:\/\/by-tv.co.uk\/en\/wp-json\/wp\/v2\/users\/11"}],"replies":[{"embeddable":true,"href":"https:\/\/by-tv.co.uk\/en\/wp-json\/wp\/v2\/comments?post=36213"}],"version-history":[{"count":2,"href":"https:\/\/by-tv.co.uk\/en\/wp-json\/wp\/v2\/posts\/36213\/revisions"}],"predecessor-version":[{"id":36215,"href":"https:\/\/by-tv.co.uk\/en\/wp-json\/wp\/v2\/posts\/36213\/revisions\/36215"}],"wp:featuredmedia":[{"embeddable":true,"href":"https:\/\/by-tv.co.uk\/en\/wp-json\/wp\/v2\/media\/35265"}],"wp:attachment":[{"href":"https:\/\/by-tv.co.uk\/en\/wp-json\/wp\/v2\/media?parent=36213"}],"wp:term":[{"taxonomy":"category","embeddable":true,"href":"https:\/\/by-tv.co.uk\/en\/wp-json\/wp\/v2\/categories?post=36213"},{"taxonomy":"post_tag","embeddable":true,"href":"https:\/\/by-tv.co.uk\/en\/wp-json\/wp\/v2\/tags?post=36213"}],"curies":[{"name":"wp","href":"https:\/\/api.w.org\/{rel}","templated":true}]}}