{"id":36192,"date":"2026-02-09T12:27:38","date_gmt":"2026-02-09T12:27:38","guid":{"rendered":"https:\/\/by-tv.co.uk\/?p=36192"},"modified":"2026-02-09T12:27:38","modified_gmt":"2026-02-09T12:27:38","slug":"mandelsonin-abd-buyukelciligi-tazminati-inceleniyor","status":"publish","type":"post","link":"https:\/\/by-tv.co.uk\/en\/mandelsonin-abd-buyukelciligi-tazminati-inceleniyor\/","title":{"rendered":"Mandelson\u2019\u0131n ABD B\u00fcy\u00fckel\u00e7ili\u011fi Tazminat\u0131 \u0130nceleniyor"},"content":{"rendered":"<div id=\"model-response-message-contentr_020cf2ace9f44599\" class=\"markdown markdown-main-panel enable-updated-hr-color\" dir=\"ltr\" aria-live=\"polite\" aria-busy=\"false\">\n<h4 data-path-to-node=\"1\"><b data-path-to-node=\"1\" data-index-in-node=\"0\">Mandelson\u2019a \u00d6denen Tazminat Mercek Alt\u0131nda<\/b><\/h4>\n<p data-path-to-node=\"2\">\u0130ngiltere <b data-path-to-node=\"2\" data-index-in-node=\"10\">D\u0131\u015fi\u015fleri Bakanl\u0131\u011f\u0131<\/b> kaynaklar\u0131, ABD B\u00fcy\u00fckel\u00e7ili\u011fi g\u00f6revine son verilen <b data-path-to-node=\"2\" data-index-in-node=\"81\">Lord Mandelson<\/b>\u2019a yap\u0131lan \u00f6demelerin mercek alt\u0131na al\u0131nd\u0131\u011f\u0131n\u0131 do\u011frulad\u0131. <b data-path-to-node=\"2\" data-index-in-node=\"153\">BBC<\/b>\u2019nin haberine g\u00f6re bu inceleme karar\u0131, Mandelson\u2019\u0131n h\u00fck\u00fcm giymi\u015f cinsel su\u00e7lu <b data-path-to-node=\"2\" data-index-in-node=\"234\">Jeffrey Epstein<\/b> ile olan temaslar\u0131na dair yeni detaylar\u0131n ortaya \u00e7\u0131kmas\u0131 ve Birle\u015fik Krall\u0131k\u2019ta ayr\u0131 bir polis soru\u015fturmas\u0131 ba\u015flat\u0131lmas\u0131n\u0131n ard\u0131ndan al\u0131nd\u0131.<\/p>\n<p data-path-to-node=\"3\">Eyl\u00fcl ay\u0131nda g\u00f6revden al\u0131nan <b data-path-to-node=\"3\" data-index-in-node=\"29\">Mandelson<\/b>\u2019a, yakla\u015f\u0131k <b data-path-to-node=\"3\" data-index-in-node=\"51\">40.000 sterlin<\/b> tutar\u0131nda bir k\u0131dem tazminat\u0131 \u00f6dendi\u011fi tahmin ediliyor. \u00c7al\u0131\u015fma ve Emeklilik Bakan\u0131 <b data-path-to-node=\"3\" data-index-in-node=\"150\">Pat McFadden<\/b>, yapt\u0131\u011f\u0131 a\u00e7\u0131klamada Mandelson\u2019\u0131n bu paray\u0131 ya iade etmesi ya da ma\u011fdurlar\u0131 destekleyen bir hay\u0131r kurumuna ba\u011f\u0131\u015flamas\u0131 gerekti\u011fini vurgulad\u0131.<\/p>\n<h4 data-path-to-node=\"4\"><b data-path-to-node=\"4\" data-index-in-node=\"0\">Polis Soru\u015fturmas\u0131 ve Yeni Kan\u0131tlar<\/b><\/h4>\n<p data-path-to-node=\"5\">Cuma g\u00fcn\u00fc polis, ABD\u2019de yay\u0131mlanan yeni <b data-path-to-node=\"5\" data-index-in-node=\"40\">Epstein<\/b> dosyalar\u0131n\u0131n ard\u0131ndan <b data-path-to-node=\"5\" data-index-in-node=\"70\">Mandelson<\/b> ile ba\u011flant\u0131l\u0131 iki adreste arama yapt\u0131. Dosyalar, ikili aras\u0131nda mali politikalar \u00fczerine e-posta yaz\u0131\u015fmalar\u0131 oldu\u011funu g\u00f6sterirken, <b data-path-to-node=\"5\" data-index-in-node=\"212\">Metropolitan Polisi<\/b> &#8220;kamu g\u00f6revinde k\u00f6t\u00fcye kullanma&#8221; iddialar\u0131 \u00fczerine kapsaml\u0131 bir soru\u015fturma y\u00fcr\u00fct\u00fcyor.<\/p><div id=\"briti-2107553602\" class=\"briti-icerik\" style=\"margin-top: 5px;margin-bottom: 5px;\"><a href=\"https:\/\/piaryum.com\/services\/\" aria-label=\"piaryum banner\"><img loading=\"lazy\" decoding=\"async\" src=\"https:\/\/by-tv.co.uk\/wp-content\/uploads\/2025\/12\/Gemini_Generated_Image_g5yqr1g5yqr1g5yq.jpg\" alt=\"\"  width=\"2064\" height=\"1152\"   \/><\/a><\/div>\n<p data-path-to-node=\"6\">H\u00fck\u00fcmet kaynaklar\u0131, <b data-path-to-node=\"6\" data-index-in-node=\"20\">D\u0131\u015fi\u015fleri Bakanl\u0131\u011f\u0131<\/b> ile Mandelson aras\u0131nda finansal bir anla\u015fmaya var\u0131ld\u0131\u011f\u0131n\u0131 do\u011frulasa da tutar hakk\u0131nda resmi bir rakam payla\u015fmad\u0131. Ancak <b data-path-to-node=\"6\" data-index-in-node=\"160\">The Times<\/b> gazetesine g\u00f6re \u00f6deme, b\u00fcy\u00fckel\u00e7ilik maa\u015f\u0131n\u0131n \u00fc\u00e7 ayl\u0131k tutar\u0131na denk geliyor. Tipik bir b\u00fcy\u00fckel\u00e7ilik maa\u015f\u0131 g\u00f6z \u00f6n\u00fcne al\u0131nd\u0131\u011f\u0131nda bu rakam\u0131n <b data-path-to-node=\"6\" data-index-in-node=\"309\">155.000<\/b> ile <b data-path-to-node=\"6\" data-index-in-node=\"321\">160.000 sterlin<\/b> band\u0131nda oldu\u011fu hesaplan\u0131yor.<\/p>\n<h4 data-path-to-node=\"7\"><b data-path-to-node=\"7\" data-index-in-node=\"0\">Siyasi Bask\u0131 ve \u015eeffafl\u0131k Karar\u0131<\/b><\/h4>\n<p data-path-to-node=\"8\">\u0130ngiltere <b data-path-to-node=\"8\" data-index-in-node=\"10\">Parlamentosu<\/b>, \u00c7ar\u015famba g\u00fcn\u00fc bakanlar\u0131n Mandelson\u2019\u0131n atanma s\u00fcreci ve g\u00f6rev d\u00f6nemiyle ilgili t\u00fcm resmi belgeleri ve elektronik yaz\u0131\u015fmalar\u0131 a\u00e7\u0131klamas\u0131na karar verdi. <b data-path-to-node=\"8\" data-index-in-node=\"174\">D\u0131\u015fi\u015fleri Bakanl\u0131\u011f\u0131<\/b> s\u00f6zc\u00fcs\u00fc, s\u00fcrecin yasal tavsiyeler ve kamu personeli kurallar\u0131 \u00e7er\u00e7evesinde y\u00fcr\u00fct\u00fcld\u00fc\u011f\u00fcn\u00fc, detayl\u0131 bilgilerin parlamentoya sunulaca\u011f\u0131n\u0131 belirtti.<\/p>\n<p data-path-to-node=\"9\"><b data-path-to-node=\"9\" data-index-in-node=\"0\">Mandelson<\/b>, hakk\u0131ndaki iddialar\u0131 reddederek herhangi bir su\u00e7 i\u015flemedi\u011fini ve maddi kazan\u00e7 motivasyonuyla hareket etmedi\u011fini savunuyor. Emniyet yetkilileri ise soru\u015fturman\u0131n karma\u015f\u0131k oldu\u011funu ve kan\u0131t toplama s\u00fcrecinin zaman alaca\u011f\u0131n\u0131 ifade etti.<\/p>\n<\/div>\n<div id=\"briti-2563793257\" class=\"briti-icerikten-sonra_2\" style=\"margin-top: 25px;margin-bottom: 25px;\"><a href=\"https:\/\/wa.me\/message\/NDZLLIOQT4H3O1\" aria-label=\"bytv reklam banner\"><img loading=\"lazy\" decoding=\"async\" src=\"https:\/\/by-tv.co.uk\/wp-content\/uploads\/2025\/12\/bytv-reklam-banner.jpg\" alt=\"\"  width=\"2376\" height=\"1008\"   \/><\/a><\/div>","protected":false},"excerpt":{"rendered":"<p>Mandelson\u2019a \u00d6denen Tazminat Mercek Alt\u0131nda \u0130ngiltere D\u0131\u015fi\u015fleri Bakanl\u0131\u011f\u0131 kaynaklar\u0131, ABD B\u00fcy\u00fckel\u00e7ili\u011fi g\u00f6revine son verilen Lord Mandelson\u2019a yap\u0131lan \u00f6demelerin mercek alt\u0131na al\u0131nd\u0131\u011f\u0131n\u0131 do\u011frulad\u0131. BBC\u2019nin haberine g\u00f6re bu inceleme karar\u0131, Mandelson\u2019\u0131n h\u00fck\u00fcm giymi\u015f cinsel su\u00e7lu Jeffrey Epstein ile olan temaslar\u0131na dair yeni detaylar\u0131n ortaya \u00e7\u0131kmas\u0131 ve Birle\u015fik Krall\u0131k\u2019ta ayr\u0131 bir polis soru\u015fturmas\u0131 ba\u015flat\u0131lmas\u0131n\u0131n ard\u0131ndan al\u0131nd\u0131. Eyl\u00fcl ay\u0131nda g\u00f6revden al\u0131nan Mandelson\u2019a, yakla\u015f\u0131k 40.000 sterlin tutar\u0131nda bir k\u0131dem tazminat\u0131 \u00f6dendi\u011fi tahmin ediliyor. \u00c7al\u0131\u015fma ve Emeklilik Bakan\u0131 Pat McFadden, yapt\u0131\u011f\u0131 a\u00e7\u0131klamada Mandelson\u2019\u0131n bu paray\u0131 ya iade etmesi ya da ma\u011fdurlar\u0131 destekleyen bir hay\u0131r kurumuna ba\u011f\u0131\u015flamas\u0131 gerekti\u011fini vurgulad\u0131. Polis Soru\u015fturmas\u0131 ve Yeni Kan\u0131tlar Cuma g\u00fcn\u00fc polis, [&hellip;]<\/p>\n","protected":false},"author":11,"featured_media":35945,"comment_status":"open","ping_status":"open","sticky":false,"template":"","format":"standard","meta":{"ngg_post_thumbnail":0,"footnotes":""},"categories":[5269,15],"tags":[],"class_list":["post-36192","post","type-post","status-publish","format-standard","has-post-thumbnail","hentry","category-birlesik-krallik","category-ingiltere"],"_links":{"self":[{"href":"https:\/\/by-tv.co.uk\/en\/wp-json\/wp\/v2\/posts\/36192","targetHints":{"allow":["GET"]}}],"collection":[{"href":"https:\/\/by-tv.co.uk\/en\/wp-json\/wp\/v2\/posts"}],"about":[{"href":"https:\/\/by-tv.co.uk\/en\/wp-json\/wp\/v2\/types\/post"}],"author":[{"embeddable":true,"href":"https:\/\/by-tv.co.uk\/en\/wp-json\/wp\/v2\/users\/11"}],"replies":[{"embeddable":true,"href":"https:\/\/by-tv.co.uk\/en\/wp-json\/wp\/v2\/comments?post=36192"}],"version-history":[{"count":1,"href":"https:\/\/by-tv.co.uk\/en\/wp-json\/wp\/v2\/posts\/36192\/revisions"}],"predecessor-version":[{"id":36193,"href":"https:\/\/by-tv.co.uk\/en\/wp-json\/wp\/v2\/posts\/36192\/revisions\/36193"}],"wp:featuredmedia":[{"embeddable":true,"href":"https:\/\/by-tv.co.uk\/en\/wp-json\/wp\/v2\/media\/35945"}],"wp:attachment":[{"href":"https:\/\/by-tv.co.uk\/en\/wp-json\/wp\/v2\/media?parent=36192"}],"wp:term":[{"taxonomy":"category","embeddable":true,"href":"https:\/\/by-tv.co.uk\/en\/wp-json\/wp\/v2\/categories?post=36192"},{"taxonomy":"post_tag","embeddable":true,"href":"https:\/\/by-tv.co.uk\/en\/wp-json\/wp\/v2\/tags?post=36192"}],"curies":[{"name":"wp","href":"https:\/\/api.w.org\/{rel}","templated":true}]}}