{"id":36188,"date":"2026-02-09T12:14:19","date_gmt":"2026-02-09T12:14:19","guid":{"rendered":"https:\/\/by-tv.co.uk\/?p=36188"},"modified":"2026-02-09T12:14:19","modified_gmt":"2026-02-09T12:14:19","slug":"starmerin-zor-gunleri-bir-kilit-isim-daha-istifa-etti","status":"publish","type":"post","link":"https:\/\/by-tv.co.uk\/en\/starmerin-zor-gunleri-bir-kilit-isim-daha-istifa-etti\/","title":{"rendered":"Starmer\u2019\u0131n zor g\u00fcnleri: Bir kilit isim daha istifa etti"},"content":{"rendered":"<div id=\"model-response-message-contentr_b1a0029bdc0b1127\" class=\"markdown markdown-main-panel enable-updated-hr-color\" dir=\"ltr\" aria-live=\"off\" aria-busy=\"false\">\n<h4 data-path-to-node=\"2\"><b data-path-to-node=\"2\" data-index-in-node=\"0\">No 10\u2019da \u00fcst d\u00fczey ayr\u0131l\u0131k<\/b><\/h4>\n<p data-path-to-node=\"3\"><b data-path-to-node=\"3\" data-index-in-node=\"0\">The Independent<\/b>\u2019\u0131n haberine g\u00f6re, Birle\u015fik Krall\u0131k Ba\u015fbakan\u0131 <b data-path-to-node=\"3\" data-index-in-node=\"61\">Sir Keir Starmer<\/b>&#8216;\u0131n \u0130leti\u015fim Direkt\u00f6r\u00fc <b data-path-to-node=\"3\" data-index-in-node=\"100\">Tim Allan<\/b>, g\u00f6revinden istifa etti\u011fini a\u00e7\u0131klad\u0131. Allan, bu karar\u0131 yeni bir ekip kurulmas\u0131na imkan tan\u0131mak amac\u0131yla ald\u0131\u011f\u0131n\u0131 belirtti.<\/p>\n<p data-path-to-node=\"4\">Bu geli\u015fme, \u00d6zel Kalem M\u00fcd\u00fcr\u00fc <b data-path-to-node=\"4\" data-index-in-node=\"30\">Morgan McSweeney<\/b>\u2019nin, \u00e7ocuk istismar\u0131 su\u00e7lusu Jeffrey Epstein ile ba\u011flant\u0131lar\u0131 bulunan <b data-path-to-node=\"4\" data-index-in-node=\"117\">Lord Mandelson<\/b>&#8216;un Washington B\u00fcy\u00fckel\u00e7isi olarak atanmas\u0131ndaki rol\u00fc nedeniyle istifa etmesinin hemen ard\u0131ndan geldi. <b data-path-to-node=\"4\" data-index-in-node=\"233\">Tim Allan<\/b>, veda mesaj\u0131nda Ba\u015fbakan ve ekibine ba\u015far\u0131lar diledi.<\/p>\n<h4 data-path-to-node=\"5\"><b data-path-to-node=\"5\" data-index-in-node=\"0\">Starmer\u2019\u0131n liderli\u011fi tehlikede mi?<\/b><\/h4>\n<p data-path-to-node=\"6\">H\u00fck\u00fcmet i\u00e7indeki skandal\u0131n b\u00fcy\u00fcmesiyle birlikte, Ba\u015fbakan <b data-path-to-node=\"6\" data-index-in-node=\"58\">Starmer<\/b> \u00fczerindeki istifa bask\u0131s\u0131 giderek art\u0131yor. <b data-path-to-node=\"6\" data-index-in-node=\"109\">\u0130\u015f\u00e7i Partisi<\/b> i\u00e7erisindeki bir\u00e7ok milletvekilinin, Ba\u015fbakan&#8217;\u0131n yarg\u0131lama ve karar verme yetisini sorgulad\u0131\u011f\u0131 ifade ediliyor.<\/p><div id=\"briti-4050931534\" class=\"briti-icerik\" style=\"margin-top: 5px;margin-bottom: 5px;\"><a href=\"https:\/\/piaryum.com\/services\/\" aria-label=\"piaryum banner\"><img loading=\"lazy\" decoding=\"async\" src=\"https:\/\/by-tv.co.uk\/wp-content\/uploads\/2025\/12\/Gemini_Generated_Image_g5yqr1g5yqr1g5yq.jpg\" alt=\"\"  width=\"2064\" height=\"1152\"   \/><\/a><\/div>\n<p data-path-to-node=\"7\">Anket\u00f6r <b data-path-to-node=\"7\" data-index-in-node=\"8\">Lord Robert Hayward<\/b>, iktidar partisinin &#8220;art\u0131k ba\u015fka birini deneme&#8221; a\u015famas\u0131na yakla\u015ft\u0131\u011f\u0131n\u0131 ve <b data-path-to-node=\"7\" data-index-in-node=\"102\">Starmer<\/b>&#8216;\u0131n liderli\u011finin sona ermesinin &#8220;ka\u00e7\u0131n\u0131lmaz&#8221; oldu\u011funu \u00f6ne s\u00fcrd\u00fc. Hayward, lider de\u011fi\u015fiminin 26 \u015eubat&#8217;taki ara se\u00e7imlerin ard\u0131ndan g\u00fcndeme gelebilece\u011fini iddia etti.<\/p>\n<h4 data-path-to-node=\"8\"><b data-path-to-node=\"8\" data-index-in-node=\"0\">Ba\u015fbakan&#8217;dan birlik mesaj\u0131<\/b><\/h4>\n<p data-path-to-node=\"9\">Geli\u015fmelerin ard\u0131ndan <b data-path-to-node=\"9\" data-index-in-node=\"22\">No 10<\/b> personeline hitap eden <b data-path-to-node=\"9\" data-index-in-node=\"51\">Sir Keir Starmer<\/b>, <b data-path-to-node=\"9\" data-index-in-node=\"69\">Lord Mandelson<\/b> atamas\u0131 nedeniyle pi\u015fman oldu\u011funu ve ma\u011fdurlardan \u00f6z\u00fcr diledi\u011fini yineledi. G\u00f6revden ayr\u0131lan <b data-path-to-node=\"9\" data-index-in-node=\"177\">Morgan McSweeney<\/b>\u2019ye sadakati i\u00e7in te\u015fekk\u00fcr eden Ba\u015fbakan, h\u00fck\u00fcmetin as\u0131l oda\u011f\u0131n\u0131n hayat pahal\u0131l\u0131\u011f\u0131 ve <b data-path-to-node=\"9\" data-index-in-node=\"279\">NHS<\/b> bekleme listelerini azaltmak oldu\u011funu vurgulad\u0131.<\/p>\n<p data-path-to-node=\"10\"><b data-path-to-node=\"10\" data-index-in-node=\"0\">Starmer<\/b>, siyasete olan g\u00fcveni yeniden in\u015fa etmeleri gerekti\u011fini belirterek, <i data-path-to-node=\"10\" data-index-in-node=\"76\">&#8220;\u00d6n\u00fcm\u00fcze bak\u0131yoruz, \u00fclkeyi de\u011fi\u015ftirmeye g\u00fcvenle devam ediyoruz&#8221;<\/i> s\u00f6zleriyle ekibine moral vermeye \u00e7al\u0131\u015ft\u0131.<\/p>\n<\/div>\n<div id=\"briti-1465667990\" class=\"briti-icerikten-sonra_2\" style=\"margin-top: 25px;margin-bottom: 25px;\"><a href=\"https:\/\/wa.me\/message\/NDZLLIOQT4H3O1\" aria-label=\"bytv reklam banner\"><img loading=\"lazy\" decoding=\"async\" src=\"https:\/\/by-tv.co.uk\/wp-content\/uploads\/2025\/12\/bytv-reklam-banner.jpg\" alt=\"\"  width=\"2376\" height=\"1008\"   \/><\/a><\/div>","protected":false},"excerpt":{"rendered":"<p>No 10\u2019da \u00fcst d\u00fczey ayr\u0131l\u0131k The Independent\u2019\u0131n haberine g\u00f6re, Birle\u015fik Krall\u0131k Ba\u015fbakan\u0131 Sir Keir Starmer&#8216;\u0131n \u0130leti\u015fim Direkt\u00f6r\u00fc Tim Allan, g\u00f6revinden istifa etti\u011fini a\u00e7\u0131klad\u0131. Allan, bu karar\u0131 yeni bir ekip kurulmas\u0131na imkan tan\u0131mak amac\u0131yla ald\u0131\u011f\u0131n\u0131 belirtti. Bu geli\u015fme, \u00d6zel Kalem M\u00fcd\u00fcr\u00fc Morgan McSweeney\u2019nin, \u00e7ocuk istismar\u0131 su\u00e7lusu Jeffrey Epstein ile ba\u011flant\u0131lar\u0131 bulunan Lord Mandelson&#8216;un Washington B\u00fcy\u00fckel\u00e7isi olarak atanmas\u0131ndaki rol\u00fc nedeniyle istifa etmesinin hemen ard\u0131ndan geldi. Tim Allan, veda mesaj\u0131nda Ba\u015fbakan ve ekibine ba\u015far\u0131lar diledi. Starmer\u2019\u0131n liderli\u011fi tehlikede mi? H\u00fck\u00fcmet i\u00e7indeki skandal\u0131n b\u00fcy\u00fcmesiyle birlikte, Ba\u015fbakan Starmer \u00fczerindeki istifa bask\u0131s\u0131 giderek art\u0131yor. \u0130\u015f\u00e7i Partisi i\u00e7erisindeki bir\u00e7ok milletvekilinin, Ba\u015fbakan&#8217;\u0131n yarg\u0131lama ve karar verme yetisini sorgulad\u0131\u011f\u0131 [&hellip;]<\/p>\n","protected":false},"author":11,"featured_media":35596,"comment_status":"open","ping_status":"open","sticky":false,"template":"","format":"standard","meta":{"ngg_post_thumbnail":0,"footnotes":""},"categories":[5269,15],"tags":[],"class_list":["post-36188","post","type-post","status-publish","format-standard","has-post-thumbnail","hentry","category-birlesik-krallik","category-ingiltere"],"_links":{"self":[{"href":"https:\/\/by-tv.co.uk\/en\/wp-json\/wp\/v2\/posts\/36188","targetHints":{"allow":["GET"]}}],"collection":[{"href":"https:\/\/by-tv.co.uk\/en\/wp-json\/wp\/v2\/posts"}],"about":[{"href":"https:\/\/by-tv.co.uk\/en\/wp-json\/wp\/v2\/types\/post"}],"author":[{"embeddable":true,"href":"https:\/\/by-tv.co.uk\/en\/wp-json\/wp\/v2\/users\/11"}],"replies":[{"embeddable":true,"href":"https:\/\/by-tv.co.uk\/en\/wp-json\/wp\/v2\/comments?post=36188"}],"version-history":[{"count":1,"href":"https:\/\/by-tv.co.uk\/en\/wp-json\/wp\/v2\/posts\/36188\/revisions"}],"predecessor-version":[{"id":36189,"href":"https:\/\/by-tv.co.uk\/en\/wp-json\/wp\/v2\/posts\/36188\/revisions\/36189"}],"wp:featuredmedia":[{"embeddable":true,"href":"https:\/\/by-tv.co.uk\/en\/wp-json\/wp\/v2\/media\/35596"}],"wp:attachment":[{"href":"https:\/\/by-tv.co.uk\/en\/wp-json\/wp\/v2\/media?parent=36188"}],"wp:term":[{"taxonomy":"category","embeddable":true,"href":"https:\/\/by-tv.co.uk\/en\/wp-json\/wp\/v2\/categories?post=36188"},{"taxonomy":"post_tag","embeddable":true,"href":"https:\/\/by-tv.co.uk\/en\/wp-json\/wp\/v2\/tags?post=36188"}],"curies":[{"name":"wp","href":"https:\/\/api.w.org\/{rel}","templated":true}]}}