{"id":36186,"date":"2026-02-09T12:05:30","date_gmt":"2026-02-09T12:05:30","guid":{"rendered":"https:\/\/by-tv.co.uk\/?p=36186"},"modified":"2026-02-09T12:05:30","modified_gmt":"2026-02-09T12:05:30","slug":"ingiltere-jimmy-lai-karari-sonrasi-hong-kong-vizelerini-genisletti","status":"publish","type":"post","link":"https:\/\/by-tv.co.uk\/en\/ingiltere-jimmy-lai-karari-sonrasi-hong-kong-vizelerini-genisletti\/","title":{"rendered":"\u0130ngiltere, Jimmy Lai Karar\u0131 Sonras\u0131 Hong Kong Vizelerini Geni\u015fletti"},"content":{"rendered":"<div id=\"model-response-message-contentr_c189cfba0cc0d5fc\" class=\"markdown markdown-main-panel enable-updated-hr-color\" dir=\"ltr\" aria-live=\"off\" aria-busy=\"false\">\n<h4 data-path-to-node=\"1\"><b data-path-to-node=\"1\" data-index-in-node=\"0\">Yeni Vize D\u00fczenlemesi Y\u00fcr\u00fcrl\u00fckte<\/b><\/h4>\n<p data-path-to-node=\"2\">\u0130ngiliz h\u00fck\u00fcmeti, demokrasi yanl\u0131s\u0131 aktivist <b data-path-to-node=\"2\" data-index-in-node=\"45\">Jimmy Lai<\/b>\u2019ye verilen <b data-path-to-node=\"2\" data-index-in-node=\"66\">20 y\u0131l<\/b> hapis cezas\u0131n\u0131n ard\u0131ndan Hong Kong vize program\u0131n\u0131 geni\u015fletme karar\u0131 ald\u0131. <b data-path-to-node=\"2\" data-index-in-node=\"148\">\u0130\u00e7i\u015fleri Bakanl\u0131\u011f\u0131<\/b> taraf\u0131ndan yap\u0131lan a\u00e7\u0131klamaya g\u00f6re, binlerce Hong Konglu \u00f6n\u00fcm\u00fczdeki be\u015f y\u0131l i\u00e7inde Birle\u015fik Krall\u0131k\u2019a yerle\u015fme hakk\u0131 kazanacak.<\/p>\n<p data-path-to-node=\"3\">The Guardian\u2019\u0131n haberine g\u00f6re, <b data-path-to-node=\"3\" data-index-in-node=\"31\">1997<\/b> y\u0131l\u0131nda Hong Kong\u2019un \u00c7in\u2019e devri s\u0131ras\u0131nda re\u015fit olmayan ve <b data-path-to-node=\"3\" data-index-in-node=\"96\">\u0130ngiliz Deniza\u015f\u0131r\u0131 Vatanda\u015fl\u0131k (BNO)<\/b> stat\u00fcs\u00fcne sahip ki\u015filerin yeti\u015fkin \u00e7ocuklar\u0131, art\u0131k ebeveynlerinden ba\u011f\u0131ms\u0131z olarak vize ba\u015fvurusunda bulunabilecek. Bu d\u00fczenleme, \u00f6zellikle gen\u00e7 jenerasyonun \u0130ngiltere\u2019ye g\u00f6\u00e7 yolunu \u00f6nemli \u00f6l\u00e7\u00fcde kolayla\u015ft\u0131r\u0131yor.<\/p>\n<h4 data-path-to-node=\"4\"><b data-path-to-node=\"4\" data-index-in-node=\"0\">Demokrasi Aktivistlerine Destek<\/b><\/h4>\n<p data-path-to-node=\"5\">\u0130ngiltere\u2019nin bu hamlesi, b\u00f6lgedeki siyasi bask\u0131lar\u0131n artmas\u0131 ve <b data-path-to-node=\"5\" data-index-in-node=\"65\">Jimmy Lai<\/b> gibi sembol isimlere verilen a\u011f\u0131r cezalar sonras\u0131 geldi. <b data-path-to-node=\"5\" data-index-in-node=\"132\">\u0130\u00e7i\u015fleri Bakanl\u0131\u011f\u0131<\/b> s\u00f6zc\u00fcs\u00fc, vize rotas\u0131n\u0131n geni\u015fletilmesinin Birle\u015fik Krall\u0131k\u2019\u0131n Hong Kong halk\u0131na olan tarihi ve ahlaki ba\u011fl\u0131l\u0131\u011f\u0131n\u0131n bir g\u00f6stergesi oldu\u011funu vurgulad\u0131.<\/p><div id=\"briti-2980847285\" class=\"briti-icerik\" style=\"margin-top: 5px;margin-bottom: 5px;\"><a href=\"https:\/\/piaryum.com\/services\/\" aria-label=\"piaryum banner\"><img loading=\"lazy\" decoding=\"async\" src=\"https:\/\/by-tv.co.uk\/wp-content\/uploads\/2025\/12\/Gemini_Generated_Image_g5yqr1g5yqr1g5yq.jpg\" alt=\"\"  width=\"2064\" height=\"1152\"   \/><\/a><\/div>\n<p data-path-to-node=\"6\">Yeni kurallar \u00e7er\u00e7evesinde ba\u015fvuru sahiplerinin, ebeveynlerinin vize s\u00fcrecine dahil olma zorunlulu\u011fu ortadan kalk\u0131yor. Bu durumun, \u00f6n\u00fcm\u00fczdeki <b data-path-to-node=\"6\" data-index-in-node=\"142\">be\u015f y\u0131l<\/b> i\u00e7inde \u0130ngiltere\u2019ye gelecek ki\u015fi say\u0131s\u0131nda ciddi bir art\u0131\u015f yaratmas\u0131 bekleniyor.<\/p>\n<h4 data-path-to-node=\"7\"><b data-path-to-node=\"7\" data-index-in-node=\"0\">Diplomatik Yans\u0131malar ve S\u00fcre\u00e7<\/b><\/h4>\n<p data-path-to-node=\"8\">Birle\u015fik Krall\u0131k, Hong Kong\u2019da ulusal g\u00fcvenlik yasas\u0131n\u0131n y\u00fcr\u00fcrl\u00fc\u011fe girmesinden bu yana <b data-path-to-node=\"8\" data-index-in-node=\"87\">BNO<\/b> vize sistemini bir koruma kalkan\u0131 olarak kullan\u0131yor. Uzmanlar, vize kriterlerinin esnetilmesinin Londra ile Pekin aras\u0131ndaki diplomatik gerilimi t\u0131rmand\u0131rabilece\u011fine dikkat \u00e7ekiyor.<\/p>\n<p data-path-to-node=\"9\">Ba\u015fvurular\u0131n ba\u015flamas\u0131yla birlikte, vize program\u0131na dahil olacak yeni grubun Birle\u015fik Krall\u0131k ekonomisine ve i\u015f g\u00fcc\u00fcne kat\u0131l\u0131m\u0131 hedefleniyor. <b data-path-to-node=\"9\" data-index-in-node=\"142\">H\u00fck\u00fcmet<\/b>, Hong Konglular\u0131n entegrasyon s\u00fcre\u00e7leri i\u00e7in ek kaynaklar ay\u0131rmaya devam edece\u011fini bildirdi.<\/p>\n<\/div>\n<div id=\"briti-1670734795\" class=\"briti-icerikten-sonra_2\" style=\"margin-top: 25px;margin-bottom: 25px;\"><a href=\"https:\/\/wa.me\/message\/NDZLLIOQT4H3O1\" aria-label=\"bytv reklam banner\"><img loading=\"lazy\" decoding=\"async\" src=\"https:\/\/by-tv.co.uk\/wp-content\/uploads\/2025\/12\/bytv-reklam-banner.jpg\" alt=\"\"  width=\"2376\" height=\"1008\"   \/><\/a><\/div>","protected":false},"excerpt":{"rendered":"<p>Yeni Vize D\u00fczenlemesi Y\u00fcr\u00fcrl\u00fckte \u0130ngiliz h\u00fck\u00fcmeti, demokrasi yanl\u0131s\u0131 aktivist Jimmy Lai\u2019ye verilen 20 y\u0131l hapis cezas\u0131n\u0131n ard\u0131ndan Hong Kong vize program\u0131n\u0131 geni\u015fletme karar\u0131 ald\u0131. \u0130\u00e7i\u015fleri Bakanl\u0131\u011f\u0131 taraf\u0131ndan yap\u0131lan a\u00e7\u0131klamaya g\u00f6re, binlerce Hong Konglu \u00f6n\u00fcm\u00fczdeki be\u015f y\u0131l i\u00e7inde Birle\u015fik Krall\u0131k\u2019a yerle\u015fme hakk\u0131 kazanacak. The Guardian\u2019\u0131n haberine g\u00f6re, 1997 y\u0131l\u0131nda Hong Kong\u2019un \u00c7in\u2019e devri s\u0131ras\u0131nda re\u015fit olmayan ve \u0130ngiliz Deniza\u015f\u0131r\u0131 Vatanda\u015fl\u0131k (BNO) stat\u00fcs\u00fcne sahip ki\u015filerin yeti\u015fkin \u00e7ocuklar\u0131, art\u0131k ebeveynlerinden ba\u011f\u0131ms\u0131z olarak vize ba\u015fvurusunda bulunabilecek. Bu d\u00fczenleme, \u00f6zellikle gen\u00e7 jenerasyonun \u0130ngiltere\u2019ye g\u00f6\u00e7 yolunu \u00f6nemli \u00f6l\u00e7\u00fcde kolayla\u015ft\u0131r\u0131yor. Demokrasi Aktivistlerine Destek \u0130ngiltere\u2019nin bu hamlesi, b\u00f6lgedeki siyasi bask\u0131lar\u0131n artmas\u0131 ve Jimmy Lai gibi sembol isimlere verilen [&hellip;]<\/p>\n","protected":false},"author":11,"featured_media":27151,"comment_status":"open","ping_status":"open","sticky":false,"template":"","format":"standard","meta":{"ngg_post_thumbnail":0,"footnotes":""},"categories":[5269,15],"tags":[],"class_list":["post-36186","post","type-post","status-publish","format-standard","has-post-thumbnail","hentry","category-birlesik-krallik","category-ingiltere"],"_links":{"self":[{"href":"https:\/\/by-tv.co.uk\/en\/wp-json\/wp\/v2\/posts\/36186","targetHints":{"allow":["GET"]}}],"collection":[{"href":"https:\/\/by-tv.co.uk\/en\/wp-json\/wp\/v2\/posts"}],"about":[{"href":"https:\/\/by-tv.co.uk\/en\/wp-json\/wp\/v2\/types\/post"}],"author":[{"embeddable":true,"href":"https:\/\/by-tv.co.uk\/en\/wp-json\/wp\/v2\/users\/11"}],"replies":[{"embeddable":true,"href":"https:\/\/by-tv.co.uk\/en\/wp-json\/wp\/v2\/comments?post=36186"}],"version-history":[{"count":1,"href":"https:\/\/by-tv.co.uk\/en\/wp-json\/wp\/v2\/posts\/36186\/revisions"}],"predecessor-version":[{"id":36187,"href":"https:\/\/by-tv.co.uk\/en\/wp-json\/wp\/v2\/posts\/36186\/revisions\/36187"}],"wp:featuredmedia":[{"embeddable":true,"href":"https:\/\/by-tv.co.uk\/en\/wp-json\/wp\/v2\/media\/27151"}],"wp:attachment":[{"href":"https:\/\/by-tv.co.uk\/en\/wp-json\/wp\/v2\/media?parent=36186"}],"wp:term":[{"taxonomy":"category","embeddable":true,"href":"https:\/\/by-tv.co.uk\/en\/wp-json\/wp\/v2\/categories?post=36186"},{"taxonomy":"post_tag","embeddable":true,"href":"https:\/\/by-tv.co.uk\/en\/wp-json\/wp\/v2\/tags?post=36186"}],"curies":[{"name":"wp","href":"https:\/\/api.w.org\/{rel}","templated":true}]}}