{"id":36184,"date":"2026-02-09T11:22:14","date_gmt":"2026-02-09T11:22:14","guid":{"rendered":"https:\/\/by-tv.co.uk\/?p=36184"},"modified":"2026-02-09T11:22:14","modified_gmt":"2026-02-09T11:22:14","slug":"prens-andrewun-epstein-yazismalari-ifsa-oldu","status":"publish","type":"post","link":"https:\/\/by-tv.co.uk\/en\/prens-andrewun-epstein-yazismalari-ifsa-oldu\/","title":{"rendered":"Prens Andrew\u2019un Epstein Yaz\u0131\u015fmalar\u0131 \u0130f\u015fa Oldu"},"content":{"rendered":"<div id=\"model-response-message-contentr_b758e046f19acbc3\" class=\"markdown markdown-main-panel enable-updated-hr-color\" dir=\"ltr\" aria-live=\"polite\" aria-busy=\"false\">\n<div id=\"model-response-message-contentr_7b2fec84c48773ea\" class=\"markdown markdown-main-panel enable-updated-hr-color\" dir=\"ltr\" aria-live=\"polite\" aria-busy=\"false\">\n<h4 data-path-to-node=\"1\"><b data-path-to-node=\"1\" data-index-in-node=\"0\">Belgeler g\u00fcn y\u00fcz\u00fcne \u00e7\u0131kt\u0131<\/b><\/h4>\n<p data-path-to-node=\"2\"><b data-path-to-node=\"2\" data-index-in-node=\"0\">ABD Adalet Bakanl\u0131\u011f\u0131<\/b> taraf\u0131ndan bu ay yay\u0131mlanan belgeler, eski prens <b data-path-to-node=\"2\" data-index-in-node=\"70\">Andrew Mountbatten-Windsor<\/b>\u2019un \u0130ngiltere ticaret el\u00e7isi oldu\u011fu d\u00f6nemde <b data-path-to-node=\"2\" data-index-in-node=\"140\">Jeffrey Epstein<\/b> ile gizli bilgiler payla\u015ft\u0131\u011f\u0131n\u0131 ortaya koydu. \u0130ncelenen e-postalarda, Andrew\u2019un <b data-path-to-node=\"2\" data-index-in-node=\"236\">Hong Kong<\/b>, <b data-path-to-node=\"2\" data-index-in-node=\"247\">Vietnam<\/b> ve <b data-path-to-node=\"2\" data-index-in-node=\"258\">Singapur<\/b>\u2019a yapt\u0131\u011f\u0131 resmi ziyaretlere ili\u015fkin raporlar\u0131 Epstein\u2019a iletti\u011fi g\u00f6r\u00fcl\u00fcyor.<\/p>\n<p data-path-to-node=\"3\"><b data-path-to-node=\"3\" data-index-in-node=\"0\">\u0130\u015f\u00e7i Partisi<\/b> h\u00fck\u00fcmeti d\u00f6neminde d\u0131\u015f ticaret temsilcisi olarak g\u00f6rev yapan Andrew\u2019un, dan\u0131\u015fman\u0131ndan gelen raporlar\u0131 be\u015f dakika sonra Epstein\u2019a g\u00f6nderdi\u011fi anla\u015f\u0131ld\u0131. <b data-path-to-node=\"3\" data-index-in-node=\"164\">BBC<\/b>\u2019nin haberine g\u00f6re, <b data-path-to-node=\"3\" data-index-in-node=\"187\">2010<\/b> y\u0131l\u0131na ait yaz\u0131\u015fmalarda <b data-path-to-node=\"3\" data-index-in-node=\"216\">Afganistan<\/b>\u2019\u0131n Helmand vilayetindeki yat\u0131r\u0131m f\u0131rsatlar\u0131n\u0131 i\u00e7eren gizli bir brifingin de Epstein ile payla\u015f\u0131ld\u0131\u011f\u0131 \u00f6ne s\u00fcr\u00fcld\u00fc.<\/p>\n<h4 data-path-to-node=\"4\"><b data-path-to-node=\"4\" data-index-in-node=\"0\">Eski Bakan\u2019dan tepki<\/b><\/h4>\n<p data-path-to-node=\"5\">D\u00f6nemin \u0130\u015f D\u00fcnyas\u0131ndan Sorumlu Bakan\u0131 <b data-path-to-node=\"5\" data-index-in-node=\"38\">Vince Cable<\/b>, konuya ili\u015fkin yapt\u0131\u011f\u0131 a\u00e7\u0131klamada Andrew\u2019un yat\u0131r\u0131m f\u0131rsatlar\u0131 hakk\u0131nda bilgi payla\u015ft\u0131\u011f\u0131ndan haberdar olmad\u0131\u011f\u0131n\u0131 belirtti. Resmi h\u00fck\u00fcmet rehberi, ticaret el\u00e7ilerinin g\u00f6rev s\u00fcreleri bitse dahi hassas ticari ve siyasi bilgileri korumakla y\u00fck\u00fcml\u00fc oldu\u011funu ve <b data-path-to-node=\"5\" data-index-in-node=\"307\">Resmi S\u0131rlar Yasas\u0131<\/b>\u2019na tabi olduklar\u0131n\u0131 hat\u0131rlat\u0131yor.<\/p><div id=\"briti-1385385187\" class=\"briti-icerik\" style=\"margin-top: 5px;margin-bottom: 5px;\"><a href=\"https:\/\/piaryum.com\/services\/\" aria-label=\"piaryum banner\"><img loading=\"lazy\" decoding=\"async\" src=\"https:\/\/by-tv.co.uk\/wp-content\/uploads\/2025\/12\/Gemini_Generated_Image_g5yqr1g5yqr1g5yq.jpg\" alt=\"\"  width=\"2064\" height=\"1152\"   \/><\/a><\/div>\n<p data-path-to-node=\"6\">Eski D\u00fck t\u00fcm su\u00e7lamalar\u0131 reddetse de yeni belgelerde, Epstein\u2019\u0131n New York\u2019taki malikanesinde \u00e7ekildi\u011fi iddia edilen foto\u011fraflar\u0131 da yer al\u0131yor. <b data-path-to-node=\"6\" data-index-in-node=\"144\">2022<\/b> y\u0131l\u0131nda su\u00e7lay\u0131c\u0131s\u0131 <b data-path-to-node=\"6\" data-index-in-node=\"169\">Virginia Giuffre<\/b>\u2019ye milyonlarca sterlin tazminat \u00f6deyen Andrew, skandallar sonras\u0131 t\u00fcm kraliyet unvanlar\u0131n\u0131 kaybetmi\u015fti.<\/p>\n<h4 data-path-to-node=\"7\"><b data-path-to-node=\"7\" data-index-in-node=\"0\">Windsor\u2019dan sessiz ta\u015f\u0131nma<\/b><\/h4>\n<p data-path-to-node=\"8\">Skandal\u0131n yeni boyut kazanmas\u0131yla birlikte Andrew, uzun s\u00fcredir ya\u015fad\u0131\u011f\u0131 <b data-path-to-node=\"8\" data-index-in-node=\"73\">Royal Lodge<\/b>\u2019dan ayr\u0131larak <b data-path-to-node=\"8\" data-index-in-node=\"99\">Kral Charles<\/b>\u2019\u0131n <b data-path-to-node=\"8\" data-index-in-node=\"115\">Sandringham<\/b> malikanesindeki <b data-path-to-node=\"8\" data-index-in-node=\"143\">Wood Farm Cottage<\/b>\u2019a yerle\u015fti. Andrew\u2019un yeni evi olarak planlanan <b data-path-to-node=\"8\" data-index-in-node=\"209\">Marsh Farm<\/b>\u2019daki haz\u0131rl\u0131klar s\u00fcrerken, eski prensin nisan ay\u0131na kadar ge\u00e7ici konutunda kalaca\u011f\u0131 bildirildi.<\/p>\n<p data-path-to-node=\"9\">Kraliyet kaynaklar\u0131, Andrew\u2019un kira s\u00f6zle\u015fmesinin ekim ay\u0131na kadar s\u00fcrmesine ra\u011fmen ta\u015f\u0131nma s\u00fcrecinin b\u00fcy\u00fck k\u0131sm\u0131n\u0131 tamamlad\u0131\u011f\u0131n\u0131 ifade ediyor. Ta\u015f\u0131nma karar\u0131n\u0131n do\u011frudan son if\u015faatlarla ba\u011flant\u0131l\u0131 olmad\u0131\u011f\u0131 iddia edilse de eski d\u00fck\u00fcn b\u00f6lgeden uzakla\u015fmas\u0131 dikkat \u00e7ekiyor.<\/p>\n<\/div>\n<\/div>\n<div id=\"briti-1898512974\" class=\"briti-icerikten-sonra_2\" style=\"margin-top: 25px;margin-bottom: 25px;\"><a href=\"https:\/\/wa.me\/message\/NDZLLIOQT4H3O1\" aria-label=\"bytv reklam banner\"><img loading=\"lazy\" decoding=\"async\" src=\"https:\/\/by-tv.co.uk\/wp-content\/uploads\/2025\/12\/bytv-reklam-banner.jpg\" alt=\"\"  width=\"2376\" height=\"1008\"   \/><\/a><\/div>","protected":false},"excerpt":{"rendered":"<p>Belgeler g\u00fcn y\u00fcz\u00fcne \u00e7\u0131kt\u0131 ABD Adalet Bakanl\u0131\u011f\u0131 taraf\u0131ndan bu ay yay\u0131mlanan belgeler, eski prens Andrew Mountbatten-Windsor\u2019un \u0130ngiltere ticaret el\u00e7isi oldu\u011fu d\u00f6nemde Jeffrey Epstein ile gizli bilgiler payla\u015ft\u0131\u011f\u0131n\u0131 ortaya koydu. \u0130ncelenen e-postalarda, Andrew\u2019un Hong Kong, Vietnam ve Singapur\u2019a yapt\u0131\u011f\u0131 resmi ziyaretlere ili\u015fkin raporlar\u0131 Epstein\u2019a iletti\u011fi g\u00f6r\u00fcl\u00fcyor. \u0130\u015f\u00e7i Partisi h\u00fck\u00fcmeti d\u00f6neminde d\u0131\u015f ticaret temsilcisi olarak g\u00f6rev yapan Andrew\u2019un, dan\u0131\u015fman\u0131ndan gelen raporlar\u0131 be\u015f dakika sonra Epstein\u2019a g\u00f6nderdi\u011fi anla\u015f\u0131ld\u0131. BBC\u2019nin haberine g\u00f6re, 2010 y\u0131l\u0131na ait yaz\u0131\u015fmalarda Afganistan\u2019\u0131n Helmand vilayetindeki yat\u0131r\u0131m f\u0131rsatlar\u0131n\u0131 i\u00e7eren gizli bir brifingin de Epstein ile payla\u015f\u0131ld\u0131\u011f\u0131 \u00f6ne s\u00fcr\u00fcld\u00fc. Eski Bakan\u2019dan tepki D\u00f6nemin \u0130\u015f D\u00fcnyas\u0131ndan Sorumlu Bakan\u0131 Vince Cable, konuya ili\u015fkin yapt\u0131\u011f\u0131 [&hellip;]<\/p>\n","protected":false},"author":11,"featured_media":35932,"comment_status":"open","ping_status":"open","sticky":false,"template":"","format":"standard","meta":{"ngg_post_thumbnail":0,"footnotes":""},"categories":[5269,15],"tags":[],"class_list":["post-36184","post","type-post","status-publish","format-standard","has-post-thumbnail","hentry","category-birlesik-krallik","category-ingiltere"],"_links":{"self":[{"href":"https:\/\/by-tv.co.uk\/en\/wp-json\/wp\/v2\/posts\/36184","targetHints":{"allow":["GET"]}}],"collection":[{"href":"https:\/\/by-tv.co.uk\/en\/wp-json\/wp\/v2\/posts"}],"about":[{"href":"https:\/\/by-tv.co.uk\/en\/wp-json\/wp\/v2\/types\/post"}],"author":[{"embeddable":true,"href":"https:\/\/by-tv.co.uk\/en\/wp-json\/wp\/v2\/users\/11"}],"replies":[{"embeddable":true,"href":"https:\/\/by-tv.co.uk\/en\/wp-json\/wp\/v2\/comments?post=36184"}],"version-history":[{"count":1,"href":"https:\/\/by-tv.co.uk\/en\/wp-json\/wp\/v2\/posts\/36184\/revisions"}],"predecessor-version":[{"id":36185,"href":"https:\/\/by-tv.co.uk\/en\/wp-json\/wp\/v2\/posts\/36184\/revisions\/36185"}],"wp:featuredmedia":[{"embeddable":true,"href":"https:\/\/by-tv.co.uk\/en\/wp-json\/wp\/v2\/media\/35932"}],"wp:attachment":[{"href":"https:\/\/by-tv.co.uk\/en\/wp-json\/wp\/v2\/media?parent=36184"}],"wp:term":[{"taxonomy":"category","embeddable":true,"href":"https:\/\/by-tv.co.uk\/en\/wp-json\/wp\/v2\/categories?post=36184"},{"taxonomy":"post_tag","embeddable":true,"href":"https:\/\/by-tv.co.uk\/en\/wp-json\/wp\/v2\/tags?post=36184"}],"curies":[{"name":"wp","href":"https:\/\/api.w.org\/{rel}","templated":true}]}}