{"id":36179,"date":"2026-02-09T11:10:17","date_gmt":"2026-02-09T11:10:17","guid":{"rendered":"https:\/\/by-tv.co.uk\/?p=36179"},"modified":"2026-02-09T11:10:17","modified_gmt":"2026-02-09T11:10:17","slug":"egitimde-mufredat-reformu-cocuklari-kitaba-dondurme-cabasi","status":"publish","type":"post","link":"https:\/\/by-tv.co.uk\/en\/egitimde-mufredat-reformu-cocuklari-kitaba-dondurme-cabasi\/","title":{"rendered":"E\u011fitimde M\u00fcfredat Reformu: \u00c7ocuklar\u0131 Kitaba D\u00f6nd\u00fcrme \u00c7abas\u0131"},"content":{"rendered":"<div id=\"model-response-message-contentr_a281a845a6b52c2d\" class=\"markdown markdown-main-panel enable-updated-hr-color\" dir=\"ltr\" aria-live=\"polite\" aria-busy=\"false\">\n<div id=\"model-response-message-contentr_38fb21d63c20c1cd\" class=\"markdown markdown-main-panel enable-updated-hr-color\" dir=\"ltr\" aria-live=\"polite\" aria-busy=\"false\">\n<h4 data-path-to-node=\"2\"><b data-path-to-node=\"2\" data-index-in-node=\"0\">Okuma Al\u0131\u015fkanl\u0131\u011f\u0131nda M\u00fcfredat Engeli<\/b><\/h4>\n<p data-path-to-node=\"3\">Birle\u015fik Krall\u0131k\u2019ta \u00e7ocuklar\u0131n yeniden okuma al\u0131\u015fkanl\u0131\u011f\u0131 kazanmas\u0131, e\u011fitim d\u00fcnyas\u0131n\u0131n en \u00e7ok tart\u0131\u015f\u0131lan konular\u0131ndan biri haline geldi. M\u00fcfredattaki eserlerin g\u00fcn\u00fcm\u00fcz toplumunun \u00e7e\u015fitlili\u011fini yans\u0131tmad\u0131\u011f\u0131n\u0131 savunan aktivistler, \u0130ngiliz edebiyat\u0131 e\u011fitiminde k\u00f6kl\u00fc bir reform \u00e7a\u011fr\u0131s\u0131nda bulunuyor.<\/p>\n<p data-path-to-node=\"4\"><b data-path-to-node=\"4\" data-index-in-node=\"0\">Sky News\u2019in haberine g\u00f6re<\/b>, <b data-path-to-node=\"4\" data-index-in-node=\"27\">Public First<\/b> taraf\u0131ndan <b data-path-to-node=\"4\" data-index-in-node=\"51\">Lit in Colour<\/b> hareketi i\u00e7in yap\u0131lan bir ara\u015ft\u0131rma, gen\u00e7lerin <b data-path-to-node=\"4\" data-index-in-node=\"112\">%33<\/b>\u2019\u00fcn\u00fcn okulda okuduklar\u0131 kitaplar nedeniyle okumaktan so\u011fudu\u011funu ortaya koydu. Ara\u015ft\u0131rmaya kat\u0131lan \u00f6\u011frencilerin <b data-path-to-node=\"4\" data-index-in-node=\"226\">%68<\/b>\u2019i ise modern Birle\u015fik Krall\u0131k\u2019\u0131 daha iyi yans\u0131tan bir m\u00fcfredat talebinde bulunuyor.<\/p>\n<h4 data-path-to-node=\"5\"><b data-path-to-node=\"5\" data-index-in-node=\"0\">\u00c7e\u015fitlilik Empatiyi Art\u0131r\u0131yor<\/b><\/h4>\n<p data-path-to-node=\"6\">Oxfordshire\u2019daki <b data-path-to-node=\"6\" data-index-in-node=\"17\">The Swan School<\/b> \u00f6\u011frencileri, farkl\u0131 seslere yer veren bir m\u00fcfredat\u0131n bak\u0131\u015f a\u00e7\u0131lar\u0131n\u0131 de\u011fi\u015ftirdi\u011fini belirtiyor. \u00d6\u011frencilerden <b data-path-to-node=\"6\" data-index-in-node=\"143\">Saba<\/b>, edebiyatta \u00e7e\u015fitlili\u011fin d\u00fcnyay\u0131 anlama kapasitesini derinle\u015ftirdi\u011fini s\u00f6ylerken, <b data-path-to-node=\"6\" data-index-in-node=\"230\">Caspar<\/b> ise farkl\u0131 hayat hik\u00e2yeleri okuman\u0131n kendisini daha empatik bir birey haline getirdi\u011fini vurgulad\u0131.<\/p><div id=\"briti-1814200027\" class=\"briti-icerik\" style=\"margin-top: 5px;margin-bottom: 5px;\"><a href=\"https:\/\/piaryum.com\/services\/\" aria-label=\"piaryum banner\"><img loading=\"lazy\" decoding=\"async\" src=\"https:\/\/by-tv.co.uk\/wp-content\/uploads\/2025\/12\/Gemini_Generated_Image_g5yqr1g5yqr1g5yq.jpg\" alt=\"\"  width=\"2064\" height=\"1152\"   \/><\/a><\/div>\n<p data-path-to-node=\"7\">Okulun \u0130ngilizce B\u00f6l\u00fcm Ba\u015fkan\u0131 <b data-path-to-node=\"7\" data-index-in-node=\"31\">Harriet Hintzer<\/b>, do\u011fru i\u00e7erik sunuldu\u011funda \u00e7ocuklar\u0131n okumay\u0131 sevdi\u011fini ifade ederek <b data-path-to-node=\"7\" data-index-in-node=\"116\">Lit in Colour<\/b> gibi kampanyalar\u0131n \u00f6\u011fretmenlere zengin kaynaklar sundu\u011funa dikkat \u00e7ekti. H\u00fck\u00fcmetin son M\u00fcfredat ve De\u011ferlendirme \u0130ncelemesi de okullarda daha geni\u015f bir yelpazede kitap ve \u015fiir okutulmas\u0131n\u0131 tavsiye ediyor.<\/p>\n<h4 data-path-to-node=\"8\"><b data-path-to-node=\"8\" data-index-in-node=\"0\">Akademik Titizlik Tart\u0131\u015fmas\u0131<\/b><\/h4>\n<p data-path-to-node=\"9\">M\u00fcfredat\u0131n geni\u015fletilmesi konusunda baz\u0131 uzmanlar ise akademik standartlar\u0131n d\u00fc\u015febilece\u011fi uyar\u0131s\u0131nda bulunuyor. <b data-path-to-node=\"9\" data-index-in-node=\"112\">Don\u2019t Divide Us<\/b> grubunun direkt\u00f6r\u00fc <b data-path-to-node=\"9\" data-index-in-node=\"147\">Dr. Alka Sehgal Cuthbert<\/b>, <b data-path-to-node=\"9\" data-index-in-node=\"173\">Shakespeare<\/b> ve <b data-path-to-node=\"9\" data-index-in-node=\"188\">Dickens<\/b> gibi klasik yazarlar\u0131n merkezi konumlar\u0131n\u0131 korumalar\u0131 gerekti\u011fini savunuyor. <b data-path-to-node=\"9\" data-index-in-node=\"273\">Cuthbert<\/b>, edebi kaliteden \u00f6d\u00fcn verilmesinin \u00f6\u011frencilere zarar verece\u011fini ileri s\u00fcr\u00fcyor.<\/p>\n<p data-path-to-node=\"10\"><b data-path-to-node=\"10\" data-index-in-node=\"0\">E\u011fitim Bakanl\u0131\u011f\u0131<\/b> s\u00f6zc\u00fcs\u00fc, h\u00fck\u00fcmetin f\u0131rsat e\u015fitli\u011fi misyonu do\u011frultusunda y\u00fcksek standartlar\u0131 koruyaca\u011f\u0131n\u0131 belirtti. Bakanl\u0131k, klasik \u0130ngiliz edebiyat\u0131n\u0131n yan\u0131 s\u0131ra \u00f6\u011fretmenlere daha geni\u015f bir yazar ve metin se\u00e7kisi sunmalar\u0131 i\u00e7in alan yarat\u0131laca\u011f\u0131n\u0131 duyurdu. Halihaz\u0131rda baz\u0131 s\u0131nav kurullar\u0131, m\u00fcfredatlar\u0131na <b data-path-to-node=\"10\" data-index-in-node=\"309\">Malorie Blackman<\/b> ve Nobel \u00f6d\u00fcll\u00fc <b data-path-to-node=\"10\" data-index-in-node=\"342\">Kazuo Ishiguro<\/b> gibi isimlerin eserlerini dahil etmeye ba\u015flad\u0131.<\/p>\n<\/div>\n<\/div>\n<div id=\"briti-275460438\" class=\"briti-icerikten-sonra_2\" style=\"margin-top: 25px;margin-bottom: 25px;\"><a href=\"https:\/\/wa.me\/message\/NDZLLIOQT4H3O1\" aria-label=\"bytv reklam banner\"><img loading=\"lazy\" decoding=\"async\" src=\"https:\/\/by-tv.co.uk\/wp-content\/uploads\/2025\/12\/bytv-reklam-banner.jpg\" alt=\"\"  width=\"2376\" height=\"1008\"   \/><\/a><\/div>","protected":false},"excerpt":{"rendered":"<p>Okuma Al\u0131\u015fkanl\u0131\u011f\u0131nda M\u00fcfredat Engeli Birle\u015fik Krall\u0131k\u2019ta \u00e7ocuklar\u0131n yeniden okuma al\u0131\u015fkanl\u0131\u011f\u0131 kazanmas\u0131, e\u011fitim d\u00fcnyas\u0131n\u0131n en \u00e7ok tart\u0131\u015f\u0131lan konular\u0131ndan biri haline geldi. M\u00fcfredattaki eserlerin g\u00fcn\u00fcm\u00fcz toplumunun \u00e7e\u015fitlili\u011fini yans\u0131tmad\u0131\u011f\u0131n\u0131 savunan aktivistler, \u0130ngiliz edebiyat\u0131 e\u011fitiminde k\u00f6kl\u00fc bir reform \u00e7a\u011fr\u0131s\u0131nda bulunuyor. Sky News\u2019in haberine g\u00f6re, Public First taraf\u0131ndan Lit in Colour hareketi i\u00e7in yap\u0131lan bir ara\u015ft\u0131rma, gen\u00e7lerin %33\u2019\u00fcn\u00fcn okulda okuduklar\u0131 kitaplar nedeniyle okumaktan so\u011fudu\u011funu ortaya koydu. Ara\u015ft\u0131rmaya kat\u0131lan \u00f6\u011frencilerin %68\u2019i ise modern Birle\u015fik Krall\u0131k\u2019\u0131 daha iyi yans\u0131tan bir m\u00fcfredat talebinde bulunuyor. \u00c7e\u015fitlilik Empatiyi Art\u0131r\u0131yor Oxfordshire\u2019daki The Swan School \u00f6\u011frencileri, farkl\u0131 seslere yer veren bir m\u00fcfredat\u0131n bak\u0131\u015f a\u00e7\u0131lar\u0131n\u0131 de\u011fi\u015ftirdi\u011fini belirtiyor. \u00d6\u011frencilerden Saba, edebiyatta \u00e7e\u015fitlili\u011fin d\u00fcnyay\u0131 anlama [&hellip;]<\/p>\n","protected":false},"author":11,"featured_media":36180,"comment_status":"open","ping_status":"open","sticky":false,"template":"","format":"standard","meta":{"ngg_post_thumbnail":0,"footnotes":""},"categories":[5269,1519],"tags":[],"class_list":["post-36179","post","type-post","status-publish","format-standard","has-post-thumbnail","hentry","category-birlesik-krallik","category-egitim"],"_links":{"self":[{"href":"https:\/\/by-tv.co.uk\/en\/wp-json\/wp\/v2\/posts\/36179","targetHints":{"allow":["GET"]}}],"collection":[{"href":"https:\/\/by-tv.co.uk\/en\/wp-json\/wp\/v2\/posts"}],"about":[{"href":"https:\/\/by-tv.co.uk\/en\/wp-json\/wp\/v2\/types\/post"}],"author":[{"embeddable":true,"href":"https:\/\/by-tv.co.uk\/en\/wp-json\/wp\/v2\/users\/11"}],"replies":[{"embeddable":true,"href":"https:\/\/by-tv.co.uk\/en\/wp-json\/wp\/v2\/comments?post=36179"}],"version-history":[{"count":1,"href":"https:\/\/by-tv.co.uk\/en\/wp-json\/wp\/v2\/posts\/36179\/revisions"}],"predecessor-version":[{"id":36181,"href":"https:\/\/by-tv.co.uk\/en\/wp-json\/wp\/v2\/posts\/36179\/revisions\/36181"}],"wp:featuredmedia":[{"embeddable":true,"href":"https:\/\/by-tv.co.uk\/en\/wp-json\/wp\/v2\/media\/36180"}],"wp:attachment":[{"href":"https:\/\/by-tv.co.uk\/en\/wp-json\/wp\/v2\/media?parent=36179"}],"wp:term":[{"taxonomy":"category","embeddable":true,"href":"https:\/\/by-tv.co.uk\/en\/wp-json\/wp\/v2\/categories?post=36179"},{"taxonomy":"post_tag","embeddable":true,"href":"https:\/\/by-tv.co.uk\/en\/wp-json\/wp\/v2\/tags?post=36179"}],"curies":[{"name":"wp","href":"https:\/\/api.w.org\/{rel}","templated":true}]}}