{"id":36177,"date":"2026-02-09T10:24:47","date_gmt":"2026-02-09T10:24:47","guid":{"rendered":"https:\/\/by-tv.co.uk\/?p=36177"},"modified":"2026-02-09T10:24:47","modified_gmt":"2026-02-09T10:24:47","slug":"ingilterede-genc-makinist-donemi-basliyor","status":"publish","type":"post","link":"https:\/\/by-tv.co.uk\/en\/ingilterede-genc-makinist-donemi-basliyor\/","title":{"rendered":"\u0130ngiltere\u2019de Gen\u00e7 Makinist D\u00f6nemi Ba\u015fl\u0131yor"},"content":{"rendered":"<div id=\"model-response-message-contentr_13078f13e7c9346b\" class=\"markdown markdown-main-panel enable-updated-hr-color\" dir=\"ltr\" aria-live=\"off\" aria-busy=\"false\">\n<h4 data-path-to-node=\"1\"><b data-path-to-node=\"1\" data-index-in-node=\"0\">Demiryollar\u0131nda Gen\u00e7le\u015fme Operasyonu<\/b><\/h4>\n<p data-path-to-node=\"2\"><b data-path-to-node=\"2\" data-index-in-node=\"0\">Birle\u015fik Krall\u0131k<\/b> h\u00fck\u00fcmeti, demiryolu sekt\u00f6r\u00fcnde yakla\u015fan i\u015f g\u00fcc\u00fc krizini \u00f6nlemek ad\u0131na tarihi bir ad\u0131m at\u0131yor. <b data-path-to-node=\"2\" data-index-in-node=\"111\">\u0130\u015f\u00e7i Partisi<\/b>, bu hafta Avam Kamaras\u0131\u2019na sunaca\u011f\u0131 yeni yasal d\u00fczenleme ile makinist olabilmek i\u00e7in gereken alt ya\u015f s\u0131n\u0131r\u0131n\u0131 <b data-path-to-node=\"2\" data-index-in-node=\"234\">20\u2019den 18\u2019e<\/b> indirmeye haz\u0131rlan\u0131yor.<\/p>\n<p data-path-to-node=\"3\"><i data-path-to-node=\"3\" data-index-in-node=\"0\">The Guardian\u2019\u0131n haberine g\u00f6re<\/i>, demiryollar\u0131ndaki mevcut 24 bin makinistin ya\u015f ortalamas\u0131 <b data-path-to-node=\"3\" data-index-in-node=\"89\">48<\/b> seviyesinde bulunuyor. Makinistlerin yakla\u015f\u0131k <b data-path-to-node=\"3\" data-index-in-node=\"138\">%25<\/b>\u2019inin 2030 y\u0131l\u0131na kadar emekli olmas\u0131 beklenirken, sekt\u00f6rdeki \u00e7al\u0131\u015fanlar\u0131n yaln\u0131zca <b data-path-to-node=\"3\" data-index-in-node=\"225\">%3<\/b>\u2019\u00fc 30 ya\u015f\u0131n alt\u0131nda.<\/p>\n<h4 data-path-to-node=\"4\"><b data-path-to-node=\"4\" data-index-in-node=\"0\">2.500 Makinist A\u00e7\u0131\u011f\u0131 Kap\u0131da<\/b><\/h4>\n<p data-path-to-node=\"5\"><b data-path-to-node=\"5\" data-index-in-node=\"0\">Ulusal Demiryolu Becerileri Akademisi (NSAR)<\/b> taraf\u0131ndan yay\u0131mlanan raporlar, \u00f6nlem al\u0131nmamas\u0131 durumunda d\u00f6rt y\u0131l i\u00e7inde sekt\u00f6rde <b data-path-to-node=\"5\" data-index-in-node=\"129\">2.500<\/b> makinist a\u00e7\u0131\u011f\u0131 olu\u015fabilece\u011fi konusunda uyar\u0131da bulunuyor. H\u00fck\u00fcmet, ya\u015f s\u0131n\u0131r\u0131n\u0131 d\u00fc\u015f\u00fcrerek gen\u00e7leri do\u011frudan okul sonras\u0131nda bu alana \u00e7ekmeyi ve i\u015f g\u00fcc\u00fc piyasas\u0131ndaki bu bo\u015flu\u011fu doldurmay\u0131 hedefliyor.<\/p><div id=\"briti-1007728298\" class=\"briti-icerik\" style=\"margin-top: 5px;margin-bottom: 5px;\"><a href=\"https:\/\/piaryum.com\/services\/\" aria-label=\"piaryum banner\"><img loading=\"lazy\" decoding=\"async\" src=\"https:\/\/by-tv.co.uk\/wp-content\/uploads\/2025\/12\/Gemini_Generated_Image_g5yqr1g5yqr1g5yq.jpg\" alt=\"\"  width=\"2064\" height=\"1152\"   \/><\/a><\/div>\n<p data-path-to-node=\"6\"><b data-path-to-node=\"6\" data-index-in-node=\"0\">Ula\u015ft\u0131rma Bakan\u0131 Heidi Alexander<\/b>, ge\u00e7ti\u011fimiz y\u0131l yapt\u0131\u011f\u0131 de\u011ferlendirmede bu ad\u0131m\u0131n demiryollar\u0131n\u0131 makinist eksikli\u011finden kaynaklanan gecikme ve iptallere kar\u015f\u0131 koruyaca\u011f\u0131n\u0131 belirtti. <b data-path-to-node=\"6\" data-index-in-node=\"183\">Alexander<\/b>, projenin gen\u00e7lere yetenek gerektiren ve tatmin edici bir kariyer yolu sunarak ekonomik b\u00fcy\u00fcmeyi de destekleyece\u011fini vurgulad\u0131.<\/p>\n<h4 data-path-to-node=\"7\"><b data-path-to-node=\"7\" data-index-in-node=\"0\">Sendikadan Tam Destek<\/b><\/h4>\n<p data-path-to-node=\"8\">Makinist sendikas\u0131 <b data-path-to-node=\"8\" data-index-in-node=\"19\">Aslef<\/b>, y\u0131llard\u0131r savunduklar\u0131 bu de\u011fi\u015fikli\u011fin y\u00fcr\u00fcrl\u00fc\u011fe girmesinden memnuniyet duyduklar\u0131n\u0131 a\u00e7\u0131klad\u0131. <b data-path-to-node=\"8\" data-index-in-node=\"121\">Aslef Genel Sekreteri Dave Calfe<\/b>, gen\u00e7lerin kariyer tercihlerini genellikle 18 ya\u015f\u0131nda yapt\u0131\u011f\u0131n\u0131 ve mevcut yasalar nedeniyle yetenekli gen\u00e7lerin ba\u015fka sekt\u00f6rlere kayd\u0131\u011f\u0131n\u0131 ifade etti.<\/p>\n<p data-path-to-node=\"9\">Sekt\u00f6re dair baz\u0131 kritik veriler ve ko\u015fullar ise \u015f\u00f6yle:<\/p>\n<ul data-path-to-node=\"10\">\n<li>\n<p data-path-to-node=\"10,0,0\">Makinistlerin ortalama y\u0131ll\u0131k maa\u015f\u0131 yakla\u015f\u0131k <b data-path-to-node=\"10,0,0\" data-index-in-node=\"45\">70.000 sterlin<\/b>.<\/p>\n<\/li>\n<li>\n<p data-path-to-node=\"10,1,0\">E\u011fitim s\u00fcreci <b data-path-to-node=\"10,1,0\" data-index-in-node=\"14\">12 ile 18 ay<\/b> aras\u0131nda de\u011fi\u015fiyor ve adaylar\u0131n zorlu psikometrik testlerden ge\u00e7mesi gerekiyor.<\/p>\n<\/li>\n<li>\n<p data-path-to-node=\"10,2,0\">Almanya, Fransa ve Hollanda gibi Avrupa \u00fclkelerinde 18 ya\u015f\u0131ndaki makinistler halihaz\u0131rda g\u00f6rev yapabiliyor.<\/p>\n<\/li>\n<\/ul>\n<p data-path-to-node=\"11\">Yeni d\u00fczenleme ile Birle\u015fik Krall\u0131k\u2019\u0131n demiryolu a\u011f\u0131n\u0131n daha dinamik ve s\u00fcrd\u00fcr\u00fclebilir bir yap\u0131ya kavu\u015fturulmas\u0131 hedefleniyor.<\/p>\n<\/div>\n<div id=\"briti-4263944951\" class=\"briti-icerikten-sonra_2\" style=\"margin-top: 25px;margin-bottom: 25px;\"><a href=\"https:\/\/wa.me\/message\/NDZLLIOQT4H3O1\" aria-label=\"bytv reklam banner\"><img loading=\"lazy\" decoding=\"async\" src=\"https:\/\/by-tv.co.uk\/wp-content\/uploads\/2025\/12\/bytv-reklam-banner.jpg\" alt=\"\"  width=\"2376\" height=\"1008\"   \/><\/a><\/div>","protected":false},"excerpt":{"rendered":"<p>Demiryollar\u0131nda Gen\u00e7le\u015fme Operasyonu Birle\u015fik Krall\u0131k h\u00fck\u00fcmeti, demiryolu sekt\u00f6r\u00fcnde yakla\u015fan i\u015f g\u00fcc\u00fc krizini \u00f6nlemek ad\u0131na tarihi bir ad\u0131m at\u0131yor. \u0130\u015f\u00e7i Partisi, bu hafta Avam Kamaras\u0131\u2019na sunaca\u011f\u0131 yeni yasal d\u00fczenleme ile makinist olabilmek i\u00e7in gereken alt ya\u015f s\u0131n\u0131r\u0131n\u0131 20\u2019den 18\u2019e indirmeye haz\u0131rlan\u0131yor. The Guardian\u2019\u0131n haberine g\u00f6re, demiryollar\u0131ndaki mevcut 24 bin makinistin ya\u015f ortalamas\u0131 48 seviyesinde bulunuyor. Makinistlerin yakla\u015f\u0131k %25\u2019inin 2030 y\u0131l\u0131na kadar emekli olmas\u0131 beklenirken, sekt\u00f6rdeki \u00e7al\u0131\u015fanlar\u0131n yaln\u0131zca %3\u2019\u00fc 30 ya\u015f\u0131n alt\u0131nda. 2.500 Makinist A\u00e7\u0131\u011f\u0131 Kap\u0131da Ulusal Demiryolu Becerileri Akademisi (NSAR) taraf\u0131ndan yay\u0131mlanan raporlar, \u00f6nlem al\u0131nmamas\u0131 durumunda d\u00f6rt y\u0131l i\u00e7inde sekt\u00f6rde 2.500 makinist a\u00e7\u0131\u011f\u0131 olu\u015fabilece\u011fi konusunda uyar\u0131da bulunuyor. H\u00fck\u00fcmet, ya\u015f s\u0131n\u0131r\u0131n\u0131 d\u00fc\u015f\u00fcrerek [&hellip;]<\/p>\n","protected":false},"author":11,"featured_media":34644,"comment_status":"open","ping_status":"open","sticky":false,"template":"","format":"standard","meta":{"ngg_post_thumbnail":0,"footnotes":""},"categories":[5269,15],"tags":[],"class_list":["post-36177","post","type-post","status-publish","format-standard","has-post-thumbnail","hentry","category-birlesik-krallik","category-ingiltere"],"_links":{"self":[{"href":"https:\/\/by-tv.co.uk\/en\/wp-json\/wp\/v2\/posts\/36177","targetHints":{"allow":["GET"]}}],"collection":[{"href":"https:\/\/by-tv.co.uk\/en\/wp-json\/wp\/v2\/posts"}],"about":[{"href":"https:\/\/by-tv.co.uk\/en\/wp-json\/wp\/v2\/types\/post"}],"author":[{"embeddable":true,"href":"https:\/\/by-tv.co.uk\/en\/wp-json\/wp\/v2\/users\/11"}],"replies":[{"embeddable":true,"href":"https:\/\/by-tv.co.uk\/en\/wp-json\/wp\/v2\/comments?post=36177"}],"version-history":[{"count":1,"href":"https:\/\/by-tv.co.uk\/en\/wp-json\/wp\/v2\/posts\/36177\/revisions"}],"predecessor-version":[{"id":36178,"href":"https:\/\/by-tv.co.uk\/en\/wp-json\/wp\/v2\/posts\/36177\/revisions\/36178"}],"wp:featuredmedia":[{"embeddable":true,"href":"https:\/\/by-tv.co.uk\/en\/wp-json\/wp\/v2\/media\/34644"}],"wp:attachment":[{"href":"https:\/\/by-tv.co.uk\/en\/wp-json\/wp\/v2\/media?parent=36177"}],"wp:term":[{"taxonomy":"category","embeddable":true,"href":"https:\/\/by-tv.co.uk\/en\/wp-json\/wp\/v2\/categories?post=36177"},{"taxonomy":"post_tag","embeddable":true,"href":"https:\/\/by-tv.co.uk\/en\/wp-json\/wp\/v2\/tags?post=36177"}],"curies":[{"name":"wp","href":"https:\/\/api.w.org\/{rel}","templated":true}]}}