{"id":36172,"date":"2026-02-09T10:07:11","date_gmt":"2026-02-09T10:07:11","guid":{"rendered":"https:\/\/by-tv.co.uk\/?p=36172"},"modified":"2026-02-09T10:07:11","modified_gmt":"2026-02-09T10:07:11","slug":"natwest-evelyn-partnersi-27-milyar-sterline-aliyor","status":"publish","type":"post","link":"https:\/\/by-tv.co.uk\/en\/natwest-evelyn-partnersi-27-milyar-sterline-aliyor\/","title":{"rendered":"NatWest, Evelyn Partners\u2019\u0131 2,7 milyar sterline al\u0131yor"},"content":{"rendered":"<div id=\"model-response-message-contentr_d2f2cc7b50d9e2d6\" class=\"markdown markdown-main-panel enable-updated-hr-color\" dir=\"ltr\" aria-live=\"polite\" aria-busy=\"false\">\n<h4 data-path-to-node=\"1\"><b data-path-to-node=\"1\" data-index-in-node=\"0\">Sat\u0131n alma s\u00fcreci ve mali detaylar<\/b><\/h4>\n<p data-path-to-node=\"2\"><b data-path-to-node=\"2\" data-index-in-node=\"0\">NatWest<\/b>, Birle\u015fik Krall\u0131k&#8217;\u0131n \u00f6nde gelen varl\u0131k y\u00f6netim \u015firketlerinden biri olan <b data-path-to-node=\"2\" data-index-in-node=\"80\">Evelyn Partners<\/b>&#8216;\u0131 <b data-path-to-node=\"2\" data-index-in-node=\"98\">2,7 milyar sterlin<\/b> kar\u015f\u0131l\u0131\u011f\u0131nda sat\u0131n almak \u00fczere anla\u015fmaya vard\u0131\u011f\u0131n\u0131 duyurdu. Bankan\u0131n 2008 y\u0131l\u0131ndaki finansal krizden bu yana ger\u00e7ekle\u015ftirdi\u011fi en b\u00fcy\u00fck sat\u0131n alma olan bu hamle, ge\u00e7ti\u011fimiz y\u0131l tamamen \u00f6zel m\u00fclkiyete d\u00f6nen grup i\u00e7in tarihi bir ad\u0131m niteli\u011fi ta\u015f\u0131yor.<\/p>\n<p data-path-to-node=\"3\">The Guardian\u2019\u0131n haberine g\u00f6re, <b data-path-to-node=\"3\" data-index-in-node=\"31\">NatWest<\/b> bu dev ihalede rakibi <b data-path-to-node=\"3\" data-index-in-node=\"61\">Barclays<\/b>&#8216;i geride b\u0131rakarak galip geldi. Yakla\u015f\u0131k <b data-path-to-node=\"3\" data-index-in-node=\"111\">2 bin 400<\/b> \u00e7al\u0131\u015fan\u0131 bulunan <b data-path-to-node=\"3\" data-index-in-node=\"138\">Evelyn Partners<\/b>, halihaz\u0131rda b\u00fcnyesinde <b data-path-to-node=\"3\" data-index-in-node=\"178\">Coutts<\/b> \u00f6zel bankas\u0131n\u0131 da bar\u0131nd\u0131ran <b data-path-to-node=\"3\" data-index-in-node=\"214\">NatWest<\/b> Grubu&#8217;na dahil olacak.<\/p>\n<h4 data-path-to-node=\"4\"><b data-path-to-node=\"4\" data-index-in-node=\"0\">Y\u00f6netim ve stratejik hedefler<\/b><\/h4>\n<p data-path-to-node=\"5\">Sat\u0131n alma i\u015flemi sonras\u0131 yakla\u015f\u0131k <b data-path-to-node=\"5\" data-index-in-node=\"35\">127 milyar sterlinlik<\/b> m\u00fc\u015fteri varl\u0131\u011f\u0131n\u0131 y\u00f6netecek olan yeni varl\u0131k y\u00f6netimi birimine, <b data-path-to-node=\"5\" data-index-in-node=\"121\">NatWest<\/b>&#8216;in \u00f6zel bankac\u0131l\u0131k ve varl\u0131k y\u00f6netimi CEO&#8217;su <b data-path-to-node=\"5\" data-index-in-node=\"174\">Emma Crystal<\/b> liderlik edecek. Grubun CEO&#8217;su <b data-path-to-node=\"5\" data-index-in-node=\"218\">Paul Thwaite<\/b>, bu anla\u015fman\u0131n Birle\u015fik Krall\u0131k genelinde daha fazla aileye finansal planlama ve yat\u0131r\u0131m hizmeti sunmak i\u00e7in &#8220;e\u015fsiz bir f\u0131rsat&#8221; oldu\u011funu belirtti.<\/p><div id=\"briti-2661815961\" class=\"briti-icerik\" style=\"margin-top: 5px;margin-bottom: 5px;\"><a href=\"https:\/\/piaryum.com\/services\/\" aria-label=\"piaryum banner\"><img loading=\"lazy\" decoding=\"async\" src=\"https:\/\/by-tv.co.uk\/wp-content\/uploads\/2025\/12\/Gemini_Generated_Image_g5yqr1g5yqr1g5yq.jpg\" alt=\"\"  width=\"2064\" height=\"1152\"   \/><\/a><\/div>\n<p data-path-to-node=\"6\"><b data-path-to-node=\"6\" data-index-in-node=\"0\">Evelyn Partners<\/b> CEO&#8217;su <b data-path-to-node=\"6\" data-index-in-node=\"23\">Paul Geddes<\/b>, anla\u015fman\u0131n \u015firket i\u00e7in heyecan verici yeni bir sayfa a\u00e7t\u0131\u011f\u0131n\u0131 vurgulad\u0131. <b data-path-to-node=\"6\" data-index-in-node=\"109\">Geddes<\/b>, entegrasyon s\u00fcrecinde grubun icra komitesine kat\u0131larak ge\u00e7i\u015f s\u00fcrecine destek verecek.<\/p>\n<h4 data-path-to-node=\"7\"><b data-path-to-node=\"7\" data-index-in-node=\"0\">Piyasa tepkisi ve hissedar getirileri<\/b><\/h4>\n<p data-path-to-node=\"8\"><b data-path-to-node=\"8\" data-index-in-node=\"0\">NatWest<\/b>, sat\u0131n alma duyurusuyla birlikte hissedarlar\u0131na <b data-path-to-node=\"8\" data-index-in-node=\"56\">750 milyon sterlinlik<\/b> bir hisse geri al\u0131m program\u0131 uygulanaca\u011f\u0131n\u0131 da a\u00e7\u0131klad\u0131. Ancak bu olumlu nakit getirisi haberine ra\u011fmen, bankan\u0131n hisseleri Pazartesi sabah\u0131 i\u015flemlerinde <b data-path-to-node=\"8\" data-index-in-node=\"232\">%5&#8217;ten fazla de\u011fer kaybetti<\/b>.<\/p>\n<p data-path-to-node=\"9\">Analistler, bu d\u00fc\u015f\u00fc\u015f\u00fcn dev sat\u0131n alman\u0131n sermaye rasyolar\u0131 \u00fczerindeki etkisi ve entegrasyon maliyetlerine ili\u015fkin endi\u015felerden kaynakland\u0131\u011f\u0131n\u0131 belirtiyor. Sat\u0131n alma i\u015fleminin, d\u00fczenleyici kurumlar\u0131n onay\u0131n\u0131n ard\u0131ndan <b data-path-to-node=\"9\" data-index-in-node=\"218\">2026 yaz\u0131nda<\/b> tamamlanmas\u0131 bekleniyor.<\/p>\n<\/div>\n<div id=\"briti-4154749419\" class=\"briti-icerikten-sonra_2\" style=\"margin-top: 25px;margin-bottom: 25px;\"><a href=\"https:\/\/wa.me\/message\/NDZLLIOQT4H3O1\" aria-label=\"bytv reklam banner\"><img loading=\"lazy\" decoding=\"async\" src=\"https:\/\/by-tv.co.uk\/wp-content\/uploads\/2025\/12\/bytv-reklam-banner.jpg\" alt=\"\"  width=\"2376\" height=\"1008\"   \/><\/a><\/div>","protected":false},"excerpt":{"rendered":"<p>Sat\u0131n alma s\u00fcreci ve mali detaylar NatWest, Birle\u015fik Krall\u0131k&#8217;\u0131n \u00f6nde gelen varl\u0131k y\u00f6netim \u015firketlerinden biri olan Evelyn Partners&#8216;\u0131 2,7 milyar sterlin kar\u015f\u0131l\u0131\u011f\u0131nda sat\u0131n almak \u00fczere anla\u015fmaya vard\u0131\u011f\u0131n\u0131 duyurdu. Bankan\u0131n 2008 y\u0131l\u0131ndaki finansal krizden bu yana ger\u00e7ekle\u015ftirdi\u011fi en b\u00fcy\u00fck sat\u0131n alma olan bu hamle, ge\u00e7ti\u011fimiz y\u0131l tamamen \u00f6zel m\u00fclkiyete d\u00f6nen grup i\u00e7in tarihi bir ad\u0131m niteli\u011fi ta\u015f\u0131yor. The Guardian\u2019\u0131n haberine g\u00f6re, NatWest bu dev ihalede rakibi Barclays&#8216;i geride b\u0131rakarak galip geldi. Yakla\u015f\u0131k 2 bin 400 \u00e7al\u0131\u015fan\u0131 bulunan Evelyn Partners, halihaz\u0131rda b\u00fcnyesinde Coutts \u00f6zel bankas\u0131n\u0131 da bar\u0131nd\u0131ran NatWest Grubu&#8217;na dahil olacak. Y\u00f6netim ve stratejik hedefler Sat\u0131n alma i\u015flemi sonras\u0131 yakla\u015f\u0131k 127 milyar [&hellip;]<\/p>\n","protected":false},"author":11,"featured_media":14429,"comment_status":"open","ping_status":"open","sticky":false,"template":"","format":"standard","meta":{"ngg_post_thumbnail":0,"footnotes":""},"categories":[5269,15],"tags":[],"class_list":["post-36172","post","type-post","status-publish","format-standard","has-post-thumbnail","hentry","category-birlesik-krallik","category-ingiltere"],"_links":{"self":[{"href":"https:\/\/by-tv.co.uk\/en\/wp-json\/wp\/v2\/posts\/36172","targetHints":{"allow":["GET"]}}],"collection":[{"href":"https:\/\/by-tv.co.uk\/en\/wp-json\/wp\/v2\/posts"}],"about":[{"href":"https:\/\/by-tv.co.uk\/en\/wp-json\/wp\/v2\/types\/post"}],"author":[{"embeddable":true,"href":"https:\/\/by-tv.co.uk\/en\/wp-json\/wp\/v2\/users\/11"}],"replies":[{"embeddable":true,"href":"https:\/\/by-tv.co.uk\/en\/wp-json\/wp\/v2\/comments?post=36172"}],"version-history":[{"count":1,"href":"https:\/\/by-tv.co.uk\/en\/wp-json\/wp\/v2\/posts\/36172\/revisions"}],"predecessor-version":[{"id":36173,"href":"https:\/\/by-tv.co.uk\/en\/wp-json\/wp\/v2\/posts\/36172\/revisions\/36173"}],"wp:featuredmedia":[{"embeddable":true,"href":"https:\/\/by-tv.co.uk\/en\/wp-json\/wp\/v2\/media\/14429"}],"wp:attachment":[{"href":"https:\/\/by-tv.co.uk\/en\/wp-json\/wp\/v2\/media?parent=36172"}],"wp:term":[{"taxonomy":"category","embeddable":true,"href":"https:\/\/by-tv.co.uk\/en\/wp-json\/wp\/v2\/categories?post=36172"},{"taxonomy":"post_tag","embeddable":true,"href":"https:\/\/by-tv.co.uk\/en\/wp-json\/wp\/v2\/tags?post=36172"}],"curies":[{"name":"wp","href":"https:\/\/api.w.org\/{rel}","templated":true}]}}