{"id":36169,"date":"2026-02-09T09:48:18","date_gmt":"2026-02-09T09:48:18","guid":{"rendered":"https:\/\/by-tv.co.uk\/?p=36169"},"modified":"2026-02-09T09:48:52","modified_gmt":"2026-02-09T09:48:52","slug":"galler-prensi-ve-prensesinden-epstein-aciklamasi","status":"publish","type":"post","link":"https:\/\/by-tv.co.uk\/en\/galler-prensi-ve-prensesinden-epstein-aciklamasi\/","title":{"rendered":"Galler Prensi ve Prensesi&#8217;nden Epstein A\u00e7\u0131klamas\u0131"},"content":{"rendered":"<div id=\"model-response-message-contentr_7a9e7f590bbc608f\" class=\"markdown markdown-main-panel enable-updated-hr-color\" dir=\"ltr\" aria-live=\"polite\" aria-busy=\"false\">\n<h4 data-path-to-node=\"1\"><b data-path-to-node=\"1\" data-index-in-node=\"0\">Kensington Saray\u0131&#8217;ndan \u0130lk Resmi A\u00e7\u0131klama<\/b><\/h4>\n<p data-path-to-node=\"2\"><b data-path-to-node=\"2\" data-index-in-node=\"0\">Galler Prensi William<\/b> ve <b data-path-to-node=\"2\" data-index-in-node=\"25\">Prenses Catherine<\/b>, cinsel su\u00e7lu <b data-path-to-node=\"2\" data-index-in-node=\"57\">Jeffrey Epstein<\/b> ile ilgili <b data-path-to-node=\"2\" data-index-in-node=\"84\">ABD<\/b>\u2019de yay\u0131mlanan son belgelerin ard\u0131ndan derin endi\u015fe duyduklar\u0131n\u0131 bildirdi. <b data-path-to-node=\"2\" data-index-in-node=\"162\">Kensington Saray\u0131<\/b> s\u00f6zc\u00fcs\u00fc taraf\u0131ndan yap\u0131lan bu ilk resmi a\u00e7\u0131klamada, kraliyet \u00e7iftinin geli\u015fmeleri yak\u0131ndan takip etti\u011fi vurguland\u0131.<\/p>\n<p data-path-to-node=\"3\"><b data-path-to-node=\"3\" data-index-in-node=\"0\">Reuters<\/b>\u2019\u0131n haberine g\u00f6re bir saray s\u00f6zc\u00fcs\u00fc, \u201cPrens ve Prenses&#8217;in s\u00fcregelen if\u015faatlardan derin endi\u015fe duydu\u011funu do\u011frulayabilirim. D\u00fc\u015f\u00fcnceleri ma\u011fdurlara odaklanmaya devam ediyor\u201d ifadelerini kulland\u0131. Bu a\u00e7\u0131klama, <b data-path-to-node=\"3\" data-index-in-node=\"213\">Andrew Mountbatten-Windsor<\/b> \u00fczerindeki bask\u0131lar\u0131n artt\u0131\u011f\u0131 bir d\u00f6nemde geldi.<\/p>\n<h4 data-path-to-node=\"4\"><b data-path-to-node=\"4\" data-index-in-node=\"0\">Andrew Mountbatten-Windsor&#8217;a Bask\u0131 Art\u0131yor<\/b><\/h4>\n<p data-path-to-node=\"5\">Geli\u015fmelerin ard\u0131ndan <b data-path-to-node=\"5\" data-index-in-node=\"22\">Mountbatten-Windsor<\/b>, <b data-path-to-node=\"5\" data-index-in-node=\"43\">Windsor<\/b>&#8216;daki konutu <b data-path-to-node=\"5\" data-index-in-node=\"63\">Royal Lodge<\/b>&#8216;dan planlanandan \u00f6nce ayr\u0131ld\u0131. <b data-path-to-node=\"5\" data-index-in-node=\"106\">Buckingham Saray\u0131<\/b>, daha \u00f6nce tahliyenin <b data-path-to-node=\"5\" data-index-in-node=\"146\">2026<\/b> ba\u015f\u0131nda ger\u00e7ekle\u015fece\u011fini duyurmu\u015ftu; ancak if\u015faatlar\u0131n ard\u0131ndan s\u00fcre\u00e7 h\u0131zland\u0131r\u0131larak eski prens <b data-path-to-node=\"5\" data-index-in-node=\"248\">Sandringham Malikanesi<\/b>&#8216;ne ta\u015f\u0131nd\u0131.<\/p><div id=\"briti-3178879127\" class=\"briti-icerik\" style=\"margin-top: 5px;margin-bottom: 5px;\"><a href=\"https:\/\/piaryum.com\/services\/\" aria-label=\"piaryum banner\"><img loading=\"lazy\" decoding=\"async\" src=\"https:\/\/by-tv.co.uk\/wp-content\/uploads\/2025\/12\/Gemini_Generated_Image_g5yqr1g5yqr1g5yq.jpg\" alt=\"\"  width=\"2064\" height=\"1152\"   \/><\/a><\/div>\n<p data-path-to-node=\"6\"><b data-path-to-node=\"6\" data-index-in-node=\"0\">ABD<\/b>\u2019de kamuoyuyla payla\u015f\u0131lan dosyalarda, <b data-path-to-node=\"6\" data-index-in-node=\"41\">Mountbatten-Windsor<\/b>&#8216;\u0131n bir kad\u0131n\u0131n \u00fczerinde diz \u00e7\u00f6km\u00fc\u015f haldeki g\u00f6r\u00fcnt\u00fcleri yer al\u0131yor. Ayr\u0131ca belgeler, <b data-path-to-node=\"6\" data-index-in-node=\"145\">Virginia Giuffre<\/b> ile \u00e7ekilen tart\u0131\u015fmal\u0131 foto\u011fraf\u0131n ger\u00e7ekli\u011fini de destekliyor. Eski prens, s\u00f6z konusu foto\u011fraf\u0131n sahte oldu\u011funu ve <b data-path-to-node=\"6\" data-index-in-node=\"277\">Giuffre<\/b> ile hi\u00e7 tan\u0131\u015fmad\u0131\u011f\u0131n\u0131 iddia etmi\u015fti.<\/p>\n<h4 data-path-to-node=\"7\"><b data-path-to-node=\"7\" data-index-in-node=\"0\">Yeni Su\u00e7lamalar ve Soru\u015fturma S\u00fcreci<\/b><\/h4>\n<p data-path-to-node=\"8\"><b data-path-to-node=\"8\" data-index-in-node=\"0\">Thames Valley Polisi<\/b>, <b data-path-to-node=\"8\" data-index-in-node=\"22\">Jeffrey Epstein<\/b> taraf\u0131ndan cinsel birliktelik i\u00e7in <b data-path-to-node=\"8\" data-index-in-node=\"73\">Birle\u015fik Krall\u0131k<\/b>&#8216;a g\u00f6nderildi\u011fini iddia eden ikinci bir kad\u0131n\u0131n su\u00e7lamalar\u0131n\u0131 incelemeye ald\u0131\u011f\u0131n\u0131 duyurdu. \u0130ddiaya g\u00f6re bu olay, <b data-path-to-node=\"8\" data-index-in-node=\"202\">2010<\/b> y\u0131l\u0131nda <b data-path-to-node=\"8\" data-index-in-node=\"215\">Royal Lodge<\/b> konutunda ger\u00e7ekle\u015fti.<\/p>\n<p data-path-to-node=\"9\"><b data-path-to-node=\"9\" data-index-in-node=\"0\">Kensington Saray\u0131<\/b>&#8216;n\u0131n bu hamlesi, <b data-path-to-node=\"9\" data-index-in-node=\"34\">Prens William<\/b>&#8216;\u0131n <b data-path-to-node=\"9\" data-index-in-node=\"51\">Suudi Arabistan<\/b>&#8216;a ger\u00e7ekle\u015ftirece\u011fi kritik diplomatik ziyaret \u00f6ncesinde yap\u0131ld\u0131. Kraliyet uzmanlar\u0131, k\u0131demli \u00fcyelerin bu t\u00fcr skandallar\u0131n resmi devlet i\u015flerini g\u00f6lgelemesine engel olmak i\u00e7in ma\u011fdur odakl\u0131 bir tutum sergiledi\u011fini belirtiyor.<\/p>\n<\/div>\n<div id=\"briti-479493630\" class=\"briti-icerikten-sonra_2\" style=\"margin-top: 25px;margin-bottom: 25px;\"><a href=\"https:\/\/wa.me\/message\/NDZLLIOQT4H3O1\" aria-label=\"bytv reklam banner\"><img loading=\"lazy\" decoding=\"async\" src=\"https:\/\/by-tv.co.uk\/wp-content\/uploads\/2025\/12\/bytv-reklam-banner.jpg\" alt=\"\"  width=\"2376\" height=\"1008\"   \/><\/a><\/div>","protected":false},"excerpt":{"rendered":"<p>Kensington Saray\u0131&#8217;ndan \u0130lk Resmi A\u00e7\u0131klama Galler Prensi William ve Prenses Catherine, cinsel su\u00e7lu Jeffrey Epstein ile ilgili ABD\u2019de yay\u0131mlanan son belgelerin ard\u0131ndan derin endi\u015fe duyduklar\u0131n\u0131 bildirdi. Kensington Saray\u0131 s\u00f6zc\u00fcs\u00fc taraf\u0131ndan yap\u0131lan bu ilk resmi a\u00e7\u0131klamada, kraliyet \u00e7iftinin geli\u015fmeleri yak\u0131ndan takip etti\u011fi vurguland\u0131. Reuters\u2019\u0131n haberine g\u00f6re bir saray s\u00f6zc\u00fcs\u00fc, \u201cPrens ve Prenses&#8217;in s\u00fcregelen if\u015faatlardan derin endi\u015fe duydu\u011funu do\u011frulayabilirim. D\u00fc\u015f\u00fcnceleri ma\u011fdurlara odaklanmaya devam ediyor\u201d ifadelerini kulland\u0131. Bu a\u00e7\u0131klama, Andrew Mountbatten-Windsor \u00fczerindeki bask\u0131lar\u0131n artt\u0131\u011f\u0131 bir d\u00f6nemde geldi. Andrew Mountbatten-Windsor&#8217;a Bask\u0131 Art\u0131yor Geli\u015fmelerin ard\u0131ndan Mountbatten-Windsor, Windsor&#8216;daki konutu Royal Lodge&#8216;dan planlanandan \u00f6nce ayr\u0131ld\u0131. Buckingham Saray\u0131, daha \u00f6nce tahliyenin 2026 ba\u015f\u0131nda ger\u00e7ekle\u015fece\u011fini duyurmu\u015ftu; ancak if\u015faatlar\u0131n ard\u0131ndan [&hellip;]<\/p>\n","protected":false},"author":11,"featured_media":10603,"comment_status":"open","ping_status":"open","sticky":false,"template":"","format":"standard","meta":{"ngg_post_thumbnail":0,"footnotes":""},"categories":[5269],"tags":[],"class_list":["post-36169","post","type-post","status-publish","format-standard","has-post-thumbnail","hentry","category-birlesik-krallik"],"_links":{"self":[{"href":"https:\/\/by-tv.co.uk\/en\/wp-json\/wp\/v2\/posts\/36169","targetHints":{"allow":["GET"]}}],"collection":[{"href":"https:\/\/by-tv.co.uk\/en\/wp-json\/wp\/v2\/posts"}],"about":[{"href":"https:\/\/by-tv.co.uk\/en\/wp-json\/wp\/v2\/types\/post"}],"author":[{"embeddable":true,"href":"https:\/\/by-tv.co.uk\/en\/wp-json\/wp\/v2\/users\/11"}],"replies":[{"embeddable":true,"href":"https:\/\/by-tv.co.uk\/en\/wp-json\/wp\/v2\/comments?post=36169"}],"version-history":[{"count":2,"href":"https:\/\/by-tv.co.uk\/en\/wp-json\/wp\/v2\/posts\/36169\/revisions"}],"predecessor-version":[{"id":36171,"href":"https:\/\/by-tv.co.uk\/en\/wp-json\/wp\/v2\/posts\/36169\/revisions\/36171"}],"wp:featuredmedia":[{"embeddable":true,"href":"https:\/\/by-tv.co.uk\/en\/wp-json\/wp\/v2\/media\/10603"}],"wp:attachment":[{"href":"https:\/\/by-tv.co.uk\/en\/wp-json\/wp\/v2\/media?parent=36169"}],"wp:term":[{"taxonomy":"category","embeddable":true,"href":"https:\/\/by-tv.co.uk\/en\/wp-json\/wp\/v2\/categories?post=36169"},{"taxonomy":"post_tag","embeddable":true,"href":"https:\/\/by-tv.co.uk\/en\/wp-json\/wp\/v2\/tags?post=36169"}],"curies":[{"name":"wp","href":"https:\/\/api.w.org\/{rel}","templated":true}]}}