{"id":36162,"date":"2026-02-08T23:04:47","date_gmt":"2026-02-08T23:04:47","guid":{"rendered":"https:\/\/by-tv.co.uk\/?p=36162"},"modified":"2026-02-08T23:04:47","modified_gmt":"2026-02-08T23:04:47","slug":"ingiltere-ve-gallerde-200den-fazla-sel-uyarisi","status":"publish","type":"post","link":"https:\/\/by-tv.co.uk\/en\/ingiltere-ve-gallerde-200den-fazla-sel-uyarisi\/","title":{"rendered":"\u0130ngiltere ve Galler\u2019de 200\u2019den fazla sel uyar\u0131s\u0131"},"content":{"rendered":"<p>\u0130ngiltere ve Galler, yeni sa\u011fanak ya\u011f\u0131\u015flar \u00f6ncesinde alarm durumuna ge\u00e7ti. <strong>Met Office<\/strong>, pazartesi g\u00fcn\u00fc i\u00e7in ya\u011fmur nedeniyle <strong>sar\u0131 uyar\u0131<\/strong> yay\u0131mlarken, pazar g\u00fcn\u00fc itibar\u0131yla Birle\u015fik Krall\u0131k genelinde <strong>200\u2019\u00fc a\u015fk\u0131n aktif sel uyar\u0131s\u0131<\/strong> bulunuyor.<\/p>\n<p>Sar\u0131 uyar\u0131n\u0131n, pazartesi g\u00fcn\u00fc \u00f6\u011fle saatlerinden gece yar\u0131s\u0131na kadar <strong>G\u00fcney Galler<\/strong>, <strong>\u0130ngiltere\u2019nin g\u00fcneydo\u011fusu<\/strong> ve <strong>g\u00fcneybat\u0131s\u0131n\u0131<\/strong> kapsad\u0131\u011f\u0131 bildirildi. Met Office\u2019e g\u00f6re bu s\u00fcre\u00e7te geni\u015f alanlarda <strong>10-15 mm<\/strong>, r\u00fczg\u00e2ra a\u00e7\u0131k baz\u0131 b\u00f6lgelerde ise <strong>20-30 mm<\/strong> ya\u011f\u0131\u015f bekleniyor.<\/p>\n<h4>Sellerin etkileri s\u00fcr\u00fcyor<\/h4>\n<p><strong>The Guardian\u2019\u0131n aktard\u0131\u011f\u0131 bilgilere g\u00f6re; u<\/strong>yar\u0131n\u0131n kapsad\u0131\u011f\u0131 b\u00f6lgelerin bir k\u0131sm\u0131, <strong>Chandra<\/strong> F\u0131rt\u0131nas\u0131 sonras\u0131 ya\u015fanan yo\u011fun ya\u011f\u0131\u015flar\u0131n yol a\u00e7t\u0131\u011f\u0131 geni\u015f \u00e7apl\u0131 sellerden hen\u00fcz toparlanabilmi\u015f de\u011fil. \u0130ngiltere <strong>\u00c7evre Ajans\u0131<\/strong>, pazar ak\u015fam\u0131 itibar\u0131yla \u0130ngiltere genelinde <strong>96 sel uyar\u0131s\u0131<\/strong> yay\u0131mlayarak baz\u0131 b\u00f6lgelerde selin beklendi\u011fini duyurdu. Buna ek olarak, sel riskinin m\u00fcmk\u00fcn oldu\u011fu alanlar i\u00e7in <strong>219 sel alarm\u0131<\/strong> verildi. <strong>Natural Resources Wales<\/strong> ise Galler\u2019de d\u00f6rt ayr\u0131 sel alarm\u0131 yay\u0131mlad\u0131.<\/p><div id=\"briti-361526455\" class=\"briti-icerik\" style=\"margin-top: 5px;margin-bottom: 5px;\"><a href=\"https:\/\/piaryum.com\/services\/\" aria-label=\"piaryum banner\"><img loading=\"lazy\" decoding=\"async\" src=\"https:\/\/by-tv.co.uk\/wp-content\/uploads\/2025\/12\/Gemini_Generated_Image_g5yqr1g5yqr1g5yq.jpg\" alt=\"\"  width=\"2064\" height=\"1152\"   \/><\/a><\/div>\n<p>Yetkililer, pazartesi g\u00fcnk\u00fc ya\u011f\u0131\u015flarla birlikte <strong>evlerin, i\u015f yerlerinin ve yollar\u0131n su alt\u0131nda kalabilece\u011fi<\/strong>, ayr\u0131ca <strong>ula\u015f\u0131mda aksamalar<\/strong> ya\u015fanabilece\u011fi uyar\u0131s\u0131nda bulundu.<\/p>\n<h4>\u015eubat ay\u0131 i\u00e7in \u0131l\u0131man hava<\/h4>\n<p>Met Office meteorolo\u011fu <strong>Tom Morgan<\/strong>, s\u0131cakl\u0131klar\u0131n Midlands, \u0130ngiltere\u2019nin do\u011fusu ve g\u00fcneydo\u011fusunda <strong>\u00e7ift hanelere<\/strong> ula\u015fmas\u0131n\u0131n beklendi\u011fini belirterek, \u201c\u015eubat ay\u0131 i\u00e7in g\u00f6rece <strong>\u0131l\u0131man<\/strong> hissedilebilir\u201d dedi.<\/p>\n<p>Morgan, \u00f6zellikle bat\u0131 b\u00f6lgelerinde \u00f6\u011fleden sonra yeni bir ya\u011f\u0131\u015f alan\u0131n\u0131n etkili olaca\u011f\u0131n\u0131, r\u00fczg\u00e2r\u0131n ise <strong>g\u00fcney ve g\u00fcneydo\u011fudan<\/strong> kuvvetlenece\u011fini ifade etti. \u201cYa\u011f\u0131\u015f, son f\u0131rt\u0131nalardan ciddi \u015fekilde etkilenen k\u0131y\u0131lara do\u011fru geliyor. Toprak zaten doygun oldu\u011fu i\u00e7in \u00f6zellikle ak\u015fam saatlerine do\u011fru <strong>yeni sel riski<\/strong> olu\u015fabilir,\u201d dedi.<\/p>\n<p>Yollarda su birikintileri uyar\u0131s\u0131<\/p>\n<p>Morgan, pazartesi ak\u015fam\u0131 i\u015f \u00e7\u0131k\u0131\u015f saatlerinde <strong>yollarda y\u00fczey suyu birikintileri<\/strong> ve <strong>zor s\u00fcr\u00fc\u015f ko\u015fullar\u0131<\/strong> g\u00f6r\u00fclebilece\u011fini; bunun \u00f6zellikle <strong>Galler<\/strong>, <strong>\u0130ngiltere\u2019nin orta g\u00fcneyi<\/strong> ve <strong>g\u00fcneydo\u011fusu<\/strong> i\u00e7in ge\u00e7erli oldu\u011funu s\u00f6yledi.<\/p>\n<h4>Binlerce m\u00fclk etkilendi<\/h4>\n<p><strong>Environment Agency\u2019nin<\/strong> cumartesi g\u00fcn\u00fc yapt\u0131\u011f\u0131 a\u00e7\u0131klamaya g\u00f6re, \u015fu ana kadar <strong>en az 300 m\u00fclk\u00fcn selden etkilendi\u011fi<\/strong>, buna kar\u015f\u0131l\u0131k yakla\u015f\u0131k <strong>16 bin 200 m\u00fclk\u00fcn<\/strong> sel savunma sistemleri sayesinde korundu\u011fu belirtildi.<\/p>\n<p>Ajans\u0131n sel g\u00f6rev y\u00f6neticisi <strong>Sarah Cook<\/strong>, \u201c<strong>Dorset<\/strong> ve <strong>Wiltshire<\/strong>\u2019\u0131n baz\u0131 b\u00f6lgelerinde ciddi yer alt\u0131 suyu kaynakl\u0131 sel riskinin \u00f6n\u00fcm\u00fczdeki be\u015f g\u00fcn boyunca devam etmesi muhtemel. <strong>Hampshire<\/strong>\u2019da k\u00fc\u00e7\u00fck \u00e7apl\u0131 etkiler, <strong>West Sussex<\/strong>\u2019te ise cumartesiden itibaren risk s\u00f6z konusu,\u201d dedi.<\/p>\n<p>Environment Agency, ekiplerin \u00fclke genelinde sel savunma hatlar\u0131n\u0131 kontrol etmek, nehirlerdeki t\u0131kan\u0131kl\u0131klar\u0131 temizlemek ve su seviyelerini yak\u0131ndan izlemek \u00fczere <strong>seferber edildi\u011fini<\/strong> a\u00e7\u0131klad\u0131.<\/p>\n<div id=\"briti-3553173931\" class=\"briti-icerikten-sonra_2\" style=\"margin-top: 25px;margin-bottom: 25px;\"><a href=\"https:\/\/wa.me\/message\/NDZLLIOQT4H3O1\" aria-label=\"bytv reklam banner\"><img loading=\"lazy\" decoding=\"async\" src=\"https:\/\/by-tv.co.uk\/wp-content\/uploads\/2025\/12\/bytv-reklam-banner.jpg\" alt=\"\"  width=\"2376\" height=\"1008\"   \/><\/a><\/div>","protected":false},"excerpt":{"rendered":"<p>\u0130ngiltere ve Galler, yeni sa\u011fanak ya\u011f\u0131\u015flar \u00f6ncesinde alarm durumuna ge\u00e7ti. Met Office, pazartesi g\u00fcn\u00fc i\u00e7in ya\u011fmur nedeniyle sar\u0131 uyar\u0131 yay\u0131mlarken, pazar g\u00fcn\u00fc itibar\u0131yla Birle\u015fik Krall\u0131k genelinde 200\u2019\u00fc a\u015fk\u0131n aktif sel uyar\u0131s\u0131 bulunuyor. Sar\u0131 uyar\u0131n\u0131n, pazartesi g\u00fcn\u00fc \u00f6\u011fle saatlerinden gece yar\u0131s\u0131na kadar G\u00fcney Galler, \u0130ngiltere\u2019nin g\u00fcneydo\u011fusu ve g\u00fcneybat\u0131s\u0131n\u0131 kapsad\u0131\u011f\u0131 bildirildi. Met Office\u2019e g\u00f6re bu s\u00fcre\u00e7te geni\u015f alanlarda 10-15 mm, r\u00fczg\u00e2ra a\u00e7\u0131k baz\u0131 b\u00f6lgelerde ise 20-30 mm ya\u011f\u0131\u015f bekleniyor. Sellerin etkileri s\u00fcr\u00fcyor The Guardian\u2019\u0131n aktard\u0131\u011f\u0131 bilgilere g\u00f6re; uyar\u0131n\u0131n kapsad\u0131\u011f\u0131 b\u00f6lgelerin bir k\u0131sm\u0131, Chandra F\u0131rt\u0131nas\u0131 sonras\u0131 ya\u015fanan yo\u011fun ya\u011f\u0131\u015flar\u0131n yol a\u00e7t\u0131\u011f\u0131 geni\u015f \u00e7apl\u0131 sellerden hen\u00fcz toparlanabilmi\u015f de\u011fil. \u0130ngiltere \u00c7evre Ajans\u0131, pazar ak\u015fam\u0131 itibar\u0131yla [&hellip;]<\/p>\n","protected":false},"author":11,"featured_media":35750,"comment_status":"open","ping_status":"open","sticky":false,"template":"","format":"standard","meta":{"ngg_post_thumbnail":0,"footnotes":""},"categories":[5269,1,15],"tags":[],"class_list":["post-36162","post","type-post","status-publish","format-standard","has-post-thumbnail","hentry","category-birlesik-krallik","category-genel","category-ingiltere"],"_links":{"self":[{"href":"https:\/\/by-tv.co.uk\/en\/wp-json\/wp\/v2\/posts\/36162","targetHints":{"allow":["GET"]}}],"collection":[{"href":"https:\/\/by-tv.co.uk\/en\/wp-json\/wp\/v2\/posts"}],"about":[{"href":"https:\/\/by-tv.co.uk\/en\/wp-json\/wp\/v2\/types\/post"}],"author":[{"embeddable":true,"href":"https:\/\/by-tv.co.uk\/en\/wp-json\/wp\/v2\/users\/11"}],"replies":[{"embeddable":true,"href":"https:\/\/by-tv.co.uk\/en\/wp-json\/wp\/v2\/comments?post=36162"}],"version-history":[{"count":1,"href":"https:\/\/by-tv.co.uk\/en\/wp-json\/wp\/v2\/posts\/36162\/revisions"}],"predecessor-version":[{"id":36163,"href":"https:\/\/by-tv.co.uk\/en\/wp-json\/wp\/v2\/posts\/36162\/revisions\/36163"}],"wp:featuredmedia":[{"embeddable":true,"href":"https:\/\/by-tv.co.uk\/en\/wp-json\/wp\/v2\/media\/35750"}],"wp:attachment":[{"href":"https:\/\/by-tv.co.uk\/en\/wp-json\/wp\/v2\/media?parent=36162"}],"wp:term":[{"taxonomy":"category","embeddable":true,"href":"https:\/\/by-tv.co.uk\/en\/wp-json\/wp\/v2\/categories?post=36162"},{"taxonomy":"post_tag","embeddable":true,"href":"https:\/\/by-tv.co.uk\/en\/wp-json\/wp\/v2\/tags?post=36162"}],"curies":[{"name":"wp","href":"https:\/\/api.w.org\/{rel}","templated":true}]}}