{"id":36051,"date":"2026-02-05T09:36:55","date_gmt":"2026-02-05T09:36:55","guid":{"rendered":"https:\/\/by-tv.co.uk\/?p=36051"},"modified":"2026-02-05T09:36:55","modified_gmt":"2026-02-05T09:36:55","slug":"otizmli-kiz-cocuklarinda-teshis-orani-dusuk-kaliyor","status":"publish","type":"post","link":"https:\/\/by-tv.co.uk\/en\/otizmli-kiz-cocuklarinda-teshis-orani-dusuk-kaliyor\/","title":{"rendered":"Otizmli K\u0131z \u00c7ocuklar\u0131nda Te\u015fhis Oran\u0131 D\u00fc\u015f\u00fck Kal\u0131yor"},"content":{"rendered":"<div id=\"model-response-message-contentr_d270be4d05aa37ab\" class=\"markdown markdown-main-panel enable-updated-hr-color\" dir=\"ltr\" aria-live=\"polite\" aria-busy=\"false\">\n<h4 data-path-to-node=\"1\"><b data-path-to-node=\"1\" data-index-in-node=\"0\">\u00c7ocuklukta te\u015fhis fark\u0131 d\u00f6rt kat\u0131 buluyor<\/b><\/h4>\n<p data-path-to-node=\"2\">Otizm spektrum bozuklu\u011fu olan k\u0131z \u00e7ocuklar\u0131, erkek ya\u015f\u0131tlar\u0131na k\u0131yasla \u00e7ok daha ge\u00e7 te\u015fhis al\u0131yor. Yap\u0131lan ara\u015ft\u0131rmalar, biyolojik olarak her iki cinsiyetin de benzer oranlarda otizmli olabilece\u011fini ancak erkek \u00e7ocuklar\u0131n \u00e7ocukluk d\u00f6neminde te\u015fhis alma olas\u0131l\u0131\u011f\u0131n\u0131n k\u0131zlardan <b data-path-to-node=\"2\" data-index-in-node=\"276\">d\u00f6rt kat<\/b> daha fazla oldu\u011funu g\u00f6steriyor.<\/p>\n<p data-path-to-node=\"3\"><b data-path-to-node=\"3\" data-index-in-node=\"0\">The Guardian<\/b>\u2019\u0131n haberine g\u00f6re, \u0130sve\u00e7&#8217;teki <b data-path-to-node=\"3\" data-index-in-node=\"42\">Karolinska Institutet<\/b> liderli\u011finde y\u00fcr\u00fct\u00fclen geni\u015f kapsaml\u0131 \u00e7al\u0131\u015fma, otizm te\u015fhis s\u00fcre\u00e7lerindeki cinsiyet farkl\u0131l\u0131klar\u0131n\u0131 mercek alt\u0131na ald\u0131. Ara\u015ft\u0131rma kapsam\u0131nda 1985 ile 2020 y\u0131llar\u0131 aras\u0131nda \u0130sve\u00e7\u2019te do\u011fan <b data-path-to-node=\"3\" data-index-in-node=\"251\">2,7 milyon ki\u015fi<\/b> 2 ila 37 ya\u015flar\u0131 aras\u0131nda takip edildi.<\/p>\n<h4 data-path-to-node=\"4\"><b data-path-to-node=\"4\" data-index-in-node=\"0\">Yirmi ya\u015f\u0131nda oranlar e\u015fitleniyor<\/b><\/h4>\n<p data-path-to-node=\"5\">\u0130nceleme sonu\u00e7lar\u0131na g\u00f6re, \u00e7ocuklukta g\u00f6r\u00fclen belirgin u\u00e7urum yeti\u015fkinli\u011fe ge\u00e7i\u015fle birlikte kapanmaya ba\u015fl\u0131yor. <b data-path-to-node=\"5\" data-index-in-node=\"112\">20 ya\u015f\u0131na<\/b> gelindi\u011finde erkek ve kad\u0131nlar\u0131n te\u015fhis oranlar\u0131n\u0131n neredeyse e\u015fitlendi\u011fi g\u00f6r\u00fcld\u00fc. Toplam izleme s\u00fcresince kat\u0131l\u0131mc\u0131lar\u0131n <b data-path-to-node=\"5\" data-index-in-node=\"244\">%2,8<\/b>&#8216;ine otizm te\u015fhisi konuldu\u011fu belirtildi.<\/p><div id=\"briti-2147776579\" class=\"briti-icerik\" style=\"margin-top: 5px;margin-bottom: 5px;\"><a href=\"https:\/\/piaryum.com\/services\/\" aria-label=\"piaryum banner\"><img loading=\"lazy\" decoding=\"async\" src=\"https:\/\/by-tv.co.uk\/wp-content\/uploads\/2025\/12\/Gemini_Generated_Image_g5yqr1g5yqr1g5yq.jpg\" alt=\"\"  width=\"2064\" height=\"1152\"   \/><\/a><\/div>\n<p data-path-to-node=\"6\">Ara\u015ft\u0131rmac\u0131lar, bu durumun k\u0131z \u00e7ocuklar\u0131n\u0131n belirtileri gizleme (maskeleme) becerilerinden veya mevcut klinik kriterlerin daha \u00e7ok erkek \u00e7ocuk davran\u0131\u015flar\u0131na g\u00f6re belirlenmi\u015f olmas\u0131ndan kaynaklanabilece\u011fini vurguluyor. Ge\u00e7 te\u015fhisin, k\u0131z \u00e7ocuklar\u0131n\u0131n ihtiya\u00e7 duyduklar\u0131 deste\u011fe eri\u015fimini engelledi\u011fi ifade ediliyor.<\/p>\n<\/div>\n<div id=\"briti-4100764990\" class=\"briti-icerikten-sonra_2\" style=\"margin-top: 25px;margin-bottom: 25px;\"><a href=\"https:\/\/wa.me\/message\/NDZLLIOQT4H3O1\" aria-label=\"bytv reklam banner\"><img loading=\"lazy\" decoding=\"async\" src=\"https:\/\/by-tv.co.uk\/wp-content\/uploads\/2025\/12\/bytv-reklam-banner.jpg\" alt=\"\"  width=\"2376\" height=\"1008\"   \/><\/a><\/div>","protected":false},"excerpt":{"rendered":"<p>\u00c7ocuklukta te\u015fhis fark\u0131 d\u00f6rt kat\u0131 buluyor Otizm spektrum bozuklu\u011fu olan k\u0131z \u00e7ocuklar\u0131, erkek ya\u015f\u0131tlar\u0131na k\u0131yasla \u00e7ok daha ge\u00e7 te\u015fhis al\u0131yor. Yap\u0131lan ara\u015ft\u0131rmalar, biyolojik olarak her iki cinsiyetin de benzer oranlarda otizmli olabilece\u011fini ancak erkek \u00e7ocuklar\u0131n \u00e7ocukluk d\u00f6neminde te\u015fhis alma olas\u0131l\u0131\u011f\u0131n\u0131n k\u0131zlardan d\u00f6rt kat daha fazla oldu\u011funu g\u00f6steriyor. The Guardian\u2019\u0131n haberine g\u00f6re, \u0130sve\u00e7&#8217;teki Karolinska Institutet liderli\u011finde y\u00fcr\u00fct\u00fclen geni\u015f kapsaml\u0131 \u00e7al\u0131\u015fma, otizm te\u015fhis s\u00fcre\u00e7lerindeki cinsiyet farkl\u0131l\u0131klar\u0131n\u0131 mercek alt\u0131na ald\u0131. Ara\u015ft\u0131rma kapsam\u0131nda 1985 ile 2020 y\u0131llar\u0131 aras\u0131nda \u0130sve\u00e7\u2019te do\u011fan 2,7 milyon ki\u015fi 2 ila 37 ya\u015flar\u0131 aras\u0131nda takip edildi. Yirmi ya\u015f\u0131nda oranlar e\u015fitleniyor \u0130nceleme sonu\u00e7lar\u0131na g\u00f6re, \u00e7ocuklukta g\u00f6r\u00fclen belirgin u\u00e7urum yeti\u015fkinli\u011fe ge\u00e7i\u015fle birlikte [&hellip;]<\/p>\n","protected":false},"author":11,"featured_media":36052,"comment_status":"open","ping_status":"open","sticky":false,"template":"","format":"standard","meta":{"ngg_post_thumbnail":0,"footnotes":""},"categories":[5269,1,13],"tags":[],"class_list":["post-36051","post","type-post","status-publish","format-standard","has-post-thumbnail","hentry","category-birlesik-krallik","category-genel","category-saglik"],"_links":{"self":[{"href":"https:\/\/by-tv.co.uk\/en\/wp-json\/wp\/v2\/posts\/36051","targetHints":{"allow":["GET"]}}],"collection":[{"href":"https:\/\/by-tv.co.uk\/en\/wp-json\/wp\/v2\/posts"}],"about":[{"href":"https:\/\/by-tv.co.uk\/en\/wp-json\/wp\/v2\/types\/post"}],"author":[{"embeddable":true,"href":"https:\/\/by-tv.co.uk\/en\/wp-json\/wp\/v2\/users\/11"}],"replies":[{"embeddable":true,"href":"https:\/\/by-tv.co.uk\/en\/wp-json\/wp\/v2\/comments?post=36051"}],"version-history":[{"count":1,"href":"https:\/\/by-tv.co.uk\/en\/wp-json\/wp\/v2\/posts\/36051\/revisions"}],"predecessor-version":[{"id":36053,"href":"https:\/\/by-tv.co.uk\/en\/wp-json\/wp\/v2\/posts\/36051\/revisions\/36053"}],"wp:featuredmedia":[{"embeddable":true,"href":"https:\/\/by-tv.co.uk\/en\/wp-json\/wp\/v2\/media\/36052"}],"wp:attachment":[{"href":"https:\/\/by-tv.co.uk\/en\/wp-json\/wp\/v2\/media?parent=36051"}],"wp:term":[{"taxonomy":"category","embeddable":true,"href":"https:\/\/by-tv.co.uk\/en\/wp-json\/wp\/v2\/categories?post=36051"},{"taxonomy":"post_tag","embeddable":true,"href":"https:\/\/by-tv.co.uk\/en\/wp-json\/wp\/v2\/tags?post=36051"}],"curies":[{"name":"wp","href":"https:\/\/api.w.org\/{rel}","templated":true}]}}