{"id":3601,"date":"2020-02-19T01:53:47","date_gmt":"2020-02-18T22:53:47","guid":{"rendered":"https:\/\/by-tv.co.uk\/?p=3601"},"modified":"2020-02-20T16:23:00","modified_gmt":"2020-02-20T13:23:00","slug":"turk-cin-is-konseyi-baskani-murat-kolbasi","status":"publish","type":"post","link":"https:\/\/by-tv.co.uk\/en\/turk-cin-is-konseyi-baskani-murat-kolbasi\/","title":{"rendered":"DE\u0130K Asya Pasifik \u0130\u015f Konseyleri Koord. B\u015fk. Murat Kolba\u015f\u0131: Koronavir\u00fcs T\u00fcrkiye&#8217;nin ihracat\u0131na olumlu etki edecek"},"content":{"rendered":"<p>\u00c7in&#8217;in Wuhan kentinde ortaya \u00e7\u0131kan ve t\u00fcm d\u00fcnyaya yay\u0131lan \u00f6l\u00fcmc\u00fcl salg\u0131n koronavir\u00fcs nedeniyle t\u00fcm d\u00fcnya adeta alarm verdi. <span style=\"font-size: 1.21429rem;\">Koronavir\u00fcs salg\u0131n\u0131 y\u00fcz\u00fcnden hayat\u0131n\u0131 kaybedenlerin say\u0131s\u0131 korkutucu boyuta ula\u015ft\u0131. <\/span><\/p>\n<p><img loading=\"lazy\" decoding=\"async\" class=\"size-full wp-image-3605 aligncenter\" src=\"https:\/\/by-tv.co.uk\/wp-content\/uploads\/2020\/02\/Koronaviru\u0308s-2.jpeg\" alt=\"\" width=\"1600\" height=\"1066\" title=\"\"><\/p>\n<p><span style=\"font-size: 1.21429rem;\">Koronavir\u00fcs ile ilgili BM&#8217;den yap\u0131lan son a\u00e7\u0131klamada riskin b\u00fcy\u00fck oldu\u011fu ve d\u00fcnya olarak buna haz\u0131r olmam\u0131z gerekti\u011fi belirtildi. Vir\u00fcsle m\u00fccadelede kilit rol oynayan Wuhan hastanesi ba\u015fhekimi Dr. Liu Zhimming&#8217;in \u00f6l\u00fcm\u00fc \u00c7inlileri yasa bo\u011farken <\/span><span style=\"font-size: 1.21429rem;\">ABD Merkez Bankas\u0131&#8217;ndan (FED)\u00a0 koronavir\u00fcs\u00fcn ekonomiye olumsuz etkisinin olabilece\u011fine dair bir a\u00e7\u0131klama geldi.<\/span><\/p>\n<h4>Salg\u0131nda hayat\u0131n\u0131 kaybedenlerin say\u0131s\u0131 art\u0131yor<\/h4>\n<p>Milliyet&#8217;in haberine g\u00f6re gelen son rakamlarla \u00c7in\u2019de yeni tip koronavir\u00fcs (Kovid-19) salg\u0131n\u0131nda hayat\u0131n\u0131 kaybedenlerin say\u0131s\u0131 2 bini a\u015ft\u0131. \u00c7in Ulusal Sa\u011fl\u0131k Komisyonu\u2019ndan yap\u0131lan a\u00e7\u0131klamaya g\u00f6re, \u00fclkede kesinle\u015fen Kovid-19 vaka say\u0131s\u0131 11 bin 741\u2019i durumu ciddi olmak \u00fczere 72 bin 436\u2019ya \u00e7\u0131kt\u0131.<br \/>\nKovid-19 bula\u015fma durumu \u015f\u00fcpheli olan ki\u015filerin say\u0131s\u0131 6 bin 242\u2019ye, m\u00fc\u015fahede alt\u0131ndaki ki\u015fi say\u0131s\u0131 ise 141 bin 552\u2019ye gerilerken, iyile\u015ferek taburcu edilenlerin say\u0131s\u0131 12 bin 552\u2019ye ula\u015ft\u0131.<\/p><div id=\"briti-2415881086\" class=\"briti-icerik\" style=\"margin-top: 5px;margin-bottom: 5px;\"><a href=\"https:\/\/piaryum.com\/services\/\" aria-label=\"piaryum banner\"><img loading=\"lazy\" decoding=\"async\" src=\"https:\/\/by-tv.co.uk\/wp-content\/uploads\/2025\/12\/Gemini_Generated_Image_g5yqr1g5yqr1g5yq.jpg\" alt=\"\"  width=\"2064\" height=\"1152\"   \/><\/a><\/div>\n<p><img loading=\"lazy\" decoding=\"async\" class=\"wp-image-3606 alignleft\" src=\"https:\/\/by-tv.co.uk\/wp-content\/uploads\/2020\/02\/WhatsApp-Image-2020-02-18-at-22.40.01-1.jpeg\" alt=\"\" width=\"463\" height=\"286\" title=\"\"><strong>DE\u0130K Asya Pasifik \u0130\u015f Konseyleri Koordinat\u00f6r Ba\u015fkan\u0131 ve T\u00fcrk-\u00c7in \u0130\u015f Konseyi Ba\u015fkan Yrd. ve Arzum YKB Murat Kolba\u015f\u0131,<\/strong> koronavir\u00fcs salg\u0131n\u0131 sonras\u0131 T\u00fcrk-\u00c7in ticari ili\u015fkileri hakk\u0131nda Brit-\u0130\u015f Ya\u015fam&#8217;\u0131n sorular\u0131n\u0131 yan\u0131tlad\u0131.<\/p>\n<p><b>K<\/b><strong>oronavir\u00fcs salg\u0131n\u0131 sonras\u0131 T\u00fcrkiye ve \u00c7in Halk Cumhuriyeti aras\u0131ndaki i\u015f hacminde nas\u0131l bir de\u011fi\u015fiklik meydana geldi? Salg\u0131n ba\u015flamadan \u00f6nceki ve sonraki durumu \u00f6zetleyebilir misiniz?<\/strong><\/p>\n<p>T\u00fcrkiye ile \u00c7in aras\u0131ndaki ticaret hacmini konu\u015fmak i\u00e7in daha \u00e7ok erken. D\u00fcnya ticaretine ithalat ve ihracat olarak a\u015fa\u011f\u0131 yukar\u0131 her ay \u00c7in Halk Cumhuriyeti&#8217;nin 400 milyar dolarl\u0131k bir katk\u0131s\u0131 var. Yani \u00c7in her ay 350-400 milyar dolar aras\u0131nda bir al\u0131m-sat\u0131m yap\u0131yor. Bu rakam son bir ayda al\u0131nan verilere g\u00f6re \u00e7ok k\u00fc\u00e7\u00fcld\u00fc. Ayr\u0131ca bu rakamlar tahmini rakamlar. Ama genel ta\u015f\u0131ma \u015firketleri ve g\u00fcmr\u00fcklerden al\u0131nan verilere g\u00f6re, bu ticaret hacmi 50 milyar dolar\u0131n alt\u0131na d\u00fc\u015ft\u00fc. Bunun d\u00fcnya ticaretine mutlaka olumsuz bir etkisi olacak.<\/p>\n<p>Bunun T\u00fcrkiye taraf\u0131na da etkisi olacak. \u015eu anda net konu\u015fmak i\u00e7in \u00e7ok erken. Bizim \u00c7in&#8217;den a\u011f\u0131rl\u0131kl\u0131 olarak ithalat\u0131m\u0131z var. Oradan ciddi bir d\u00fc\u015f\u00fc\u015f olacak.<\/p>\n<p><strong>Korona vir\u00fcs\u00fc sonras\u0131 d\u00fcnyadaki \u00f6nemli tekstil firmalar\u0131n\u0131n \u00fcretimlerini T\u00fcrkiye\u2019ye kayd\u0131raca\u011f\u0131 y\u00f6n\u00fcnde haberler \u00e7\u0131kt\u0131. Bu y\u00f6nde bir beklentiniz var m\u0131?<\/strong><\/p>\n<p>\u00c7in \u00f6nemli sekt\u00f6rlerin hemen hemen hepsinde \u00fcretim yap\u0131yor ve genel olarak d\u00fcnyadaki \u00f6nemli sekt\u00f6rlerin de bir veya birden fazlas\u0131n\u0131n bir par\u00e7as\u0131n\u0131 \u00fcretiyor. \u015eu anda, yak\u0131n d\u00f6nemde \u00c7in yeni y\u0131l\u0131ndan sonra \u00fcretim aksamas\u0131ndan kaynakl\u0131 alternatif \u00fcr\u00fcnlerin veya alternatif \u00fcreticilerin nerede oldu\u011fu ve nereden \u00fcr\u00fcn al\u0131nabilece\u011fine bak\u0131l\u0131yor.<\/p>\n<blockquote><p>Tabii T\u00fcrkiye&#8217;nin burada \u00f6nemli bir avantaj\u0131 var. \u00c7\u00fcnk\u00fc Almanya&#8217;n\u0131n do\u011fusundan, \u00c7in&#8217;in bat\u0131s\u0131na kadar olan b\u00f6lge i\u00e7erisinde makine park\u0131 en geni\u015f olan bir \u00fclke ve her sekt\u00f6r i\u00e7in konu\u015fuyorum. Ayn\u0131 zamanda yine makine park\u0131 en gen\u00e7 olan bir \u00fclkeyiz. Dolay\u0131s\u0131yla bu bizim ihracat\u0131m\u0131za bir avantaj olarak yans\u0131yacak. Burada \u00f6nemli konu baz\u0131 ara mam\u00fcllerde. \u00d6zellikle \u00c7in&#8217;den tedarik olan \u00fcr\u00fcnlerde muhakkak alternatif bulmal\u0131y\u0131z veya bunlar\u0131 kendimiz \u00fcretmeliyiz. Ama her ne olursa olsun T\u00fcrkiye&#8217;nin d\u0131\u015f ticaretinde ihracatta \u00f6zellikle bir art\u0131\u015f bekliyorum. Bunun d\u0131\u015f ticaretimize olumlu bir yans\u0131mas\u0131 olacak.<\/p><\/blockquote>\n<p><strong>\u00c7in\u2019den gelen \u00fcr\u00fcnlerin kriz sebebiyle uzun s\u00fcredir g\u00fcmr\u00fcklerde bekletildi\u011fi, \u00f6zellikle kuma\u015f firmalar\u0131n\u0131n bunu durumu bilerek fiyatlar\u0131 y\u00fckseltti\u011fi konusunda s\u00f6ylentiler var. Bu kriz k\u0131sa vadede hangi \u00fcr\u00fcnlerin fiyatlar\u0131n\u0131 artt\u0131r\u0131r ya da bunun d\u0131\u015f\u0131nda hangi \u00fcr\u00fcnlerde bir karaborsa yarat\u0131r?<\/strong><\/p>\n<p>Bizim Ticaret Bakanl\u0131\u011f\u0131&#8217;m\u0131zla ve g\u00fcmr\u00fcklerle yapt\u0131\u011f\u0131m\u0131z g\u00f6r\u00fc\u015fmelerde ge\u00e7ti\u011fimiz haftaya kadar herhangi \u00c7in men\u015feli \u00fcr\u00fcn\u00fcn ithalat\u0131nda engelle kar\u015f\u0131la\u015f\u0131lmad\u0131\u011f\u0131 bilgisini ald\u0131k. Son 15 g\u00fcnd\u00fcr, ithalat\u0131nda Tar\u0131m ve Orman Bakanl\u0131\u011f\u0131&#8217;n\u0131n iznine abi olan \u00fcr\u00fcnler var. Bunlar g\u0131da \u00fcr\u00fcnleri a\u011f\u0131rl\u0131kl\u0131 olarak. Bunlar\u0131n ithalat\u0131na izin verilmiyor. T\u00fcrkiye 2019&#8217;da y\u00fcksek oranda sar\u0131msak ald\u0131. Bunun gibi sebze ve di\u011fer ikili anla\u015fma dahilinde olan \u00fcr\u00fcnlerin ithalat\u0131nda \u015fu anda Tar\u0131m ve Orman Bakanl\u0131\u011f\u0131 m\u00fcsaade etmiyor. Ama onun haricinde yine Tar\u0131m ve Orman Bakanl\u0131\u011f\u0131&#8217;na tabii olan daha \u00e7ok g\u0131daya temas eden z\u00fcccaciye \u00fcr\u00fcnlerine tekrar izin verildi. Bunun d\u0131\u015f\u0131nda benim bilgim d\u0131\u015f\u0131nda herhangi bir ithal \u00fcr\u00fcnle ilgili bir yasaklama yok. E\u011fer b\u00f6yle bir engelleme varsa vatanda\u015flar\u0131m\u0131z bize bildirsin. Biz de DE\u0130K konsey olarak bilgi sahibi oluruz.<\/p>\n<blockquote><p>Bunun haricinde D\u00fcnya ticaretine etkisinin yan\u0131nda belki de d\u00fcnya turizmine etkisini konu\u015fmak gerekir. \u00c7\u00fcnk\u00fc \u00c7in her sene d\u00fcnyaya 180 milyon turist g\u00f6nderiyor. D\u00fcnya turizmine ve 275 milyar dolarl\u0131k da bir katk\u0131 yap\u0131yor.<\/p><\/blockquote>\n<p>180 milyon yurt d\u0131\u015f\u0131na giden turistin bu sene \u00c7in yeni y\u0131l\u0131 ile birlikte seyahatlerine bir engel te\u015fkil edecek. Bunun ne kadar s\u00fcreci\u011fini \u015fu anda kestiremiyoruz. Tabii ayn\u0131 \u015fekilde seyahat edemeyen \u00c7inli turistlerin d\u00fcnya turizmine katk\u0131lar\u0131nda da d\u00fc\u015f\u00fc\u015f olacak. Bunlar\u0131n da olumsuz bir etkisi olacak. Dolay\u0131s\u0131yla d\u00fcnya turizminde de hem say\u0131 olarak hem de katk\u0131 olarak bir d\u00fc\u015f\u00fc\u015f bekleniyor.<img loading=\"lazy\" decoding=\"async\" class=\"size-full wp-image-3607 aligncenter\" src=\"https:\/\/by-tv.co.uk\/wp-content\/uploads\/2020\/02\/WhatsApp-Image-2020-02-18-at-22.50.30.jpeg\" alt=\"\" width=\"1600\" height=\"1066\" title=\"\"><\/p>\n<div id=\"briti-3733585644\" class=\"briti-icerikten-sonra_2\" style=\"margin-top: 25px;margin-bottom: 25px;\"><a href=\"https:\/\/wa.me\/message\/NDZLLIOQT4H3O1\" aria-label=\"bytv reklam banner\"><img loading=\"lazy\" decoding=\"async\" src=\"https:\/\/by-tv.co.uk\/wp-content\/uploads\/2025\/12\/bytv-reklam-banner.jpg\" alt=\"\"  width=\"2376\" height=\"1008\"   \/><\/a><\/div>","protected":false},"excerpt":{"rendered":"<p>\u00c7in&#8217;in Wuhan kentinde ortaya \u00e7\u0131kan ve t\u00fcm d\u00fcnyaya yay\u0131lan \u00f6l\u00fcmc\u00fcl salg\u0131n koronavir\u00fcs nedeniyle t\u00fcm d\u00fcnya adeta alarm verdi. Koronavir\u00fcs salg\u0131n\u0131 y\u00fcz\u00fcnden hayat\u0131n\u0131 kaybedenlerin say\u0131s\u0131 korkutucu boyuta ula\u015ft\u0131. Koronavir\u00fcs ile ilgili BM&#8217;den yap\u0131lan son a\u00e7\u0131klamada riskin b\u00fcy\u00fck oldu\u011fu ve d\u00fcnya olarak buna haz\u0131r olmam\u0131z gerekti\u011fi belirtildi. Vir\u00fcsle m\u00fccadelede kilit rol oynayan Wuhan hastanesi ba\u015fhekimi Dr. Liu Zhimming&#8217;in \u00f6l\u00fcm\u00fc \u00c7inlileri yasa bo\u011farken ABD Merkez Bankas\u0131&#8217;ndan (FED)\u00a0 koronavir\u00fcs\u00fcn ekonomiye olumsuz etkisinin olabilece\u011fine dair bir a\u00e7\u0131klama geldi. Salg\u0131nda hayat\u0131n\u0131 kaybedenlerin say\u0131s\u0131 art\u0131yor Milliyet&#8217;in haberine g\u00f6re gelen son rakamlarla \u00c7in\u2019de yeni tip koronavir\u00fcs (Kovid-19) salg\u0131n\u0131nda hayat\u0131n\u0131 kaybedenlerin say\u0131s\u0131 2 bini a\u015ft\u0131. \u00c7in Ulusal Sa\u011fl\u0131k Komisyonu\u2019ndan [&hellip;]<\/p>\n","protected":false},"author":1,"featured_media":3604,"comment_status":"open","ping_status":"open","sticky":false,"template":"","format":"standard","meta":{"ngg_post_thumbnail":0,"footnotes":""},"categories":[2,9,5,13],"tags":[663,661,156,588,660,665,666,667,664,662,568],"class_list":["post-3601","post","type-post","status-publish","format-standard","has-post-thumbnail","hentry","category-is-dunyasi","category-gezi-seyahat","category-haber","category-saglik","tag-arzum","tag-deik","tag-imf","tag-koronavirus","tag-murat-kolbasi","tag-saglik","tag-tarim-ve-orman-bakanligi","tag-ticaret-bakanligi","tag-turizm","tag-turk-cin-is-konseyi","tag-wuhan"],"_links":{"self":[{"href":"https:\/\/by-tv.co.uk\/en\/wp-json\/wp\/v2\/posts\/3601","targetHints":{"allow":["GET"]}}],"collection":[{"href":"https:\/\/by-tv.co.uk\/en\/wp-json\/wp\/v2\/posts"}],"about":[{"href":"https:\/\/by-tv.co.uk\/en\/wp-json\/wp\/v2\/types\/post"}],"author":[{"embeddable":true,"href":"https:\/\/by-tv.co.uk\/en\/wp-json\/wp\/v2\/users\/1"}],"replies":[{"embeddable":true,"href":"https:\/\/by-tv.co.uk\/en\/wp-json\/wp\/v2\/comments?post=3601"}],"version-history":[{"count":0,"href":"https:\/\/by-tv.co.uk\/en\/wp-json\/wp\/v2\/posts\/3601\/revisions"}],"wp:featuredmedia":[{"embeddable":true,"href":"https:\/\/by-tv.co.uk\/en\/wp-json\/wp\/v2\/media\/3604"}],"wp:attachment":[{"href":"https:\/\/by-tv.co.uk\/en\/wp-json\/wp\/v2\/media?parent=3601"}],"wp:term":[{"taxonomy":"category","embeddable":true,"href":"https:\/\/by-tv.co.uk\/en\/wp-json\/wp\/v2\/categories?post=3601"},{"taxonomy":"post_tag","embeddable":true,"href":"https:\/\/by-tv.co.uk\/en\/wp-json\/wp\/v2\/tags?post=3601"}],"curies":[{"name":"wp","href":"https:\/\/api.w.org\/{rel}","templated":true}]}}