{"id":35982,"date":"2026-02-03T09:55:41","date_gmt":"2026-02-03T09:55:41","guid":{"rendered":"https:\/\/by-tv.co.uk\/?p=35982"},"modified":"2026-02-03T09:55:41","modified_gmt":"2026-02-03T09:55:41","slug":"ingilterede-saglikli-gida-satislari-zirve-yapti","status":"publish","type":"post","link":"https:\/\/by-tv.co.uk\/en\/ingilterede-saglikli-gida-satislari-zirve-yapti\/","title":{"rendered":"\u0130ngiltere\u2019de Sa\u011fl\u0131kl\u0131 G\u0131da Sat\u0131\u015flar\u0131 Zirve Yapt\u0131"},"content":{"rendered":"<div id=\"model-response-message-contentr_848a50fe6dd3fb7b\" class=\"markdown markdown-main-panel enable-updated-hr-color\" dir=\"ltr\" aria-live=\"polite\" aria-busy=\"false\">\n<div id=\"model-response-message-contentr_286c0ebd9b28fb45\" class=\"markdown markdown-main-panel enable-updated-hr-color\" dir=\"ltr\" aria-live=\"polite\" aria-busy=\"false\">\n<div id=\"model-response-message-contentr_8e650d575f3c8668\" class=\"markdown markdown-main-panel enable-updated-hr-color\" dir=\"ltr\" aria-live=\"polite\" aria-busy=\"false\">\n<h4 data-path-to-node=\"1\"><b data-path-to-node=\"1\" data-index-in-node=\"0\">Beslenme Al\u0131\u015fkanl\u0131klar\u0131 Yeni Y\u0131lda De\u011fi\u015fti<\/b><\/h4>\n<p data-path-to-node=\"2\">Birle\u015fik Krall\u0131k&#8217;ta t\u00fcketiciler, 2026 y\u0131l\u0131n\u0131n ilk ay\u0131nda sa\u011fl\u0131k hedeflerine odaklanarak meyve ve yo\u011furt gibi \u00fcr\u00fcnlere olan talebi art\u0131rd\u0131. <b data-path-to-node=\"2\" data-index-in-node=\"139\">Worldpanel by Numerator<\/b> taraf\u0131ndan yay\u0131mlanan verilere g\u00f6re, Ocak ay\u0131nda taze meyve ve kuru baklagil sat\u0131\u015f hacmi ge\u00e7en y\u0131la g\u00f6re <b data-path-to-node=\"2\" data-index-in-node=\"268\">%6<\/b> y\u00fckselirken, yo\u011furtta <b data-path-to-node=\"2\" data-index-in-node=\"293\">%4<\/b> art\u0131\u015f kaydedildi. \u00d6zellikle <b data-path-to-node=\"2\" data-index-in-node=\"324\">lor peyniri<\/b> sat\u0131\u015flar\u0131n\u0131n <b data-path-to-node=\"2\" data-index-in-node=\"349\">%50<\/b> oran\u0131nda artmas\u0131 dikkat \u00e7ekti.<\/p>\n<p data-path-to-node=\"3\"><b data-path-to-node=\"3\" data-index-in-node=\"0\">The Guardian\u2019\u0131n haberine g\u00f6re<\/b> g\u0131da fiyatlar\u0131ndaki y\u0131ll\u0131k art\u0131\u015f h\u0131z\u0131, Aral\u0131k ay\u0131ndaki <b data-path-to-node=\"3\" data-index-in-node=\"85\">%4,7<\/b> seviyesinden Ocak ay\u0131nda <b data-path-to-node=\"3\" data-index-in-node=\"115\">%4<\/b>\u2019e gerileyerek son dokuz ay\u0131n en d\u00fc\u015f\u00fck noktas\u0131na ula\u015ft\u0131. Enflasyondaki bu yava\u015flama, Noel d\u00f6nemindeki harcamalar\u0131n ard\u0131ndan b\u00fct\u00e7elerini dengelemeye \u00e7al\u0131\u015fan haneler i\u00e7in <b data-path-to-node=\"3\" data-index-in-node=\"286\">kritik<\/b> bir rahatlama sa\u011flad\u0131.<\/p>\n<h4 data-path-to-node=\"4\"><b data-path-to-node=\"4\" data-index-in-node=\"0\">Market Markal\u0131 \u00dcr\u00fcnlere Rekor \u0130lgi<\/b><\/h4>\n<p data-path-to-node=\"5\">Ocak ay\u0131, s\u00fcpermarketlerin kendi markal\u0131 \u00fcr\u00fcnleri i\u00e7in de tarihi bir d\u00f6nem oldu. T\u00fcketicilerin uygun fiyatl\u0131 alternatiflere y\u00f6nelmesiyle, market markal\u0131 \u00fcr\u00fcnlerin toplam harcamalardaki pay\u0131 <b data-path-to-node=\"5\" data-index-in-node=\"202\">%52,2<\/b> ile t\u00fcm zamanlar\u0131n en y\u00fcksek seviyesine ula\u015ft\u0131.<\/p><div id=\"briti-121647322\" class=\"briti-icerik\" style=\"margin-top: 5px;margin-bottom: 5px;\"><a href=\"https:\/\/piaryum.com\/services\/\" aria-label=\"piaryum banner\"><img loading=\"lazy\" decoding=\"async\" src=\"https:\/\/by-tv.co.uk\/wp-content\/uploads\/2025\/12\/Gemini_Generated_Image_g5yqr1g5yqr1g5yq.jpg\" alt=\"\"  width=\"2064\" height=\"1152\"   \/><\/a><\/div>\n<p data-path-to-node=\"6\"><b data-path-to-node=\"6\" data-index-in-node=\"0\">Worldpanel<\/b> yetkilisi <b data-path-to-node=\"6\" data-index-in-node=\"21\">Fraser McKevitt<\/b>, Ocak ay\u0131n\u0131n haneler i\u00e7in b\u00fct\u00e7eleri kontrol alt\u0131na alma ay\u0131 oldu\u011funu belirterek, t\u00fcketicilerin hem tasarruf yapt\u0131\u011f\u0131n\u0131 hem de sa\u011fl\u0131kl\u0131 beslenmeye y\u00f6neldi\u011fini vurgulad\u0131.<\/p>\n<h4 data-path-to-node=\"7\"><b data-path-to-node=\"7\" data-index-in-node=\"0\">Lidl ve Ocado Pazar\u0131n Y\u00fckselen Y\u0131ld\u0131zlar\u0131<\/b><\/h4>\n<p data-path-to-node=\"8\">S\u00fcpermarket pazar\u0131ndaki rekabette, indirim marketi <b data-path-to-node=\"8\" data-index-in-node=\"51\">Lidl<\/b> sat\u0131\u015flar\u0131n\u0131 <b data-path-to-node=\"8\" data-index-in-node=\"68\">%10,1<\/b> art\u0131rarak fiziksel ma\u011fazalar aras\u0131nda en h\u0131zl\u0131 b\u00fcy\u00fcyen zincir oldu. \u00c7evrimi\u00e7i perakendeci <b data-path-to-node=\"8\" data-index-in-node=\"164\">Ocado<\/b> ise sat\u0131\u015flar\u0131n\u0131 <b data-path-to-node=\"8\" data-index-in-node=\"186\">%14,1<\/b> y\u00fckselterek pazar pay\u0131n\u0131 <b data-path-to-node=\"8\" data-index-in-node=\"217\">%2,1<\/b>\u2019e \u00e7\u0131kard\u0131. Sekt\u00f6r\u00fcn liderleri <b data-path-to-node=\"8\" data-index-in-node=\"252\">Tesco<\/b> ve <b data-path-to-node=\"8\" data-index-in-node=\"261\">Sainsbury\u2019s<\/b> paylar\u0131n\u0131 korurken, <b data-path-to-node=\"8\" data-index-in-node=\"293\">Asda<\/b> ve <b data-path-to-node=\"8\" data-index-in-node=\"301\">Co-op<\/b> sat\u0131\u015flar\u0131nda d\u00fc\u015f\u00fc\u015f ya\u015fand\u0131.<\/p>\n<\/div>\n<\/div>\n<\/div>\n<div id=\"briti-3954820438\" class=\"briti-icerikten-sonra_2\" style=\"margin-top: 25px;margin-bottom: 25px;\"><a href=\"https:\/\/wa.me\/message\/NDZLLIOQT4H3O1\" aria-label=\"bytv reklam banner\"><img loading=\"lazy\" decoding=\"async\" src=\"https:\/\/by-tv.co.uk\/wp-content\/uploads\/2025\/12\/bytv-reklam-banner.jpg\" alt=\"\"  width=\"2376\" height=\"1008\"   \/><\/a><\/div>","protected":false},"excerpt":{"rendered":"<p>Beslenme Al\u0131\u015fkanl\u0131klar\u0131 Yeni Y\u0131lda De\u011fi\u015fti Birle\u015fik Krall\u0131k&#8217;ta t\u00fcketiciler, 2026 y\u0131l\u0131n\u0131n ilk ay\u0131nda sa\u011fl\u0131k hedeflerine odaklanarak meyve ve yo\u011furt gibi \u00fcr\u00fcnlere olan talebi art\u0131rd\u0131. Worldpanel by Numerator taraf\u0131ndan yay\u0131mlanan verilere g\u00f6re, Ocak ay\u0131nda taze meyve ve kuru baklagil sat\u0131\u015f hacmi ge\u00e7en y\u0131la g\u00f6re %6 y\u00fckselirken, yo\u011furtta %4 art\u0131\u015f kaydedildi. \u00d6zellikle lor peyniri sat\u0131\u015flar\u0131n\u0131n %50 oran\u0131nda artmas\u0131 dikkat \u00e7ekti. The Guardian\u2019\u0131n haberine g\u00f6re g\u0131da fiyatlar\u0131ndaki y\u0131ll\u0131k art\u0131\u015f h\u0131z\u0131, Aral\u0131k ay\u0131ndaki %4,7 seviyesinden Ocak ay\u0131nda %4\u2019e gerileyerek son dokuz ay\u0131n en d\u00fc\u015f\u00fck noktas\u0131na ula\u015ft\u0131. Enflasyondaki bu yava\u015flama, Noel d\u00f6nemindeki harcamalar\u0131n ard\u0131ndan b\u00fct\u00e7elerini dengelemeye \u00e7al\u0131\u015fan haneler i\u00e7in kritik bir rahatlama sa\u011flad\u0131. Market Markal\u0131 \u00dcr\u00fcnlere [&hellip;]<\/p>\n","protected":false},"author":11,"featured_media":9909,"comment_status":"open","ping_status":"open","sticky":false,"template":"","format":"standard","meta":{"ngg_post_thumbnail":0,"footnotes":""},"categories":[5269,15],"tags":[],"class_list":["post-35982","post","type-post","status-publish","format-standard","has-post-thumbnail","hentry","category-birlesik-krallik","category-ingiltere"],"_links":{"self":[{"href":"https:\/\/by-tv.co.uk\/en\/wp-json\/wp\/v2\/posts\/35982","targetHints":{"allow":["GET"]}}],"collection":[{"href":"https:\/\/by-tv.co.uk\/en\/wp-json\/wp\/v2\/posts"}],"about":[{"href":"https:\/\/by-tv.co.uk\/en\/wp-json\/wp\/v2\/types\/post"}],"author":[{"embeddable":true,"href":"https:\/\/by-tv.co.uk\/en\/wp-json\/wp\/v2\/users\/11"}],"replies":[{"embeddable":true,"href":"https:\/\/by-tv.co.uk\/en\/wp-json\/wp\/v2\/comments?post=35982"}],"version-history":[{"count":2,"href":"https:\/\/by-tv.co.uk\/en\/wp-json\/wp\/v2\/posts\/35982\/revisions"}],"predecessor-version":[{"id":35984,"href":"https:\/\/by-tv.co.uk\/en\/wp-json\/wp\/v2\/posts\/35982\/revisions\/35984"}],"wp:featuredmedia":[{"embeddable":true,"href":"https:\/\/by-tv.co.uk\/en\/wp-json\/wp\/v2\/media\/9909"}],"wp:attachment":[{"href":"https:\/\/by-tv.co.uk\/en\/wp-json\/wp\/v2\/media?parent=35982"}],"wp:term":[{"taxonomy":"category","embeddable":true,"href":"https:\/\/by-tv.co.uk\/en\/wp-json\/wp\/v2\/categories?post=35982"},{"taxonomy":"post_tag","embeddable":true,"href":"https:\/\/by-tv.co.uk\/en\/wp-json\/wp\/v2\/tags?post=35982"}],"curies":[{"name":"wp","href":"https:\/\/api.w.org\/{rel}","templated":true}]}}