{"id":35979,"date":"2026-02-03T09:44:50","date_gmt":"2026-02-03T09:44:50","guid":{"rendered":"https:\/\/by-tv.co.uk\/?p=35979"},"modified":"2026-02-03T09:44:50","modified_gmt":"2026-02-03T09:44:50","slug":"ingilterede-doktorlar-yeniden-grev-karari-aldi","status":"publish","type":"post","link":"https:\/\/by-tv.co.uk\/en\/ingilterede-doktorlar-yeniden-grev-karari-aldi\/","title":{"rendered":"\u0130ngiltere\u2019de Doktorlar Yeniden Grev Karar\u0131 Ald\u0131"},"content":{"rendered":"<div id=\"model-response-message-contentr_10ead3fb63f642d2\" class=\"markdown markdown-main-panel enable-updated-hr-color\" dir=\"ltr\" aria-live=\"polite\" aria-busy=\"false\">\n<h4 data-path-to-node=\"1\"><b data-path-to-node=\"1\" data-index-in-node=\"0\">BMA \u00dcyelerinden Greve G\u00fc\u00e7l\u00fc Destek<\/b><\/h4>\n<p data-path-to-node=\"2\">\u0130ngiltere&#8217;de asistan doktorlar, maa\u015f art\u0131\u015f\u0131 ve e\u011fitim kadrolar\u0131 konusundaki uzun s\u00fcreli anla\u015fmazl\u0131k kapsam\u0131nda yeniden greve gitme y\u00f6n\u00fcnde oy kulland\u0131. <b data-path-to-node=\"2\" data-index-in-node=\"152\">BBC&#8217;nin haberine g\u00f6re<\/b>, <b data-path-to-node=\"2\" data-index-in-node=\"175\">\u0130ngiliz Tabipler Birli\u011fi (BMA)<\/b> \u00fcyelerinin kat\u0131ld\u0131\u011f\u0131 oylamada, grev karar\u0131na destek oran\u0131 <b data-path-to-node=\"2\" data-index-in-node=\"264\">%93<\/b> olarak ger\u00e7ekle\u015fti.<\/p>\n<p data-path-to-node=\"3\">Oylamaya kat\u0131l\u0131m oran\u0131 <b data-path-to-node=\"3\" data-index-in-node=\"23\">%53<\/b> olurken, sendika bu sonu\u00e7la \u00f6n\u00fcm\u00fczdeki <b data-path-to-node=\"3\" data-index-in-node=\"66\">alt\u0131 ay boyunca<\/b> yeni i\u015f b\u0131rakma eylemleri d\u00fczenleme yetkisi kazand\u0131. Hen\u00fcz net bir grev tarihi a\u00e7\u0131klanmazken, bu karar Noel \u00f6ncesi yap\u0131lan son grevin ard\u0131ndan h\u00fck\u00fcmetle y\u00fcr\u00fct\u00fclen bir ayl\u0131k m\u00fczakerelerin ard\u0131ndan geldi.<\/p>\n<h4 data-path-to-node=\"4\"><b data-path-to-node=\"4\" data-index-in-node=\"0\">Maa\u015f Kesintisi ve E\u011fitim Darbo\u011faz\u0131 Tepkisi<\/b><\/h4>\n<p data-path-to-node=\"5\"><b data-path-to-node=\"5\" data-index-in-node=\"0\">BMA<\/b> asistan doktorlar lideri <b data-path-to-node=\"5\" data-index-in-node=\"29\">Dr. Jack Fletcher<\/b>, Sa\u011fl\u0131k Bakan\u0131&#8217;n\u0131n &#8220;adil \u00f6deme&#8221; s\u00f6z\u00fcne ra\u011fmen bu y\u0131l i\u00e7in \u00f6nerilen maa\u015f art\u0131\u015f\u0131n\u0131n asl\u0131nda bir kesinti niteli\u011finde oldu\u011funu savundu. H\u00fck\u00fcmet, Nisan ay\u0131ndan itibaren ge\u00e7erli olmak \u00fczere <b data-path-to-node=\"5\" data-index-in-node=\"231\">%2,5<\/b> oran\u0131nda bir art\u0131\u015f teklif etmi\u015fti.<\/p><div id=\"briti-3810407687\" class=\"briti-icerik\" style=\"margin-top: 5px;margin-bottom: 5px;\"><a href=\"https:\/\/piaryum.com\/services\/\" aria-label=\"piaryum banner\"><img loading=\"lazy\" decoding=\"async\" src=\"https:\/\/by-tv.co.uk\/wp-content\/uploads\/2025\/12\/Gemini_Generated_Image_g5yqr1g5yqr1g5yq.jpg\" alt=\"\"  width=\"2064\" height=\"1152\"   \/><\/a><\/div>\n<p data-path-to-node=\"6\"><b data-path-to-node=\"6\" data-index-in-node=\"0\">Dr. Fletcher<\/b>, binlerce yeni e\u011fitim kadrosu a\u00e7\u0131lmad\u0131\u011f\u0131 s\u00fcrece gen\u00e7 doktorlar\u0131n kariyerlerinin &#8220;gasp edilmeye&#8221; devam edece\u011fini vurgulad\u0131. Doktorlar\u0131n son \u00fc\u00e7 y\u0131lda toplamda yakla\u015f\u0131k <b data-path-to-node=\"6\" data-index-in-node=\"179\">%30<\/b> zam ald\u0131\u011f\u0131n\u0131 belirten h\u00fck\u00fcmete kar\u015f\u0131 sendika, enflasyon hesaba kat\u0131ld\u0131\u011f\u0131nda maa\u015flar\u0131n <b data-path-to-node=\"6\" data-index-in-node=\"269\">2008<\/b> y\u0131l\u0131na k\u0131yasla h\u00e2l\u00e2 <b data-path-to-node=\"6\" data-index-in-node=\"294\">be\u015fte bir oran\u0131nda d\u00fc\u015f\u00fck<\/b> oldu\u011funu ileri s\u00fcr\u00fcyor.<\/p>\n<h4 data-path-to-node=\"7\"><b data-path-to-node=\"7\" data-index-in-node=\"0\">E\u011fitim Kadrolar\u0131nda B\u00fcy\u00fck Y\u0131\u011f\u0131lma<\/b><\/h4>\n<p data-path-to-node=\"8\">Sendika, t\u0131bbi e\u011fitimin kritik a\u015famalar\u0131nda ciddi bir kadro s\u0131k\u0131nt\u0131s\u0131 ya\u015fand\u0131\u011f\u0131n\u0131 ifade ediyor. Ge\u00e7ti\u011fimiz y\u0131l <b data-path-to-node=\"8\" data-index-in-node=\"111\">10 bin<\/b> uzmanl\u0131k e\u011fitim kadrosu i\u00e7in <b data-path-to-node=\"8\" data-index-in-node=\"147\">30 binden fazla<\/b> ba\u015fvuru yap\u0131ld\u0131\u011f\u0131, bu durumun gen\u00e7 doktorlar\u0131n kariyer ilerlemesini engelledi\u011fi belirtiliyor.<\/p>\n<p data-path-to-node=\"9\"><b data-path-to-node=\"9\" data-index-in-node=\"0\">Sa\u011fl\u0131k ve Sosyal Bak\u0131m Bakanl\u0131\u011f\u0131<\/b> s\u00f6zc\u00fcs\u00fc, grev d\u00f6ng\u00fcs\u00fcn\u00fc sona erdirmek i\u00e7in y\u0131l ba\u015f\u0131ndan bu yana yo\u011fun ve yap\u0131c\u0131 g\u00f6r\u00fc\u015fmeler y\u00fcr\u00fctt\u00fcklerini a\u00e7\u0131klad\u0131. H\u00fck\u00fcmet kanad\u0131, <b data-path-to-node=\"9\" data-index-in-node=\"165\">2026<\/b> y\u0131l\u0131nda asistan doktorlar\u0131n yeni bir grev eylemine ba\u015fvurmayaca\u011f\u0131, herkes i\u00e7in uygun bir anla\u015fmaya var\u0131lmas\u0131n\u0131 umduklar\u0131n\u0131 dile getirdi.<\/p>\n<\/div>\n<div id=\"briti-1442944438\" class=\"briti-icerikten-sonra_2\" style=\"margin-top: 25px;margin-bottom: 25px;\"><a href=\"https:\/\/wa.me\/message\/NDZLLIOQT4H3O1\" aria-label=\"bytv reklam banner\"><img loading=\"lazy\" decoding=\"async\" src=\"https:\/\/by-tv.co.uk\/wp-content\/uploads\/2025\/12\/bytv-reklam-banner.jpg\" alt=\"\"  width=\"2376\" height=\"1008\"   \/><\/a><\/div>","protected":false},"excerpt":{"rendered":"<p>BMA \u00dcyelerinden Greve G\u00fc\u00e7l\u00fc Destek \u0130ngiltere&#8217;de asistan doktorlar, maa\u015f art\u0131\u015f\u0131 ve e\u011fitim kadrolar\u0131 konusundaki uzun s\u00fcreli anla\u015fmazl\u0131k kapsam\u0131nda yeniden greve gitme y\u00f6n\u00fcnde oy kulland\u0131. BBC&#8217;nin haberine g\u00f6re, \u0130ngiliz Tabipler Birli\u011fi (BMA) \u00fcyelerinin kat\u0131ld\u0131\u011f\u0131 oylamada, grev karar\u0131na destek oran\u0131 %93 olarak ger\u00e7ekle\u015fti. Oylamaya kat\u0131l\u0131m oran\u0131 %53 olurken, sendika bu sonu\u00e7la \u00f6n\u00fcm\u00fczdeki alt\u0131 ay boyunca yeni i\u015f b\u0131rakma eylemleri d\u00fczenleme yetkisi kazand\u0131. Hen\u00fcz net bir grev tarihi a\u00e7\u0131klanmazken, bu karar Noel \u00f6ncesi yap\u0131lan son grevin ard\u0131ndan h\u00fck\u00fcmetle y\u00fcr\u00fct\u00fclen bir ayl\u0131k m\u00fczakerelerin ard\u0131ndan geldi. Maa\u015f Kesintisi ve E\u011fitim Darbo\u011faz\u0131 Tepkisi BMA asistan doktorlar lideri Dr. Jack Fletcher, Sa\u011fl\u0131k Bakan\u0131&#8217;n\u0131n &#8220;adil \u00f6deme&#8221; s\u00f6z\u00fcne ra\u011fmen [&hellip;]<\/p>\n","protected":false},"author":11,"featured_media":24130,"comment_status":"open","ping_status":"open","sticky":false,"template":"","format":"standard","meta":{"ngg_post_thumbnail":0,"footnotes":""},"categories":[5269,15],"tags":[],"class_list":["post-35979","post","type-post","status-publish","format-standard","has-post-thumbnail","hentry","category-birlesik-krallik","category-ingiltere"],"_links":{"self":[{"href":"https:\/\/by-tv.co.uk\/en\/wp-json\/wp\/v2\/posts\/35979","targetHints":{"allow":["GET"]}}],"collection":[{"href":"https:\/\/by-tv.co.uk\/en\/wp-json\/wp\/v2\/posts"}],"about":[{"href":"https:\/\/by-tv.co.uk\/en\/wp-json\/wp\/v2\/types\/post"}],"author":[{"embeddable":true,"href":"https:\/\/by-tv.co.uk\/en\/wp-json\/wp\/v2\/users\/11"}],"replies":[{"embeddable":true,"href":"https:\/\/by-tv.co.uk\/en\/wp-json\/wp\/v2\/comments?post=35979"}],"version-history":[{"count":2,"href":"https:\/\/by-tv.co.uk\/en\/wp-json\/wp\/v2\/posts\/35979\/revisions"}],"predecessor-version":[{"id":35981,"href":"https:\/\/by-tv.co.uk\/en\/wp-json\/wp\/v2\/posts\/35979\/revisions\/35981"}],"wp:featuredmedia":[{"embeddable":true,"href":"https:\/\/by-tv.co.uk\/en\/wp-json\/wp\/v2\/media\/24130"}],"wp:attachment":[{"href":"https:\/\/by-tv.co.uk\/en\/wp-json\/wp\/v2\/media?parent=35979"}],"wp:term":[{"taxonomy":"category","embeddable":true,"href":"https:\/\/by-tv.co.uk\/en\/wp-json\/wp\/v2\/categories?post=35979"},{"taxonomy":"post_tag","embeddable":true,"href":"https:\/\/by-tv.co.uk\/en\/wp-json\/wp\/v2\/tags?post=35979"}],"curies":[{"name":"wp","href":"https:\/\/api.w.org\/{rel}","templated":true}]}}