{"id":35965,"date":"2026-02-02T13:00:09","date_gmt":"2026-02-02T13:00:09","guid":{"rendered":"https:\/\/by-tv.co.uk\/?p=35965"},"modified":"2026-02-02T13:00:09","modified_gmt":"2026-02-02T13:00:09","slug":"starmerdan-mandelson-karari-lordluk-unvani-alinmali","status":"publish","type":"post","link":"https:\/\/by-tv.co.uk\/en\/starmerdan-mandelson-karari-lordluk-unvani-alinmali\/","title":{"rendered":"Starmer\u2019dan Mandelson Karar\u0131: Lordluk Unvan\u0131 Al\u0131nmal\u0131"},"content":{"rendered":"<div id=\"model-response-message-contentr_6549cfc81c4bf026\" class=\"markdown markdown-main-panel enable-updated-hr-color\" dir=\"ltr\" aria-live=\"polite\" aria-busy=\"false\">\n<h4 data-path-to-node=\"1\"><b data-path-to-node=\"1\" data-index-in-node=\"0\">Epstein Belgeleri \u0130stifa Getirdi<\/b><\/h4>\n<p data-path-to-node=\"2\"><b data-path-to-node=\"2\" data-index-in-node=\"0\">Birle\u015fik Krall\u0131k<\/b> siyaseti, eski bakan <b data-path-to-node=\"2\" data-index-in-node=\"38\">Peter Mandelson<\/b>\u2019\u0131n ge\u00e7mi\u015fte <b data-path-to-node=\"2\" data-index-in-node=\"66\">Jeffrey Epstein<\/b> ile kurdu\u011fu yak\u0131n ili\u015fkiye dair yeni detaylarla sars\u0131l\u0131yor. <b data-path-to-node=\"2\" data-index-in-node=\"142\">The Guardian<\/b>\u2019\u0131n haberine g\u00f6re Ba\u015fbakan <b data-path-to-node=\"2\" data-index-in-node=\"181\">Keir Starmer<\/b>, Mandelson\u2019\u0131n Lordlar Kamaras\u0131 \u00fcyeli\u011finden derhal istifa etmesi ve asalet unvan\u0131n\u0131n elinden al\u0131nmas\u0131 gerekti\u011fini savunuyor.<\/p>\n<p data-path-to-node=\"3\">Hafta sonu bas\u0131na s\u0131zan e-postalar, Mandelson\u2019\u0131n bakanl\u0131k yapt\u0131\u011f\u0131 d\u00f6nemde <b data-path-to-node=\"3\" data-index-in-node=\"74\">Epstein<\/b> ile h\u00fck\u00fcmet politikalar\u0131 \u00fczerine yaz\u0131\u015ft\u0131\u011f\u0131n\u0131 ve bu s\u00fcre\u00e7te Mandelson\u2019\u0131n e\u015fine y\u00fcksek miktarda \u00f6demeler yap\u0131ld\u0131\u011f\u0131n\u0131 ortaya koydu.<\/p>\n<h4 data-path-to-node=\"4\"><b data-path-to-node=\"4\" data-index-in-node=\"0\">Yasal S\u00fcre\u00e7 ve Disiplin Reformu<\/b><\/h4>\n<p data-path-to-node=\"5\">Ba\u015fbakanl\u0131k Ofisi (No 10), Lordlar Kamaras\u0131&#8217;n\u0131n disiplin kurallar\u0131n\u0131n &#8220;g\u00fcncelli\u011fini yitirdi\u011fini&#8221; belirterek acil modernizasyon \u00e7a\u011fr\u0131s\u0131 yapt\u0131. Mevcut sistemde bir \u00fcyenin peerage (lordluk) unvan\u0131n\u0131 geri almak hukuken olduk\u00e7a zorlu bir s\u00fcreci kaps\u0131yor.<\/p><div id=\"briti-468650776\" class=\"briti-icerik\" style=\"margin-top: 5px;margin-bottom: 5px;\"><a href=\"https:\/\/piaryum.com\/services\/\" aria-label=\"piaryum banner\"><img loading=\"lazy\" decoding=\"async\" src=\"https:\/\/by-tv.co.uk\/wp-content\/uploads\/2025\/12\/Gemini_Generated_Image_g5yqr1g5yqr1g5yq.jpg\" alt=\"\"  width=\"2064\" height=\"1152\"   \/><\/a><\/div>\n<p data-path-to-node=\"6\">Bu tart\u0131\u015fmalar s\u00fcrerken, Kabine Sekreteri <b data-path-to-node=\"6\" data-index-in-node=\"42\">Chris Wormald<\/b> taraf\u0131ndan Mandelson\u2019\u0131n bakanl\u0131k d\u00f6nemi kararlar\u0131na ili\u015fkin kapsaml\u0131 bir inceleme ba\u015flat\u0131ld\u0131. <b data-path-to-node=\"6\" data-index-in-node=\"150\">\u0130\u015f\u00e7i Partisi<\/b>, Mandelson\u2019\u0131n partiden istifa etti\u011fini ancak etik soru\u015fturman\u0131n devam edece\u011fini bildirdi.<\/p>\n<\/div>\n<div id=\"briti-2802302967\" class=\"briti-icerikten-sonra_2\" style=\"margin-top: 25px;margin-bottom: 25px;\"><a href=\"https:\/\/wa.me\/message\/NDZLLIOQT4H3O1\" aria-label=\"bytv reklam banner\"><img loading=\"lazy\" decoding=\"async\" src=\"https:\/\/by-tv.co.uk\/wp-content\/uploads\/2025\/12\/bytv-reklam-banner.jpg\" alt=\"\"  width=\"2376\" height=\"1008\"   \/><\/a><\/div>","protected":false},"excerpt":{"rendered":"<p>Epstein Belgeleri \u0130stifa Getirdi Birle\u015fik Krall\u0131k siyaseti, eski bakan Peter Mandelson\u2019\u0131n ge\u00e7mi\u015fte Jeffrey Epstein ile kurdu\u011fu yak\u0131n ili\u015fkiye dair yeni detaylarla sars\u0131l\u0131yor. The Guardian\u2019\u0131n haberine g\u00f6re Ba\u015fbakan Keir Starmer, Mandelson\u2019\u0131n Lordlar Kamaras\u0131 \u00fcyeli\u011finden derhal istifa etmesi ve asalet unvan\u0131n\u0131n elinden al\u0131nmas\u0131 gerekti\u011fini savunuyor. Hafta sonu bas\u0131na s\u0131zan e-postalar, Mandelson\u2019\u0131n bakanl\u0131k yapt\u0131\u011f\u0131 d\u00f6nemde Epstein ile h\u00fck\u00fcmet politikalar\u0131 \u00fczerine yaz\u0131\u015ft\u0131\u011f\u0131n\u0131 ve bu s\u00fcre\u00e7te Mandelson\u2019\u0131n e\u015fine y\u00fcksek miktarda \u00f6demeler yap\u0131ld\u0131\u011f\u0131n\u0131 ortaya koydu. Yasal S\u00fcre\u00e7 ve Disiplin Reformu Ba\u015fbakanl\u0131k Ofisi (No 10), Lordlar Kamaras\u0131&#8217;n\u0131n disiplin kurallar\u0131n\u0131n &#8220;g\u00fcncelli\u011fini yitirdi\u011fini&#8221; belirterek acil modernizasyon \u00e7a\u011fr\u0131s\u0131 yapt\u0131. Mevcut sistemde bir \u00fcyenin peerage (lordluk) unvan\u0131n\u0131 geri almak hukuken olduk\u00e7a [&hellip;]<\/p>\n","protected":false},"author":11,"featured_media":35596,"comment_status":"open","ping_status":"open","sticky":false,"template":"","format":"standard","meta":{"ngg_post_thumbnail":0,"footnotes":""},"categories":[5269,15],"tags":[],"class_list":["post-35965","post","type-post","status-publish","format-standard","has-post-thumbnail","hentry","category-birlesik-krallik","category-ingiltere"],"_links":{"self":[{"href":"https:\/\/by-tv.co.uk\/en\/wp-json\/wp\/v2\/posts\/35965","targetHints":{"allow":["GET"]}}],"collection":[{"href":"https:\/\/by-tv.co.uk\/en\/wp-json\/wp\/v2\/posts"}],"about":[{"href":"https:\/\/by-tv.co.uk\/en\/wp-json\/wp\/v2\/types\/post"}],"author":[{"embeddable":true,"href":"https:\/\/by-tv.co.uk\/en\/wp-json\/wp\/v2\/users\/11"}],"replies":[{"embeddable":true,"href":"https:\/\/by-tv.co.uk\/en\/wp-json\/wp\/v2\/comments?post=35965"}],"version-history":[{"count":2,"href":"https:\/\/by-tv.co.uk\/en\/wp-json\/wp\/v2\/posts\/35965\/revisions"}],"predecessor-version":[{"id":35967,"href":"https:\/\/by-tv.co.uk\/en\/wp-json\/wp\/v2\/posts\/35965\/revisions\/35967"}],"wp:featuredmedia":[{"embeddable":true,"href":"https:\/\/by-tv.co.uk\/en\/wp-json\/wp\/v2\/media\/35596"}],"wp:attachment":[{"href":"https:\/\/by-tv.co.uk\/en\/wp-json\/wp\/v2\/media?parent=35965"}],"wp:term":[{"taxonomy":"category","embeddable":true,"href":"https:\/\/by-tv.co.uk\/en\/wp-json\/wp\/v2\/categories?post=35965"},{"taxonomy":"post_tag","embeddable":true,"href":"https:\/\/by-tv.co.uk\/en\/wp-json\/wp\/v2\/tags?post=35965"}],"curies":[{"name":"wp","href":"https:\/\/api.w.org\/{rel}","templated":true}]}}