{"id":3594,"date":"2020-02-17T06:56:29","date_gmt":"2020-02-17T03:56:29","guid":{"rendered":"https:\/\/by-tv.co.uk\/?p=3594"},"modified":"2020-02-17T12:50:52","modified_gmt":"2020-02-17T09:50:52","slug":"wilma-elles-emre-tamerin-londradaki-defilesinde-tahta-cikti","status":"publish","type":"post","link":"https:\/\/by-tv.co.uk\/en\/wilma-elles-emre-tamerin-londradaki-defilesinde-tahta-cikti\/","title":{"rendered":"Wilma Elles, Modac\u0131 Emre Tamer&#8217;in Londra&#8217;daki defilesinde tahta \u00e7\u0131kt\u0131"},"content":{"rendered":"<p>Londra Moda Haftas\u0131 kapsam\u0131nda, T\u00fcrkiye as\u0131ll\u0131 Avusturyal\u0131 moda tasar\u0131mc\u0131s\u0131 Emre Tamer, kendi ad\u0131n\u0131 ta\u015f\u0131yan Londra\u2019daki ilk defilesinde modaseverlerle bulu\u015ftu. Emre Tamer\u2019in, Yerebatan Saray\u0131\u2019n\u0131 Londra\u2019ya ta\u015f\u0131d\u0131\u011f\u0131 defilede 12 manken taraf\u0131ndan 12 par\u00e7al\u0131k bir kaps\u00fcl koleksiyon tan\u0131t\u0131ld\u0131.<\/p>\n<p>\u00dcnl\u00fc sinema ve dizi oyuncusu Wilma Elles, podyuma \u2018Medusa\u2019 taht\u0131nda getirildi. Londra Millenium Gloucester Hotel\u2019de d\u00fczenlenen etkinlikte T\u00fcrkiye\u2019nin Londra Ba\u015fkonsolosu \u00c7\u0131nar Ergin, e\u015fi Deniz Ergin ve Avusturya B\u00fcy\u00fckel\u00e7ili\u011fi yetkililerinin de haz\u0131r bulundu\u011fu geceye yakla\u015f\u0131k 600 ki\u015fi kat\u0131ld\u0131.<\/p>\n<p>\u0130ngiliz T\u00fcrk K\u00fclt\u00fcr Derne\u011fi ATCA&#8217;n\u0131n ve Zeynep Ober&#8217;in katk\u0131lar\u0131yla haz\u0131rlanan ve ana sponsoru Seyid Decor&#8217;un oldu\u011fu defileye yerli ve yabanc\u0131 bas\u0131n olduk\u00e7a yo\u011fun ilgi g\u00f6sterdi.<iframe loading=\"lazy\" src=\"https:\/\/www.youtube.com\/embed\/qenuarNkk7E\" width=\"751\" height=\"422\" frameborder=\"0\" allowfullscreen=\"allowfullscreen\"><\/iframe><\/p><div id=\"briti-2426059142\" class=\"briti-icerik\" style=\"margin-top: 5px;margin-bottom: 5px;\"><a href=\"https:\/\/piaryum.com\/services\/\" aria-label=\"piaryum banner\"><img loading=\"lazy\" decoding=\"async\" src=\"https:\/\/by-tv.co.uk\/wp-content\/uploads\/2025\/12\/Gemini_Generated_Image_g5yqr1g5yqr1g5yq.jpg\" alt=\"\"  width=\"2064\" height=\"1152\"   \/><\/a><\/div>\n<div id=\"briti-225224992\" class=\"briti-icerikten-sonra_2\" style=\"margin-top: 25px;margin-bottom: 25px;\"><a href=\"https:\/\/wa.me\/message\/NDZLLIOQT4H3O1\" aria-label=\"bytv reklam banner\"><img loading=\"lazy\" decoding=\"async\" src=\"https:\/\/by-tv.co.uk\/wp-content\/uploads\/2025\/12\/bytv-reklam-banner.jpg\" alt=\"\"  width=\"2376\" height=\"1008\"   \/><\/a><\/div>","protected":false},"excerpt":{"rendered":"<p>Londra Moda Haftas\u0131 kapsam\u0131nda, T\u00fcrkiye as\u0131ll\u0131 Avusturyal\u0131 moda tasar\u0131mc\u0131s\u0131 Emre Tamer, kendi ad\u0131n\u0131 ta\u015f\u0131yan Londra\u2019daki ilk defilesinde modaseverlerle bulu\u015ftu. Emre Tamer\u2019in, Yerebatan Saray\u0131\u2019n\u0131 Londra\u2019ya ta\u015f\u0131d\u0131\u011f\u0131 defilede 12 manken taraf\u0131ndan 12 par\u00e7al\u0131k bir kaps\u00fcl koleksiyon tan\u0131t\u0131ld\u0131. \u00dcnl\u00fc sinema ve dizi oyuncusu Wilma Elles, podyuma \u2018Medusa\u2019 taht\u0131nda getirildi. Londra Millenium Gloucester Hotel\u2019de d\u00fczenlenen etkinlikte T\u00fcrkiye\u2019nin Londra Ba\u015fkonsolosu \u00c7\u0131nar Ergin, e\u015fi Deniz Ergin ve Avusturya B\u00fcy\u00fckel\u00e7ili\u011fi yetkililerinin de haz\u0131r bulundu\u011fu geceye yakla\u015f\u0131k 600 ki\u015fi kat\u0131ld\u0131. \u0130ngiliz T\u00fcrk K\u00fclt\u00fcr Derne\u011fi ATCA&#8217;n\u0131n ve Zeynep Ober&#8217;in katk\u0131lar\u0131yla haz\u0131rlanan ve ana sponsoru Seyid Decor&#8217;un oldu\u011fu defileye yerli ve yabanc\u0131 bas\u0131n olduk\u00e7a yo\u011fun ilgi g\u00f6sterdi.<\/p>","protected":false},"author":1,"featured_media":3596,"comment_status":"open","ping_status":"open","sticky":false,"template":"","format":"video","meta":{"ngg_post_thumbnail":0,"footnotes":""},"categories":[1],"tags":[452,453,456,659,407],"class_list":["post-3594","post","type-post","status-publish","format-video","has-post-thumbnail","hentry","category-genel","tag-emre-tamer","tag-londra-moda-haftasi","tag-medusa","tag-wilma-elles","tag-zeynep-ober","post_format-post-format-video"],"_links":{"self":[{"href":"https:\/\/by-tv.co.uk\/en\/wp-json\/wp\/v2\/posts\/3594","targetHints":{"allow":["GET"]}}],"collection":[{"href":"https:\/\/by-tv.co.uk\/en\/wp-json\/wp\/v2\/posts"}],"about":[{"href":"https:\/\/by-tv.co.uk\/en\/wp-json\/wp\/v2\/types\/post"}],"author":[{"embeddable":true,"href":"https:\/\/by-tv.co.uk\/en\/wp-json\/wp\/v2\/users\/1"}],"replies":[{"embeddable":true,"href":"https:\/\/by-tv.co.uk\/en\/wp-json\/wp\/v2\/comments?post=3594"}],"version-history":[{"count":0,"href":"https:\/\/by-tv.co.uk\/en\/wp-json\/wp\/v2\/posts\/3594\/revisions"}],"wp:featuredmedia":[{"embeddable":true,"href":"https:\/\/by-tv.co.uk\/en\/wp-json\/wp\/v2\/media\/3596"}],"wp:attachment":[{"href":"https:\/\/by-tv.co.uk\/en\/wp-json\/wp\/v2\/media?parent=3594"}],"wp:term":[{"taxonomy":"category","embeddable":true,"href":"https:\/\/by-tv.co.uk\/en\/wp-json\/wp\/v2\/categories?post=3594"},{"taxonomy":"post_tag","embeddable":true,"href":"https:\/\/by-tv.co.uk\/en\/wp-json\/wp\/v2\/tags?post=3594"}],"curies":[{"name":"wp","href":"https:\/\/api.w.org\/{rel}","templated":true}]}}