{"id":35664,"date":"2026-01-22T22:55:34","date_gmt":"2026-01-22T22:55:34","guid":{"rendered":"https:\/\/by-tv.co.uk\/?p=35664"},"modified":"2026-01-22T22:55:34","modified_gmt":"2026-01-22T22:55:34","slug":"kenan-poleo-istanbula-veda-ediyor","status":"publish","type":"post","link":"https:\/\/by-tv.co.uk\/en\/kenan-poleo-istanbula-veda-ediyor\/","title":{"rendered":"Kenan Poleo \u0130stanbul\u2019a Veda Ediyor"},"content":{"rendered":"<p data-start=\"231\" data-end=\"401\">Birle\u015fik Krall\u0131k\u2019\u0131n \u0130stanbul Ba\u015fkonsolosu <strong data-start=\"273\" data-end=\"288\">Kenan Poleo<\/strong>,&nbsp; \u0130stanbul\u2019daki g\u00f6rev s\u00fcresinin sonuna yakla\u015ft\u0131\u011f\u0131n\u0131 duyurarak veda ziyaretlerine ba\u015flad\u0131\u011f\u0131n\u0131 a\u00e7\u0131klad\u0131.<\/p>\n<p data-start=\"403\" data-end=\"707\">Sosyal medyada bir a\u00e7\u0131klama yay\u0131nlayan Poleo,&nbsp; g\u00f6rev s\u00fcresi boyunca kendisine verilen destek i\u00e7in; <strong data-start=\"481\" data-end=\"510\">\u0130stanbul Valisi Davut G\u00fcl<\/strong>, <strong data-start=\"512\" data-end=\"583\">D\u0131\u015fi\u015fleri Bakanl\u0131\u011f\u0131 \u0130stanbul Temsilcisi B\u00fcy\u00fckel\u00e7i Ay\u015fe S\u00f6zen Usluer<\/strong>, <strong data-start=\"585\" data-end=\"642\">\u0130stanbul B\u00fcy\u00fck\u015fehir Belediye Ba\u015fkan Vekili Nuri Aslan<\/strong>, <strong data-start=\"644\" data-end=\"678\">Fener Rum Patri\u011fi Bartholomeos<\/strong> ve ekiplerine te\u015fekk\u00fcr etti.<\/p>\n<p data-start=\"709\" data-end=\"954\">G\u00f6rev s\u00fcresi boyunca T\u00fcrkiye ile Birle\u015fik Krall\u0131k aras\u0131ndaki ili\u015fkilerin daha da g\u00fc\u00e7lendi\u011fine vurgu yapan Poleo, \u201cBu s\u00fcre\u00e7te Birle\u015fik Krall\u0131k ile T\u00fcrkiye aras\u0131ndaki ba\u011flar\u0131 birlikte daha da g\u00fc\u00e7lendirdi\u011fimize hi\u00e7 \u015f\u00fcphem yok\u201d ifadelerini kulland\u0131.<\/p><div id=\"briti-3111198073\" class=\"briti-icerik\" style=\"margin-top: 5px;margin-bottom: 5px;\"><a href=\"https:\/\/piaryum.com\/services\/\" aria-label=\"piaryum banner\"><img loading=\"lazy\" decoding=\"async\" src=\"https:\/\/by-tv.co.uk\/wp-content\/uploads\/2025\/12\/Gemini_Generated_Image_g5yqr1g5yqr1g5yq.jpg\" alt=\"\"  width=\"2064\" height=\"1152\"   \/><\/a><\/div>\n<p data-start=\"956\" data-end=\"1083\">Kenan Poleo, a\u00e7\u0131klamas\u0131nda <strong data-start=\"983\" data-end=\"1037\">\u015eubat ay\u0131n\u0131n sonuna kadar g\u00f6revine devam edece\u011fini<\/strong>, ard\u0131ndan \u0130stanbul\u2019dan ayr\u0131laca\u011f\u0131n\u0131 belirtti. Poleo\u2019nun g\u00f6revini devralacak isme ili\u015fkin ise \u015fu ana kadar kamuoyuna a\u00e7\u0131k resm\u00ee bir a\u00e7\u0131klama yap\u0131lmad\u0131.<\/p>\n<div id=\"briti-1829539688\" class=\"briti-icerikten-sonra_2\" style=\"margin-top: 25px;margin-bottom: 25px;\"><a href=\"https:\/\/wa.me\/message\/NDZLLIOQT4H3O1\" aria-label=\"bytv reklam banner\"><img loading=\"lazy\" decoding=\"async\" src=\"https:\/\/by-tv.co.uk\/wp-content\/uploads\/2025\/12\/bytv-reklam-banner.jpg\" alt=\"\"  width=\"2376\" height=\"1008\"   \/><\/a><\/div>","protected":false},"excerpt":{"rendered":"<p>Birle\u015fik Krall\u0131k\u2019\u0131n \u0130stanbul Ba\u015fkonsolosu Kenan Poleo,&nbsp; \u0130stanbul\u2019daki g\u00f6rev s\u00fcresinin sonuna yakla\u015ft\u0131\u011f\u0131n\u0131 duyurarak veda ziyaretlerine ba\u015flad\u0131\u011f\u0131n\u0131 a\u00e7\u0131klad\u0131. Sosyal medyada bir a\u00e7\u0131klama yay\u0131nlayan Poleo,&nbsp; g\u00f6rev s\u00fcresi boyunca kendisine verilen destek i\u00e7in; \u0130stanbul Valisi Davut G\u00fcl, D\u0131\u015fi\u015fleri Bakanl\u0131\u011f\u0131 \u0130stanbul Temsilcisi B\u00fcy\u00fckel\u00e7i Ay\u015fe S\u00f6zen Usluer, \u0130stanbul B\u00fcy\u00fck\u015fehir Belediye Ba\u015fkan Vekili Nuri Aslan, Fener Rum Patri\u011fi Bartholomeos ve ekiplerine te\u015fekk\u00fcr etti. G\u00f6rev s\u00fcresi boyunca T\u00fcrkiye ile Birle\u015fik Krall\u0131k aras\u0131ndaki ili\u015fkilerin daha da g\u00fc\u00e7lendi\u011fine vurgu yapan Poleo, \u201cBu s\u00fcre\u00e7te Birle\u015fik Krall\u0131k ile T\u00fcrkiye aras\u0131ndaki ba\u011flar\u0131 birlikte daha da g\u00fc\u00e7lendirdi\u011fimize hi\u00e7 \u015f\u00fcphem yok\u201d ifadelerini kulland\u0131. Kenan Poleo, a\u00e7\u0131klamas\u0131nda \u015eubat ay\u0131n\u0131n sonuna kadar g\u00f6revine devam edece\u011fini, ard\u0131ndan \u0130stanbul\u2019dan [&hellip;]<\/p>\n","protected":false},"author":1,"featured_media":35665,"comment_status":"open","ping_status":"open","sticky":false,"template":"","format":"standard","meta":{"ngg_post_thumbnail":0,"footnotes":""},"categories":[5269],"tags":[],"class_list":["post-35664","post","type-post","status-publish","format-standard","has-post-thumbnail","hentry","category-birlesik-krallik"],"_links":{"self":[{"href":"https:\/\/by-tv.co.uk\/en\/wp-json\/wp\/v2\/posts\/35664","targetHints":{"allow":["GET"]}}],"collection":[{"href":"https:\/\/by-tv.co.uk\/en\/wp-json\/wp\/v2\/posts"}],"about":[{"href":"https:\/\/by-tv.co.uk\/en\/wp-json\/wp\/v2\/types\/post"}],"author":[{"embeddable":true,"href":"https:\/\/by-tv.co.uk\/en\/wp-json\/wp\/v2\/users\/1"}],"replies":[{"embeddable":true,"href":"https:\/\/by-tv.co.uk\/en\/wp-json\/wp\/v2\/comments?post=35664"}],"version-history":[{"count":1,"href":"https:\/\/by-tv.co.uk\/en\/wp-json\/wp\/v2\/posts\/35664\/revisions"}],"predecessor-version":[{"id":35666,"href":"https:\/\/by-tv.co.uk\/en\/wp-json\/wp\/v2\/posts\/35664\/revisions\/35666"}],"wp:featuredmedia":[{"embeddable":true,"href":"https:\/\/by-tv.co.uk\/en\/wp-json\/wp\/v2\/media\/35665"}],"wp:attachment":[{"href":"https:\/\/by-tv.co.uk\/en\/wp-json\/wp\/v2\/media?parent=35664"}],"wp:term":[{"taxonomy":"category","embeddable":true,"href":"https:\/\/by-tv.co.uk\/en\/wp-json\/wp\/v2\/categories?post=35664"},{"taxonomy":"post_tag","embeddable":true,"href":"https:\/\/by-tv.co.uk\/en\/wp-json\/wp\/v2\/tags?post=35664"}],"curies":[{"name":"wp","href":"https:\/\/api.w.org\/{rel}","templated":true}]}}