{"id":35656,"date":"2026-01-22T14:00:42","date_gmt":"2026-01-22T14:00:42","guid":{"rendered":"https:\/\/by-tv.co.uk\/?p=35656"},"modified":"2026-01-22T14:00:42","modified_gmt":"2026-01-22T14:00:42","slug":"crowborough-kampina-ilk-siginmaci-grubu-yerlestirildi","status":"publish","type":"post","link":"https:\/\/by-tv.co.uk\/en\/crowborough-kampina-ilk-siginmaci-grubu-yerlestirildi\/","title":{"rendered":"Crowborough Kamp\u0131na \u0130lk S\u0131\u011f\u0131nmac\u0131 Grubu Yerle\u015ftirildi"},"content":{"rendered":"<div id=\"model-response-message-contentr_acd9cdc8ba662631\" class=\"markdown markdown-main-panel enable-updated-hr-color\" dir=\"ltr\" aria-live=\"off\" aria-busy=\"false\">\n<p data-path-to-node=\"1\">Birle\u015fik Krall\u0131k \u0130\u00e7i\u015fleri Bakanl\u0131\u011f\u0131, <b data-path-to-node=\"1\" data-index-in-node=\"37\">East Sussex<\/b> b\u00f6lgesindeki eski bir askeri e\u011fitim kamp\u0131na ilk s\u0131\u011f\u0131nmac\u0131 grubunun yerle\u015ftirildi\u011fini a\u00e7\u0131klad\u0131. <b data-path-to-node=\"1\" data-index-in-node=\"144\">Crowborough<\/b> e\u011fitim kamp\u0131na per\u015fembe sabah\u0131 erken saatlerde <b data-path-to-node=\"1\" data-index-in-node=\"203\">27 erkek<\/b> s\u0131\u011f\u0131nmac\u0131 getirildi. Bu say\u0131n\u0131n \u00f6n\u00fcm\u00fczdeki aylarda kademeli olarak <b data-path-to-node=\"1\" data-index-in-node=\"279\">500<\/b> ki\u015fiye \u00e7\u0131kar\u0131lmas\u0131 planlan\u0131yor.<\/p>\n<p data-path-to-node=\"2\"><b data-path-to-node=\"2\" data-index-in-node=\"0\">The Guardian<\/b>\u2019\u0131n haberine g\u00f6re, h\u00fck\u00fcmetin s\u0131\u011f\u0131nmac\u0131lar\u0131 otellerden \u00e7\u0131kar\u0131p daha b\u00fcy\u00fck \u00f6l\u00e7ekli konaklama merkezlerine ta\u015f\u0131ma plan\u0131n\u0131n bir par\u00e7as\u0131 olarak, <b data-path-to-node=\"2\" data-index-in-node=\"152\">Inverness<\/b> ile birlikte belirlenen iki askeri kamptan biri buras\u0131 oldu. Yetkililer, bu hamlenin yasa d\u0131\u015f\u0131 g\u00f6\u00e7\u00fc te\u015fvik eden unsurlar\u0131 ortadan kald\u0131rmay\u0131 ama\u00e7lad\u0131\u011f\u0131n\u0131 belirtiyor.<\/p>\n<h4 data-path-to-node=\"3\"><b data-path-to-node=\"3\" data-index-in-node=\"0\">Otellerin Kapat\u0131lmas\u0131 Hedefleniyor<\/b><\/h4>\n<p data-path-to-node=\"4\">\u0130\u00e7i\u015fleri Bakan\u0131 <b data-path-to-node=\"4\" data-index-in-node=\"16\">Shabana Mahmood<\/b>, yasa d\u0131\u015f\u0131 g\u00f6\u00e7\u00fcn topluluklar \u00fczerinde b\u00fcy\u00fck bir bask\u0131 olu\u015fturdu\u011funu vurgulad\u0131. Mahmood, s\u0131\u011f\u0131nmac\u0131 otellerinin kapat\u0131larak bu tesislerin yerel topluluklara iade edilece\u011fini ve <b data-path-to-node=\"4\" data-index-in-node=\"207\">Crowborough<\/b>&#8216;nun bu s\u00fcrecin sadece ba\u015flang\u0131c\u0131 oldu\u011funu ifade etti.<\/p><div id=\"briti-1914291624\" class=\"briti-icerik\" style=\"margin-top: 5px;margin-bottom: 5px;\"><a href=\"https:\/\/piaryum.com\/services\/\" aria-label=\"piaryum banner\"><img loading=\"lazy\" decoding=\"async\" src=\"https:\/\/by-tv.co.uk\/wp-content\/uploads\/2025\/12\/Gemini_Generated_Image_g5yqr1g5yqr1g5yq.jpg\" alt=\"\"  width=\"2064\" height=\"1152\"   \/><\/a><\/div>\n<p data-path-to-node=\"5\">Bakanl\u0131k verilerine g\u00f6re, eyl\u00fcl ay\u0131 sonu itibar\u0131yla otellerde ge\u00e7ici olarak bar\u0131nan s\u0131\u011f\u0131nmac\u0131 say\u0131s\u0131 <b data-path-to-node=\"5\" data-index-in-node=\"101\">%13<\/b> artarak <b data-path-to-node=\"5\" data-index-in-node=\"113\">36.273<\/b>&#8216;e ula\u015ft\u0131. \u00d6nceki h\u00fck\u00fcmet d\u00f6neminde a\u00e7\u0131lan <b data-path-to-node=\"5\" data-index-in-node=\"162\">400<\/b>\u2019den fazla otelin g\u00fcnl\u00fck maliyeti <b data-path-to-node=\"5\" data-index-in-node=\"199\">9 milyon sterlin<\/b> seviyesindeydi. \u015eu anda kullan\u0131mda olan otel say\u0131s\u0131n\u0131n <b data-path-to-node=\"5\" data-index-in-node=\"271\">200<\/b>\u2019\u00fcn alt\u0131nda oldu\u011fu belirtiliyor.<\/p>\n<h4 data-path-to-node=\"6\"><b data-path-to-node=\"6\" data-index-in-node=\"0\">Yerel Y\u00f6netimden Yasal \u0130tiraz Sinyali<\/b><\/h4>\n<p data-path-to-node=\"7\">B\u00f6lge halk\u0131, s\u0131\u011f\u0131nmac\u0131lar\u0131n kasaba yak\u0131n\u0131na yerle\u015ftirilmesini protesto etmek amac\u0131yla hafta sonlar\u0131 <b data-path-to-node=\"7\" data-index-in-node=\"100\">Crowborough<\/b> sokaklar\u0131nda eylemler d\u00fczenliyor. Kampanya gruplar\u0131, projenin yarg\u0131sal incelemeye al\u0131nmas\u0131 i\u00e7in yakla\u015f\u0131k <b data-path-to-node=\"7\" data-index-in-node=\"217\">100.000 sterlin<\/b> fon toplad\u0131.<\/p>\n<p data-path-to-node=\"8\"><b data-path-to-node=\"8\" data-index-in-node=\"0\">Wealden B\u00f6lge Meclisi<\/b> Lideri <b data-path-to-node=\"8\" data-index-in-node=\"29\">James Partridge<\/b>, G\u00f6\u00e7 Bakan\u0131 <b data-path-to-node=\"8\" data-index-in-node=\"57\">Alex Norris<\/b> ile yapt\u0131\u011f\u0131 g\u00f6r\u00fc\u015fmede karar\u0131n yanl\u0131\u015f oldu\u011funu iletti\u011fini belirterek, &#8220;G\u00fc\u00e7l\u00fc itirazlar\u0131m\u0131za ra\u011fmen bakan bizi dinlemedi. Yasal ekibimizle karar\u0131 inceleyip yasal yollara ba\u015fvurup ba\u015fvuramayaca\u011f\u0131m\u0131z\u0131 de\u011ferlendiriyoruz&#8221; dedi.<\/p>\n<h4 data-path-to-node=\"9\"><b data-path-to-node=\"9\" data-index-in-node=\"0\">G\u00fcvenlik \u00d6nlemleri ve \u015eeffafl\u0131k Ele\u015ftirisi<\/b><\/h4>\n<p data-path-to-node=\"10\">\u0130\u00e7i\u015fleri Bakanl\u0131\u011f\u0131, tesiste <b data-path-to-node=\"10\" data-index-in-node=\"28\">7\/24 g\u00fcvenlik<\/b>, <b data-path-to-node=\"10\" data-index-in-node=\"43\">CCTV<\/b> kameralar\u0131 ve s\u0131k\u0131 giri\u015f-\u00e7\u0131k\u0131\u015f prosed\u00fcrlerinin uygulanaca\u011f\u0131n\u0131 a\u00e7\u0131klad\u0131. Ayr\u0131ca kampa getirilen ki\u015filerin sa\u011fl\u0131k ve polis kontrollerinin \u00f6nceden tamamland\u0131\u011f\u0131 belirtildi.<\/p>\n<p data-path-to-node=\"11\">B\u00f6lgenin Muhafazakar Parti Milletvekili <b data-path-to-node=\"11\" data-index-in-node=\"40\">Nus Ghani<\/b>, bakanl\u0131\u011f\u0131n \u015feffafl\u0131ktan uzak tutumunu &#8220;utan\u00e7 verici&#8221; olarak nitelendirdi. Yerel kampanya grubu <b data-path-to-node=\"11\" data-index-in-node=\"146\">Crowborough Shield<\/b> lideri <b data-path-to-node=\"11\" data-index-in-node=\"172\">Kim Bailey<\/b> ise h\u00fck\u00fcmetin normal planlama izinlerini atlamak i\u00e7in \u00f6zel &#8220;Q s\u0131n\u0131f\u0131 haklar\u0131&#8221; (Class Q) kulland\u0131\u011f\u0131n\u0131 iddia etti.<\/p>\n<\/div>\n<div id=\"briti-580869\" class=\"briti-icerikten-sonra_2\" style=\"margin-top: 25px;margin-bottom: 25px;\"><a href=\"https:\/\/wa.me\/message\/NDZLLIOQT4H3O1\" aria-label=\"bytv reklam banner\"><img loading=\"lazy\" decoding=\"async\" src=\"https:\/\/by-tv.co.uk\/wp-content\/uploads\/2025\/12\/bytv-reklam-banner.jpg\" alt=\"\"  width=\"2376\" height=\"1008\"   \/><\/a><\/div>","protected":false},"excerpt":{"rendered":"<p>Birle\u015fik Krall\u0131k \u0130\u00e7i\u015fleri Bakanl\u0131\u011f\u0131, East Sussex b\u00f6lgesindeki eski bir askeri e\u011fitim kamp\u0131na ilk s\u0131\u011f\u0131nmac\u0131 grubunun yerle\u015ftirildi\u011fini a\u00e7\u0131klad\u0131. Crowborough e\u011fitim kamp\u0131na per\u015fembe sabah\u0131 erken saatlerde 27 erkek s\u0131\u011f\u0131nmac\u0131 getirildi. Bu say\u0131n\u0131n \u00f6n\u00fcm\u00fczdeki aylarda kademeli olarak 500 ki\u015fiye \u00e7\u0131kar\u0131lmas\u0131 planlan\u0131yor. The Guardian\u2019\u0131n haberine g\u00f6re, h\u00fck\u00fcmetin s\u0131\u011f\u0131nmac\u0131lar\u0131 otellerden \u00e7\u0131kar\u0131p daha b\u00fcy\u00fck \u00f6l\u00e7ekli konaklama merkezlerine ta\u015f\u0131ma plan\u0131n\u0131n bir par\u00e7as\u0131 olarak, Inverness ile birlikte belirlenen iki askeri kamptan biri buras\u0131 oldu. Yetkililer, bu hamlenin yasa d\u0131\u015f\u0131 g\u00f6\u00e7\u00fc te\u015fvik eden unsurlar\u0131 ortadan kald\u0131rmay\u0131 ama\u00e7lad\u0131\u011f\u0131n\u0131 belirtiyor. Otellerin Kapat\u0131lmas\u0131 Hedefleniyor \u0130\u00e7i\u015fleri Bakan\u0131 Shabana Mahmood, yasa d\u0131\u015f\u0131 g\u00f6\u00e7\u00fcn topluluklar \u00fczerinde b\u00fcy\u00fck bir bask\u0131 olu\u015fturdu\u011funu vurgulad\u0131. Mahmood, s\u0131\u011f\u0131nmac\u0131 otellerinin kapat\u0131larak [&hellip;]<\/p>\n","protected":false},"author":11,"featured_media":35657,"comment_status":"open","ping_status":"open","sticky":false,"template":"","format":"standard","meta":{"ngg_post_thumbnail":0,"footnotes":""},"categories":[5269],"tags":[],"class_list":["post-35656","post","type-post","status-publish","format-standard","has-post-thumbnail","hentry","category-birlesik-krallik"],"_links":{"self":[{"href":"https:\/\/by-tv.co.uk\/en\/wp-json\/wp\/v2\/posts\/35656","targetHints":{"allow":["GET"]}}],"collection":[{"href":"https:\/\/by-tv.co.uk\/en\/wp-json\/wp\/v2\/posts"}],"about":[{"href":"https:\/\/by-tv.co.uk\/en\/wp-json\/wp\/v2\/types\/post"}],"author":[{"embeddable":true,"href":"https:\/\/by-tv.co.uk\/en\/wp-json\/wp\/v2\/users\/11"}],"replies":[{"embeddable":true,"href":"https:\/\/by-tv.co.uk\/en\/wp-json\/wp\/v2\/comments?post=35656"}],"version-history":[{"count":1,"href":"https:\/\/by-tv.co.uk\/en\/wp-json\/wp\/v2\/posts\/35656\/revisions"}],"predecessor-version":[{"id":35658,"href":"https:\/\/by-tv.co.uk\/en\/wp-json\/wp\/v2\/posts\/35656\/revisions\/35658"}],"wp:featuredmedia":[{"embeddable":true,"href":"https:\/\/by-tv.co.uk\/en\/wp-json\/wp\/v2\/media\/35657"}],"wp:attachment":[{"href":"https:\/\/by-tv.co.uk\/en\/wp-json\/wp\/v2\/media?parent=35656"}],"wp:term":[{"taxonomy":"category","embeddable":true,"href":"https:\/\/by-tv.co.uk\/en\/wp-json\/wp\/v2\/categories?post=35656"},{"taxonomy":"post_tag","embeddable":true,"href":"https:\/\/by-tv.co.uk\/en\/wp-json\/wp\/v2\/tags?post=35656"}],"curies":[{"name":"wp","href":"https:\/\/api.w.org\/{rel}","templated":true}]}}