{"id":35465,"date":"2026-01-19T09:34:35","date_gmt":"2026-01-19T09:34:35","guid":{"rendered":"https:\/\/by-tv.co.uk\/?p=35465"},"modified":"2026-01-19T09:34:35","modified_gmt":"2026-01-19T09:34:35","slug":"andrew-rosindell-muhafazakar-partiden-istifa-etti","status":"publish","type":"post","link":"https:\/\/by-tv.co.uk\/en\/andrew-rosindell-muhafazakar-partiden-istifa-etti\/","title":{"rendered":"Andrew Rosindell Muhafazakar Parti&#8217;den \u0130stifa Etti"},"content":{"rendered":"<div id=\"model-response-message-contentr_e4c621014bf7c4ee\" class=\"markdown markdown-main-panel enable-updated-hr-color\" dir=\"ltr\" aria-live=\"polite\" aria-busy=\"false\">\n<p data-path-to-node=\"1\"><b data-path-to-node=\"1\" data-index-in-node=\"0\">Andrew Rosindell<\/b>, Muhafazakar Parti&#8217;den istifa ederek <b data-path-to-node=\"1\" data-index-in-node=\"54\">Reform UK<\/b> saflar\u0131na kat\u0131ld\u0131. Eski g\u00f6lge bakan ve <b data-path-to-node=\"1\" data-index-in-node=\"103\">Romford<\/b> milletvekili olan Rosindell, Muhafazakarlar\u0131n &#8220;\u00f6nceki h\u00fck\u00fcmetlerin hatalar\u0131na onar\u0131lamaz bir \u015fekilde ba\u011fl\u0131 oldu\u011funu&#8221; ve k\u00f6t\u00fc kararlar i\u00e7in sorumluluk almaya istekli olmad\u0131klar\u0131n\u0131 belirtti.<\/p>\n<p data-path-to-node=\"2\"><b data-path-to-node=\"2\" data-index-in-node=\"0\">BBC<\/b>&#8216;nin haberine g\u00f6re, Rosindell pazar ak\u015fam\u0131 <b data-path-to-node=\"2\" data-index-in-node=\"46\">Nigel Farage<\/b> ile g\u00f6r\u00fc\u015ft\u00fckten sonra partiye kat\u0131lma karar\u0131 ald\u0131.<\/p>\n<h4 data-path-to-node=\"3\"><b data-path-to-node=\"3\" data-index-in-node=\"0\">Nigel Farage&#8217;dan \u00d6vg\u00fc<\/b><\/h4>\n<p data-path-to-node=\"4\">Reform UK lideri <b data-path-to-node=\"4\" data-index-in-node=\"17\">Nigel Farage<\/b>, Rosindell&#8217;i &#8220;b\u00fcy\u00fck bir vatansever&#8221; olarak nitelendirerek ekibe kat\u0131lmas\u0131ndan memnuniyet duydu\u011funu ifade etti. Bir Muhafazakar Parti kayna\u011f\u0131 ise Rosindell&#8217;in ayr\u0131l\u0131\u015f\u0131n\u0131, Farage&#8217;\u0131n parti lideri <b data-path-to-node=\"4\" data-index-in-node=\"223\">Kemi Badenoch<\/b> ad\u0131na &#8220;bahar temizli\u011fi&#8221; yapmas\u0131 olarak de\u011ferlendirdi.<\/p><div id=\"briti-1468195393\" class=\"briti-icerik\" style=\"margin-top: 5px;margin-bottom: 5px;\"><a href=\"https:\/\/piaryum.com\/services\/\" aria-label=\"piaryum banner\"><img loading=\"lazy\" decoding=\"async\" src=\"https:\/\/by-tv.co.uk\/wp-content\/uploads\/2025\/12\/Gemini_Generated_Image_g5yqr1g5yqr1g5yq.jpg\" alt=\"\"  width=\"2064\" height=\"1152\"   \/><\/a><\/div>\n<p data-path-to-node=\"5\">Bu hamle, <b data-path-to-node=\"5\" data-index-in-node=\"10\">Robert Jenrick<\/b>&#8216;in per\u015fembe g\u00fcn\u00fc g\u00f6lge kabineden kovulmas\u0131n\u0131n hemen ard\u0131ndan <b data-path-to-node=\"5\" data-index-in-node=\"86\">Reform UK<\/b>&#8216;ye kat\u0131lmas\u0131yla ba\u015flayan s\u00fcreci takip etti. 59 ya\u015f\u0131ndaki siyaset\u00e7i, <b data-path-to-node=\"5\" data-index-in-node=\"164\">Romford<\/b>&#8216;daki se\u00e7menlerin g\u00f6r\u00fc\u015flerinin ve endi\u015felerinin \u00e7ok uzun s\u00fcredir g\u00f6rmezden gelindi\u011fini savundu.<\/p>\n<h4 data-path-to-node=\"6\"><b data-path-to-node=\"6\" data-index-in-node=\"0\">Reform UK Meclisteki G\u00fcc\u00fcn\u00fc Art\u0131r\u0131yor<\/b><\/h4>\n<p data-path-to-node=\"7\">Rosindell; <b data-path-to-node=\"7\" data-index-in-node=\"11\">Danny Kruger<\/b> ve <b data-path-to-node=\"7\" data-index-in-node=\"27\">Robert Jenrick<\/b>&#8216;in ard\u0131ndan Reform UK&#8217;ye kat\u0131lan <i data-path-to-node=\"7\" data-index-in-node=\"75\">\u00fc\u00e7\u00fcnc\u00fc mevcut Muhafazakar milletvekili<\/i> oldu. Bu kat\u0131l\u0131mla birlikte <b data-path-to-node=\"7\" data-index-in-node=\"142\">Reform UK<\/b>, Avam Kamaras\u0131&#8217;nda toplam yedi milletvekiline ula\u015farak, milletvekillerini Westminster&#8217;a g\u00f6ndermeyen <b data-path-to-node=\"7\" data-index-in-node=\"252\">Sinn Fein<\/b> ile e\u015fit say\u0131ya geldi.<\/p>\n<p data-path-to-node=\"8\">Parti \u015fu anda parlamentodaki d\u00f6rd\u00fcnc\u00fc b\u00fcy\u00fck parti olan <b data-path-to-node=\"8\" data-index-in-node=\"55\">SNP<\/b>&#8216;nin sadece iki milletvekili gerisinde bulunuyor. Eski \u015eans\u00f6lye <b data-path-to-node=\"8\" data-index-in-node=\"122\">Nadhim Zahawi<\/b> de dahil olmak \u00fczere yakla\u015f\u0131k <b data-path-to-node=\"8\" data-index-in-node=\"166\">20 eski Muhafazakar milletvekili<\/b> de ge\u00e7ti\u011fimiz g\u00fcnlerde Reform UK&#8217;ye deste\u011fini a\u00e7\u0131klam\u0131\u015ft\u0131.<\/p>\n<h4 data-path-to-node=\"9\"><b data-path-to-node=\"9\" data-index-in-node=\"0\">Chagos Adalar\u0131 Karar\u0131 Etkili Oldu<\/b><\/h4>\n<p data-path-to-node=\"10\">Rosindell, taraf de\u011fi\u015ftirmesinin nedenleri aras\u0131nda \u0130\u015f\u00e7i Partisi h\u00fck\u00fcmetinin <b data-path-to-node=\"10\" data-index-in-node=\"77\">Chagos Adalar\u0131<\/b>&#8216;n\u0131 Mauritius&#8217;a devretme karar\u0131n\u0131 ve Muhafazakar Parti&#8217;nin bu konuda etkisiz kalmas\u0131n\u0131 g\u00f6sterdi. Rosindell, &#8220;Hem h\u00fck\u00fcmet hem de muhalefet, bu egemen \u0130ngiliz topra\u011f\u0131n\u0131n yabanc\u0131 bir g\u00fcce teslim edilmesinde su\u00e7 orta\u011f\u0131d\u0131r&#8221; ifadelerini kulland\u0131.<\/p>\n<p data-path-to-node=\"11\"><b data-path-to-node=\"11\" data-index-in-node=\"0\">Farage<\/b> ise konuyla ilgili olarak, &#8220;Muhafazakarlar\u0131n Chagos Adalar\u0131 ihaneti konusundaki yalanlar\u0131 ve ikiy\u00fczl\u00fcl\u00fc\u011f\u00fc barda\u011f\u0131 ta\u015f\u0131ran son damla oldu&#8221; dedi. Reform lideri ayr\u0131ca, 7 May\u0131s&#8217;taki yerel se\u00e7imlerden sonra daha fazla taraf de\u011fi\u015ftiren milletvekili kabul etmeyeceklerini vurgulad\u0131.<\/p>\n<h4 data-path-to-node=\"12\"><b data-path-to-node=\"12\" data-index-in-node=\"0\">Muhalefetten Sert Tepkiler<\/b><\/h4>\n<p data-path-to-node=\"13\">\u0130\u015f\u00e7i Partisi Ba\u015fkan\u0131 <b data-path-to-node=\"13\" data-index-in-node=\"21\">Anna Turley<\/b>, ya\u015fananlar\u0131 &#8220;ba\u015far\u0131s\u0131z ve \u00f6lmekte olan Muhafazakar Parti&#8217;nin kokusunun art\u0131k Reform&#8217;u sarmas\u0131&#8221; olarak nitelendirdi.<\/p>\n<p data-path-to-node=\"14\">Liberal Demokrat bir kaynak ise bu durumu &#8220;i\u015fini kaybetmekten korkan bir kariyer siyaset\u00e7isinin rozet de\u011fi\u015ftirmesi&#8221; olarak yorumlayarak, halk\u0131n \u0130ngiltere&#8217;yi &#8220;bozan&#8221; ki\u015filerden \u00e7\u00f6z\u00fcm dinlemekten b\u0131kt\u0131\u011f\u0131n\u0131 belirtti. <b data-path-to-node=\"14\" data-index-in-node=\"214\">Kemi Badenoch<\/b> ise Jenrick&#8217;in ayr\u0131l\u0131\u015f\u0131 sonras\u0131 yapt\u0131\u011f\u0131 a\u00e7\u0131klamada, Reform&#8217;un &#8220;toksik insanlar\u0131&#8221; kabul ederek ba\u015far\u0131s\u0131zl\u0131\u011fa mahkum oldu\u011funu \u00f6ne s\u00fcrd\u00fc.<\/p>\n<\/div>\n<div id=\"briti-452240429\" class=\"briti-icerikten-sonra_2\" style=\"margin-top: 25px;margin-bottom: 25px;\"><a href=\"https:\/\/wa.me\/message\/NDZLLIOQT4H3O1\" aria-label=\"bytv reklam banner\"><img loading=\"lazy\" decoding=\"async\" src=\"https:\/\/by-tv.co.uk\/wp-content\/uploads\/2025\/12\/bytv-reklam-banner.jpg\" alt=\"\"  width=\"2376\" height=\"1008\"   \/><\/a><\/div>","protected":false},"excerpt":{"rendered":"<p>Andrew Rosindell, Muhafazakar Parti&#8217;den istifa ederek Reform UK saflar\u0131na kat\u0131ld\u0131. Eski g\u00f6lge bakan ve Romford milletvekili olan Rosindell, Muhafazakarlar\u0131n &#8220;\u00f6nceki h\u00fck\u00fcmetlerin hatalar\u0131na onar\u0131lamaz bir \u015fekilde ba\u011fl\u0131 oldu\u011funu&#8221; ve k\u00f6t\u00fc kararlar i\u00e7in sorumluluk almaya istekli olmad\u0131klar\u0131n\u0131 belirtti. BBC&#8216;nin haberine g\u00f6re, Rosindell pazar ak\u015fam\u0131 Nigel Farage ile g\u00f6r\u00fc\u015ft\u00fckten sonra partiye kat\u0131lma karar\u0131 ald\u0131. Nigel Farage&#8217;dan \u00d6vg\u00fc Reform UK lideri Nigel Farage, Rosindell&#8217;i &#8220;b\u00fcy\u00fck bir vatansever&#8221; olarak nitelendirerek ekibe kat\u0131lmas\u0131ndan memnuniyet duydu\u011funu ifade etti. Bir Muhafazakar Parti kayna\u011f\u0131 ise Rosindell&#8217;in ayr\u0131l\u0131\u015f\u0131n\u0131, Farage&#8217;\u0131n parti lideri Kemi Badenoch ad\u0131na &#8220;bahar temizli\u011fi&#8221; yapmas\u0131 olarak de\u011ferlendirdi. Bu hamle, Robert Jenrick&#8216;in per\u015fembe g\u00fcn\u00fc g\u00f6lge kabineden kovulmas\u0131n\u0131n hemen ard\u0131ndan [&hellip;]<\/p>\n","protected":false},"author":11,"featured_media":28623,"comment_status":"open","ping_status":"open","sticky":false,"template":"","format":"standard","meta":{"ngg_post_thumbnail":0,"footnotes":""},"categories":[5269,15],"tags":[],"class_list":["post-35465","post","type-post","status-publish","format-standard","has-post-thumbnail","hentry","category-birlesik-krallik","category-ingiltere"],"_links":{"self":[{"href":"https:\/\/by-tv.co.uk\/en\/wp-json\/wp\/v2\/posts\/35465","targetHints":{"allow":["GET"]}}],"collection":[{"href":"https:\/\/by-tv.co.uk\/en\/wp-json\/wp\/v2\/posts"}],"about":[{"href":"https:\/\/by-tv.co.uk\/en\/wp-json\/wp\/v2\/types\/post"}],"author":[{"embeddable":true,"href":"https:\/\/by-tv.co.uk\/en\/wp-json\/wp\/v2\/users\/11"}],"replies":[{"embeddable":true,"href":"https:\/\/by-tv.co.uk\/en\/wp-json\/wp\/v2\/comments?post=35465"}],"version-history":[{"count":1,"href":"https:\/\/by-tv.co.uk\/en\/wp-json\/wp\/v2\/posts\/35465\/revisions"}],"predecessor-version":[{"id":35466,"href":"https:\/\/by-tv.co.uk\/en\/wp-json\/wp\/v2\/posts\/35465\/revisions\/35466"}],"wp:featuredmedia":[{"embeddable":true,"href":"https:\/\/by-tv.co.uk\/en\/wp-json\/wp\/v2\/media\/28623"}],"wp:attachment":[{"href":"https:\/\/by-tv.co.uk\/en\/wp-json\/wp\/v2\/media?parent=35465"}],"wp:term":[{"taxonomy":"category","embeddable":true,"href":"https:\/\/by-tv.co.uk\/en\/wp-json\/wp\/v2\/categories?post=35465"},{"taxonomy":"post_tag","embeddable":true,"href":"https:\/\/by-tv.co.uk\/en\/wp-json\/wp\/v2\/tags?post=35465"}],"curies":[{"name":"wp","href":"https:\/\/api.w.org\/{rel}","templated":true}]}}