{"id":35437,"date":"2026-01-16T17:59:50","date_gmt":"2026-01-16T17:59:50","guid":{"rendered":"https:\/\/by-tv.co.uk\/?p=35437"},"modified":"2026-01-16T17:59:50","modified_gmt":"2026-01-16T17:59:50","slug":"turkiyeden-uber-eats-ingiltereye-ust-duzey-atama","status":"publish","type":"post","link":"https:\/\/by-tv.co.uk\/en\/turkiyeden-uber-eats-ingiltereye-ust-duzey-atama\/","title":{"rendered":"T\u00fcrkiye\u2019den Uber Eats \u0130ngiltere\u2019ye \u00dcst D\u00fczey Atama"},"content":{"rendered":"<p>Uber, k\u00fcresel teslimat operasyonlar\u0131nda \u00fcst d\u00fczey bir atamaya gitti. <strong>Trendyol Go E\u015f CEO\u2019su Merve Ba\u015fc\u0131<\/strong>, Uber Eats\u2019in <strong>Birle\u015fik Krall\u0131k<\/strong> operasyonlar\u0131n\u0131 y\u00f6netmek \u00fczere g\u00f6revlendirildi. Atama, Uber\u2019in Trendyol Go\u2019yu sat\u0131n almas\u0131n\u0131n ard\u0131ndan ger\u00e7ekle\u015fti. \u015eirket a\u00e7\u0131klamas\u0131na g\u00f6re Ba\u015fc\u0131, Uber\u2019in stratejik \u00f6neme sahip k\u00fcresel pazarlar\u0131ndan biri olan Birle\u015fik Krall\u0131k\u2019ta teslimat i\u015f kolunun b\u00fcy\u00fcmesinden sorumlu olacak.<\/p>\n<h4>Birle\u015fik Krall\u0131k operasyonlar\u0131 Ba\u015fc\u0131\u2019ya emanet<\/h4>\n<p>Yeni g\u00f6revinde <strong>Merve Ba\u015fc\u0131<\/strong>, Uber Eats\u2019in Birle\u015fik Krall\u0131k\u2019taki operasyonel geli\u015fimini y\u00f6netecek. Bu kapsamda i\u015f orta\u011f\u0131 restoranlarla ili\u015fkilerin g\u00fc\u00e7lendirilmesi, kullan\u0131c\u0131 deneyiminin iyile\u015ftirilmesi ve kuryeler i\u00e7in s\u00fcrd\u00fcr\u00fclebilir kazan\u00e7 modellerinin desteklenmesi \u00f6ncelikli alanlar aras\u0131nda yer alacak. \u015eirket, operasyonel m\u00fckemmeliyet ve yenilik\u00e7i \u00e7\u00f6z\u00fcmler oda\u011f\u0131nda b\u00fcy\u00fcmenin hedeflendi\u011fini belirtti.<\/p>\n<p>Atamaya ili\u015fkin de\u011ferlendirmede bulunan <strong>Merve Ba\u015fc\u0131<\/strong>, T\u00fcrkiye\u2019de edinilen deneyimin Birle\u015fik Krall\u0131k pazar\u0131na ta\u015f\u0131naca\u011f\u0131n\u0131 ifade ederek, yerel yetkinliklerin Uber\u2019in k\u00fcresel b\u00fcy\u00fcmesine katk\u0131 sa\u011flamas\u0131n\u0131n \u00f6nemine dikkat \u00e7ekti.<\/p><div id=\"briti-2069624346\" class=\"briti-icerik\" style=\"margin-top: 5px;margin-bottom: 5px;\"><a href=\"https:\/\/piaryum.com\/services\/\" aria-label=\"piaryum banner\"><img loading=\"lazy\" decoding=\"async\" src=\"https:\/\/by-tv.co.uk\/wp-content\/uploads\/2025\/12\/Gemini_Generated_Image_g5yqr1g5yqr1g5yq.jpg\" alt=\"\"  width=\"2064\" height=\"1152\"   \/><\/a><\/div>\n<h4>T\u00fcrkiye operasyonlar\u0131nda liderlik Ege Atikkan\u2019da<\/h4>\n<p>Uber T\u00fcrkiye\u2019deki operasyonlar\u0131n ise <strong>Trendyol Go\u2013Uber Eats E\u015f CEO\u2019su Ege Atikkan<\/strong> liderli\u011finde devam edece\u011fi bildirildi. \u015eirketin aktard\u0131\u011f\u0131na g\u00f6re Atikkan, T\u00fcrkiye\u2019de edinilen yerel deneyimin Uber\u2019in k\u00fcresel \u00f6l\u00e7e\u011fiyle birle\u015ftirilerek teknoloji ve sekt\u00f6rel bilgi \u00fcreten bir teslimat ekosistemi olu\u015fturulmas\u0131n\u0131 hedeflediklerini belirtti.<\/p>\n<p>T\u00fcrkiye, stratejik merkez konumunu g\u00fc\u00e7lendiriyor<\/p>\n<p>Bu ataman\u0131n, Uber\u2019in T\u00fcrkiye\u2019yi stratejik bir yetenek ve inovasyon merkezi olarak konumland\u0131rma vizyonunu destekledi\u011fi ifade edildi. K\u0131sa s\u00fcre \u00f6nce faaliyete ge\u00e7en <strong>\u0130stanbul Tech Hub<\/strong> b\u00fcnyesinde, T\u00fcrkiye\u2019deki m\u00fchendislik ekiplerinin Uber\u2019in teslimat ve mobilite platformlar\u0131 i\u00e7in k\u00fcresel \u00f6l\u00e7ekte \u00fcr\u00fcnler geli\u015ftirmeyi s\u00fcrd\u00fcrd\u00fc\u011f\u00fc bilgisi payla\u015f\u0131ld\u0131.<\/p>\n<p>\u015eirket a\u00e7\u0131klamas\u0131na g\u00f6re s\u00f6z konusu yap\u0131lanma, Uber\u2019in T\u00fcrkiye\u2019ye y\u00f6nelik uzun vadeli yat\u0131r\u0131m yakla\u015f\u0131m\u0131n\u0131n bir par\u00e7as\u0131 olarak de\u011ferlendiriliyor.<\/p>\n<div id=\"briti-231976726\" class=\"briti-icerikten-sonra_2\" style=\"margin-top: 25px;margin-bottom: 25px;\"><a href=\"https:\/\/wa.me\/message\/NDZLLIOQT4H3O1\" aria-label=\"bytv reklam banner\"><img loading=\"lazy\" decoding=\"async\" src=\"https:\/\/by-tv.co.uk\/wp-content\/uploads\/2025\/12\/bytv-reklam-banner.jpg\" alt=\"\"  width=\"2376\" height=\"1008\"   \/><\/a><\/div>","protected":false},"excerpt":{"rendered":"<p>Uber, k\u00fcresel teslimat operasyonlar\u0131nda \u00fcst d\u00fczey bir atamaya gitti. Trendyol Go E\u015f CEO\u2019su Merve Ba\u015fc\u0131, Uber Eats\u2019in Birle\u015fik Krall\u0131k operasyonlar\u0131n\u0131 y\u00f6netmek \u00fczere g\u00f6revlendirildi. Atama, Uber\u2019in Trendyol Go\u2019yu sat\u0131n almas\u0131n\u0131n ard\u0131ndan ger\u00e7ekle\u015fti. \u015eirket a\u00e7\u0131klamas\u0131na g\u00f6re Ba\u015fc\u0131, Uber\u2019in stratejik \u00f6neme sahip k\u00fcresel pazarlar\u0131ndan biri olan Birle\u015fik Krall\u0131k\u2019ta teslimat i\u015f kolunun b\u00fcy\u00fcmesinden sorumlu olacak. Birle\u015fik Krall\u0131k operasyonlar\u0131 Ba\u015fc\u0131\u2019ya emanet Yeni g\u00f6revinde Merve Ba\u015fc\u0131, Uber Eats\u2019in Birle\u015fik Krall\u0131k\u2019taki operasyonel geli\u015fimini y\u00f6netecek. Bu kapsamda i\u015f orta\u011f\u0131 restoranlarla ili\u015fkilerin g\u00fc\u00e7lendirilmesi, kullan\u0131c\u0131 deneyiminin iyile\u015ftirilmesi ve kuryeler i\u00e7in s\u00fcrd\u00fcr\u00fclebilir kazan\u00e7 modellerinin desteklenmesi \u00f6ncelikli alanlar aras\u0131nda yer alacak. \u015eirket, operasyonel m\u00fckemmeliyet ve yenilik\u00e7i \u00e7\u00f6z\u00fcmler oda\u011f\u0131nda b\u00fcy\u00fcmenin hedeflendi\u011fini belirtti. Atamaya [&hellip;]<\/p>\n","protected":false},"author":1,"featured_media":35438,"comment_status":"open","ping_status":"open","sticky":false,"template":"","format":"standard","meta":{"ngg_post_thumbnail":0,"footnotes":""},"categories":[5269],"tags":[],"class_list":["post-35437","post","type-post","status-publish","format-standard","has-post-thumbnail","hentry","category-birlesik-krallik"],"_links":{"self":[{"href":"https:\/\/by-tv.co.uk\/en\/wp-json\/wp\/v2\/posts\/35437","targetHints":{"allow":["GET"]}}],"collection":[{"href":"https:\/\/by-tv.co.uk\/en\/wp-json\/wp\/v2\/posts"}],"about":[{"href":"https:\/\/by-tv.co.uk\/en\/wp-json\/wp\/v2\/types\/post"}],"author":[{"embeddable":true,"href":"https:\/\/by-tv.co.uk\/en\/wp-json\/wp\/v2\/users\/1"}],"replies":[{"embeddable":true,"href":"https:\/\/by-tv.co.uk\/en\/wp-json\/wp\/v2\/comments?post=35437"}],"version-history":[{"count":1,"href":"https:\/\/by-tv.co.uk\/en\/wp-json\/wp\/v2\/posts\/35437\/revisions"}],"predecessor-version":[{"id":35439,"href":"https:\/\/by-tv.co.uk\/en\/wp-json\/wp\/v2\/posts\/35437\/revisions\/35439"}],"wp:featuredmedia":[{"embeddable":true,"href":"https:\/\/by-tv.co.uk\/en\/wp-json\/wp\/v2\/media\/35438"}],"wp:attachment":[{"href":"https:\/\/by-tv.co.uk\/en\/wp-json\/wp\/v2\/media?parent=35437"}],"wp:term":[{"taxonomy":"category","embeddable":true,"href":"https:\/\/by-tv.co.uk\/en\/wp-json\/wp\/v2\/categories?post=35437"},{"taxonomy":"post_tag","embeddable":true,"href":"https:\/\/by-tv.co.uk\/en\/wp-json\/wp\/v2\/tags?post=35437"}],"curies":[{"name":"wp","href":"https:\/\/api.w.org\/{rel}","templated":true}]}}