{"id":35431,"date":"2026-01-16T12:53:51","date_gmt":"2026-01-16T12:53:51","guid":{"rendered":"https:\/\/by-tv.co.uk\/?p=35431"},"modified":"2026-01-16T12:53:51","modified_gmt":"2026-01-16T12:53:51","slug":"ingiltere-merkez-bankasindan-fed-bagimsizligina-destek","status":"publish","type":"post","link":"https:\/\/by-tv.co.uk\/en\/ingiltere-merkez-bankasindan-fed-bagimsizligina-destek\/","title":{"rendered":"\u0130ngiltere Merkez Bankas\u0131\u2019ndan Fed ba\u011f\u0131ms\u0131zl\u0131\u011f\u0131na destek"},"content":{"rendered":"<div id=\"model-response-message-contentr_dc1bd996e0fc5aa4\" class=\"markdown markdown-main-panel enable-updated-hr-color\" dir=\"ltr\" aria-live=\"polite\" aria-busy=\"false\">\n<p data-path-to-node=\"1\">\u0130ngiltere Merkez Bankas\u0131 (Bank of England) Ba\u015fkan\u0131 <b data-path-to-node=\"1\" data-index-in-node=\"51\">Andrew Bailey<\/b>, d\u00fcnyan\u0131n \u00f6nde gelen k\u00fcresel kurumlar\u0131n\u0131 artan pop\u00fclizme kar\u015f\u0131 m\u00fccadele etmeye \u00e7a\u011f\u0131rd\u0131. Bailey, bu durumun ya\u015fam standartlar\u0131n\u0131n iyile\u015ftirilmesinin \u00f6n\u00fcndeki en b\u00fcy\u00fck tehditlerden biri oldu\u011funu vurgulad\u0131.<\/p>\n<p data-path-to-node=\"2\">The Guardian\u2019\u0131n haberine g\u00f6re, <b data-path-to-node=\"2\" data-index-in-node=\"31\">Donald Trump<\/b>&#8216;\u0131n <b data-path-to-node=\"2\" data-index-in-node=\"47\">ABD Merkez Bankas\u0131 (Fed)<\/b> ba\u011f\u0131ms\u0131zl\u0131\u011f\u0131na m\u00fcdahale giri\u015fimlerine \u00fcst\u00fc kapal\u0131 bir yan\u0131t veren Bailey, kendisinin ve di\u011fer kurum ba\u015fkanlar\u0131n\u0131n pop\u00fclist s\u00f6ylemlere kar\u015f\u0131 &#8220;meydan okuma&#8221; g\u00f6revi oldu\u011funu s\u00f6yledi.<\/p>\n<h4 data-path-to-node=\"3\"><b data-path-to-node=\"3\" data-index-in-node=\"0\">Kurumlar\u0131n sessiz kalmamas\u0131 gerekiyor<\/b><\/h4>\n<p data-path-to-node=\"4\">Bailey, uluslararas\u0131 ajanslar\u0131n amac\u0131n\u0131n zaman zaman duymak istenmeyen ger\u00e7ekleri s\u00f6ylemek oldu\u011funu belirtti. &#8220;Elbette de\u011ferlendirmenin do\u011frulu\u011fu ve kalitesi konusunda hesap verebilir olmal\u0131lar. Ancak bunu kabul ederek, el\u00e7iye zeval olmaz demeli ve tepki g\u00f6stermeliyiz&#8221; ifadelerini kulland\u0131.<\/p><div id=\"briti-2881656472\" class=\"briti-icerik\" style=\"margin-top: 5px;margin-bottom: 5px;\"><a href=\"https:\/\/piaryum.com\/services\/\" aria-label=\"piaryum banner\"><img loading=\"lazy\" decoding=\"async\" src=\"https:\/\/by-tv.co.uk\/wp-content\/uploads\/2025\/12\/Gemini_Generated_Image_g5yqr1g5yqr1g5yq.jpg\" alt=\"\"  width=\"2064\" height=\"1152\"   \/><\/a><\/div>\n<p data-path-to-node=\"5\">Bu hafta <b data-path-to-node=\"5\" data-index-in-node=\"9\">Avrupa Merkez Bankas\u0131<\/b> Ba\u015fkan\u0131 <b data-path-to-node=\"5\" data-index-in-node=\"39\">Christine Lagarde<\/b> dahil olmak \u00fczere 10 merkez bankas\u0131 ba\u015fkan\u0131, yasal i\u015flem tehdidiyle kar\u015f\u0131 kar\u015f\u0131ya kald\u0131\u011f\u0131n\u0131 a\u00e7\u0131klayan <b data-path-to-node=\"5\" data-index-in-node=\"159\">Fed<\/b> Ba\u015fkan\u0131 <b data-path-to-node=\"5\" data-index-in-node=\"171\">Jerome Powell<\/b>&#8216;a &#8220;tam dayan\u0131\u015fma&#8221; teklif etmi\u015fti. Bailey de bu grup aras\u0131nda yer al\u0131yor.<\/p>\n<h4 data-path-to-node=\"6\"><b data-path-to-node=\"6\" data-index-in-node=\"0\">K\u00fcresel i\u015f birli\u011fi tehlikede<\/b><\/h4>\n<p data-path-to-node=\"7\">Konu\u015fma, d\u00fcnya liderlerinin <b data-path-to-node=\"7\" data-index-in-node=\"28\">Davos<\/b>&#8216;taki y\u0131ll\u0131k <b data-path-to-node=\"7\" data-index-in-node=\"46\">D\u00fcnya Ekonomik Forumu<\/b> toplant\u0131s\u0131 i\u00e7in \u0130svi\u00e7re&#8217;ye gitmeye haz\u0131rland\u0131\u011f\u0131 bir d\u00f6nemde yap\u0131ld\u0131. Bailey, \u00fclkelerin i\u00e7e kapanmas\u0131n\u0131n ya\u015fam standartlar\u0131n\u0131 y\u00fckseltme s\u00fcrecini baltalayaca\u011f\u0131n\u0131 belirterek, &#8220;S\u00f6zde pop\u00fclizmin y\u00fckseli\u015fi t\u00fcm bu g\u00f6revi zorla\u015ft\u0131r\u0131yor&#8221; dedi.<\/p>\n<p data-path-to-node=\"8\">Bailey, pop\u00fclizmin \u00fc\u00e7 belirleyici \u00f6zelli\u011fini \u015f\u00f6yle s\u0131ralad\u0131: uluslararas\u0131 a\u00e7\u0131kl\u0131k yerine <b data-path-to-node=\"8\" data-index-in-node=\"89\">yerli \u00fcretime y\u00f6nelim<\/b>, olumsuz ko\u015fullar\u0131n <b data-path-to-node=\"8\" data-index-in-node=\"131\">&#8220;d\u0131\u015f g\u00fc\u00e7lere&#8221;<\/b> atfedilmesi ve yerel ile uluslararas\u0131 kurumlara olan <b data-path-to-node=\"8\" data-index-in-node=\"198\">g\u00fcvenin azalmas\u0131<\/b>.<\/p>\n<h4 data-path-to-node=\"9\"><b data-path-to-node=\"9\" data-index-in-node=\"0\">Ticaret ve a\u00e7\u0131kl\u0131k vurgusu<\/b><\/h4>\n<p data-path-to-node=\"10\">K\u00fcresel i\u015f birli\u011finin kazan\u0131mlar\u0131n\u0131n a\u00e7\u0131k oldu\u011funu vurgulayan Bailey, &#8220;Uzmanla\u015fma ve daha b\u00fcy\u00fck pazarlar a\u00e7\u0131s\u0131ndan ticaretin ve a\u00e7\u0131kl\u0131\u011f\u0131n faydalar\u0131 \u00e7ok iyi bilinmektedir. Ayn\u0131 \u015fekilde, oyunun kurallar\u0131na ve bu kurallar\u0131 hayata ge\u00e7irecek bir koordinasyon mekanizmas\u0131na ihtiya\u00e7 vard\u0131r&#8221; dedi.<\/p>\n<p data-path-to-node=\"11\">\u0130ngiltere Merkez Bankas\u0131 Ba\u015fkan\u0131, k\u00fcresel a\u00e7\u0131kl\u0131\u011f\u0131 savunman\u0131n zorla\u015ft\u0131\u011f\u0131n\u0131 kabul etmekle birlikte, d\u00fcnyan\u0131n kar\u015f\u0131 kar\u015f\u0131ya oldu\u011fu zorluklar\u0131n giderek artan <b data-path-to-node=\"11\" data-index-in-node=\"155\">izolasyonist politikalarla<\/b> a\u015f\u0131lamayaca\u011f\u0131n\u0131 s\u00f6zlerine ekledi.<\/p>\n<\/div>\n<div id=\"briti-4011601436\" class=\"briti-icerikten-sonra_2\" style=\"margin-top: 25px;margin-bottom: 25px;\"><a href=\"https:\/\/wa.me\/message\/NDZLLIOQT4H3O1\" aria-label=\"bytv reklam banner\"><img loading=\"lazy\" decoding=\"async\" src=\"https:\/\/by-tv.co.uk\/wp-content\/uploads\/2025\/12\/bytv-reklam-banner.jpg\" alt=\"\"  width=\"2376\" height=\"1008\"   \/><\/a><\/div>","protected":false},"excerpt":{"rendered":"<p>\u0130ngiltere Merkez Bankas\u0131 (Bank of England) Ba\u015fkan\u0131 Andrew Bailey, d\u00fcnyan\u0131n \u00f6nde gelen k\u00fcresel kurumlar\u0131n\u0131 artan pop\u00fclizme kar\u015f\u0131 m\u00fccadele etmeye \u00e7a\u011f\u0131rd\u0131. Bailey, bu durumun ya\u015fam standartlar\u0131n\u0131n iyile\u015ftirilmesinin \u00f6n\u00fcndeki en b\u00fcy\u00fck tehditlerden biri oldu\u011funu vurgulad\u0131. The Guardian\u2019\u0131n haberine g\u00f6re, Donald Trump&#8216;\u0131n ABD Merkez Bankas\u0131 (Fed) ba\u011f\u0131ms\u0131zl\u0131\u011f\u0131na m\u00fcdahale giri\u015fimlerine \u00fcst\u00fc kapal\u0131 bir yan\u0131t veren Bailey, kendisinin ve di\u011fer kurum ba\u015fkanlar\u0131n\u0131n pop\u00fclist s\u00f6ylemlere kar\u015f\u0131 &#8220;meydan okuma&#8221; g\u00f6revi oldu\u011funu s\u00f6yledi. Kurumlar\u0131n sessiz kalmamas\u0131 gerekiyor Bailey, uluslararas\u0131 ajanslar\u0131n amac\u0131n\u0131n zaman zaman duymak istenmeyen ger\u00e7ekleri s\u00f6ylemek oldu\u011funu belirtti. &#8220;Elbette de\u011ferlendirmenin do\u011frulu\u011fu ve kalitesi konusunda hesap verebilir olmal\u0131lar. Ancak bunu kabul ederek, el\u00e7iye zeval olmaz demeli ve tepki [&hellip;]<\/p>\n","protected":false},"author":11,"featured_media":34125,"comment_status":"open","ping_status":"open","sticky":false,"template":"","format":"standard","meta":{"ngg_post_thumbnail":0,"footnotes":""},"categories":[5269,15],"tags":[],"class_list":["post-35431","post","type-post","status-publish","format-standard","has-post-thumbnail","hentry","category-birlesik-krallik","category-ingiltere"],"_links":{"self":[{"href":"https:\/\/by-tv.co.uk\/en\/wp-json\/wp\/v2\/posts\/35431","targetHints":{"allow":["GET"]}}],"collection":[{"href":"https:\/\/by-tv.co.uk\/en\/wp-json\/wp\/v2\/posts"}],"about":[{"href":"https:\/\/by-tv.co.uk\/en\/wp-json\/wp\/v2\/types\/post"}],"author":[{"embeddable":true,"href":"https:\/\/by-tv.co.uk\/en\/wp-json\/wp\/v2\/users\/11"}],"replies":[{"embeddable":true,"href":"https:\/\/by-tv.co.uk\/en\/wp-json\/wp\/v2\/comments?post=35431"}],"version-history":[{"count":2,"href":"https:\/\/by-tv.co.uk\/en\/wp-json\/wp\/v2\/posts\/35431\/revisions"}],"predecessor-version":[{"id":35433,"href":"https:\/\/by-tv.co.uk\/en\/wp-json\/wp\/v2\/posts\/35431\/revisions\/35433"}],"wp:featuredmedia":[{"embeddable":true,"href":"https:\/\/by-tv.co.uk\/en\/wp-json\/wp\/v2\/media\/34125"}],"wp:attachment":[{"href":"https:\/\/by-tv.co.uk\/en\/wp-json\/wp\/v2\/media?parent=35431"}],"wp:term":[{"taxonomy":"category","embeddable":true,"href":"https:\/\/by-tv.co.uk\/en\/wp-json\/wp\/v2\/categories?post=35431"},{"taxonomy":"post_tag","embeddable":true,"href":"https:\/\/by-tv.co.uk\/en\/wp-json\/wp\/v2\/tags?post=35431"}],"curies":[{"name":"wp","href":"https:\/\/api.w.org\/{rel}","templated":true}]}}