{"id":35428,"date":"2026-01-16T13:18:14","date_gmt":"2026-01-16T13:18:14","guid":{"rendered":"https:\/\/by-tv.co.uk\/?p=35428"},"modified":"2026-01-16T13:18:14","modified_gmt":"2026-01-16T13:18:14","slug":"khandan-londra-icin-vergisiz-alisveris-cagrisi","status":"publish","type":"post","link":"https:\/\/by-tv.co.uk\/en\/khandan-londra-icin-vergisiz-alisveris-cagrisi\/","title":{"rendered":"Khan\u2019dan Londra i\u00e7in vergisiz al\u0131\u015fveri\u015f \u00e7a\u011fr\u0131s\u0131"},"content":{"rendered":"<div id=\"model-response-message-contentr_f3a3093d6ed0329f\" class=\"markdown markdown-main-panel enable-updated-hr-color\" dir=\"ltr\" aria-live=\"polite\" aria-busy=\"false\">\n<div id=\"model-response-message-contentr_7b814bde9d0fe66a\" class=\"markdown markdown-main-panel enable-updated-hr-color\" dir=\"ltr\" aria-live=\"polite\" aria-busy=\"false\">\n<p data-path-to-node=\"0\"><span style=\"font-size: 1.21429rem;\">Londra Belediye Ba\u015fkan\u0131 <\/span><b style=\"font-size: 1.21429rem;\" data-path-to-node=\"1\" data-index-in-node=\"24\">Sadiq Khan<\/b><span style=\"font-size: 1.21429rem;\">, turistler i\u00e7in vergisiz (tax-free) al\u0131\u015fveri\u015f uygulamas\u0131n\u0131n yeniden hayata ge\u00e7irilmesi amac\u0131yla h\u00fck\u00fcmete bask\u0131 yap\u0131yor. Khan, bu ad\u0131m\u0131n kamu gelirlerini art\u0131raca\u011f\u0131n\u0131 savunuyor.<\/span><\/p>\n<\/div>\n<p data-path-to-node=\"2\">City AM\u2019in haberine g\u00f6re, <b data-path-to-node=\"2\" data-index-in-node=\"26\">Khan<\/b>, Hazine Bakanl\u0131\u011f\u0131 nezdinde lobi faaliyetleri y\u00fcr\u00fcterek, \u00f6nceki Muhafazakar Parti h\u00fck\u00fcmeti taraf\u0131ndan d\u00f6rt y\u0131l \u00f6nce kald\u0131r\u0131lan bu avantaj\u0131n geri getirilmesini talep etti.<\/p>\n<h4 data-path-to-node=\"3\"><b data-path-to-node=\"3\" data-index-in-node=\"0\">Turistler Paris ve Milano\u2019yu tercih ediyor<\/b><\/h4>\n<p data-path-to-node=\"4\">Belediye Ba\u015fkan\u0131 Sular\u0131\u2019nda (Mayor\u2019s Question Time) konu\u015fan <b data-path-to-node=\"4\" data-index-in-node=\"60\">Khan<\/b>, uygulaman\u0131n 2021 y\u0131l\u0131nda eski Ba\u015fbakan <b data-path-to-node=\"4\" data-index-in-node=\"105\">Rishi Sunak<\/b> taraf\u0131ndan kald\u0131r\u0131lmas\u0131n\u0131n bir &#8220;hata&#8221; oldu\u011funu belirtti. Khan, turistlerin bu avantajdan yararlanmak i\u00e7in <b data-path-to-node=\"4\" data-index-in-node=\"223\">Londra<\/b> yerine <b data-path-to-node=\"4\" data-index-in-node=\"237\">Paris<\/b> veya <b data-path-to-node=\"4\" data-index-in-node=\"248\">Milano<\/b>&#8216;ya gitmeyi tercih ettiklerini vurgulad\u0131.<\/p>\n<p data-path-to-node=\"5\">Khan, yapt\u0131\u011f\u0131 a\u00e7\u0131klamada, &#8220;Sadece KDV&#8217;den elde edilen gelirle ilgilenemeyiz. Ayn\u0131 zamanda turistlerin daha uzun s\u00fcre kalmamas\u0131ndan kaynaklanan gelir kayb\u0131n\u0131 da g\u00f6z \u00f6n\u00fcnde bulundurmal\u0131y\u0131z&#8221; ifadelerini kulland\u0131.<\/p><div id=\"briti-519622602\" class=\"briti-icerik\" style=\"margin-top: 5px;margin-bottom: 5px;\"><a href=\"https:\/\/piaryum.com\/services\/\" aria-label=\"piaryum banner\"><img loading=\"lazy\" decoding=\"async\" src=\"https:\/\/by-tv.co.uk\/wp-content\/uploads\/2025\/12\/Gemini_Generated_Image_g5yqr1g5yqr1g5yq.jpg\" alt=\"\"  width=\"2064\" height=\"1152\"   \/><\/a><\/div>\n<h4 data-path-to-node=\"6\"><b data-path-to-node=\"6\" data-index-in-node=\"0\">Gecelik konaklama vergisi tart\u0131\u015fmas\u0131<\/b><\/h4>\n<p data-path-to-node=\"7\">Londra Meclisi&#8217;nin Muhafazakar \u00fcyesi <b data-path-to-node=\"7\" data-index-in-node=\"37\">Thomas Turrell<\/b>, turistler i\u00e7in uygulanmas\u0131 planlanan &#8220;gecelik konaklama vergisi&#8221; konusunu g\u00fcndeme getirdi. <b data-path-to-node=\"7\" data-index-in-node=\"144\">Central London Forward<\/b> grubunun tahminlerine g\u00f6re, bu yeni vergi ba\u015fkent i\u00e7in y\u0131lda <b data-path-to-node=\"7\" data-index-in-node=\"228\">350 milyon sterlin<\/b> ek gelir sa\u011flayabilir.<\/p>\n<p data-path-to-node=\"8\"><b data-path-to-node=\"8\" data-index-in-node=\"0\">Khan<\/b>, bu vergiye destek verdi\u011fini belirtirken, h\u00fck\u00fcmetin vergisiz al\u0131\u015fveri\u015fi geri getirmesi durumunda elde edilecek toplam gelirin \u00e7ok daha y\u00fcksek olabilece\u011fini savundu.<\/p>\n<h4 data-path-to-node=\"9\"><b data-path-to-node=\"9\" data-index-in-node=\"0\">H\u00fck\u00fcmetle olas\u0131 \u00e7at\u0131\u015fma<\/b><\/h4>\n<p data-path-to-node=\"10\"><b data-path-to-node=\"10\" data-index-in-node=\"0\">Sadiq Khan<\/b>&#8216;\u0131n vergisiz al\u0131\u015fveri\u015f konusundaki \u0131srar\u0131, \u0130\u015f\u00e7i Partisi h\u00fck\u00fcmetiyle aras\u0131n\u0131 a\u00e7abilir. Londra Belediye Ba\u015fkan\u0131, daha \u00f6nce de ula\u015f\u0131m finansman\u0131 gibi konularda Maliye Bakan\u0131 <b data-path-to-node=\"10\" data-index-in-node=\"181\">Rachel Reeves<\/b> ile ters d\u00fc\u015fm\u00fc\u015ft\u00fc. Ge\u00e7ti\u011fimiz y\u0131l Khan, Reeves&#8217;in altyap\u0131 yat\u0131r\u0131mlar\u0131n\u0131 desteklememesini &#8220;devasa bir hata&#8221; olarak nitelendirmi\u015fti.<\/p>\n<p data-path-to-node=\"11\"><b data-path-to-node=\"11\" data-index-in-node=\"0\">B\u00fct\u00e7e Sorumluluk Ofisi (OBR)<\/b>, vergisiz al\u0131\u015fveri\u015fin kald\u0131r\u0131lmas\u0131n\u0131n, davran\u0131\u015fsal etkiler hesaba kat\u0131lsa bile h\u00fck\u00fcmete y\u00fcz milyonlarca sterlin kazand\u0131rd\u0131\u011f\u0131n\u0131 belirtmi\u015fti. Ancak perakende ve konaklama sekt\u00f6r\u00fc temsilcileri, bu karar\u0131n Birle\u015fik Krall\u0131k ekonomisi \u00fczerindeki geni\u015f \u00e7apl\u0131 etkilerine dair kar\u015f\u0131t veriler sunmaya devam ediyor.<\/p>\n<\/div>\n<div id=\"briti-2610743565\" class=\"briti-icerikten-sonra_2\" style=\"margin-top: 25px;margin-bottom: 25px;\"><a href=\"https:\/\/wa.me\/message\/NDZLLIOQT4H3O1\" aria-label=\"bytv reklam banner\"><img loading=\"lazy\" decoding=\"async\" src=\"https:\/\/by-tv.co.uk\/wp-content\/uploads\/2025\/12\/bytv-reklam-banner.jpg\" alt=\"\"  width=\"2376\" height=\"1008\"   \/><\/a><\/div>","protected":false},"excerpt":{"rendered":"<p>Londra Belediye Ba\u015fkan\u0131 Sadiq Khan, turistler i\u00e7in vergisiz (tax-free) al\u0131\u015fveri\u015f uygulamas\u0131n\u0131n yeniden hayata ge\u00e7irilmesi amac\u0131yla h\u00fck\u00fcmete bask\u0131 yap\u0131yor. Khan, bu ad\u0131m\u0131n kamu gelirlerini art\u0131raca\u011f\u0131n\u0131 savunuyor. City AM\u2019in haberine g\u00f6re, Khan, Hazine Bakanl\u0131\u011f\u0131 nezdinde lobi faaliyetleri y\u00fcr\u00fcterek, \u00f6nceki Muhafazakar Parti h\u00fck\u00fcmeti taraf\u0131ndan d\u00f6rt y\u0131l \u00f6nce kald\u0131r\u0131lan bu avantaj\u0131n geri getirilmesini talep etti. Turistler Paris ve Milano\u2019yu tercih ediyor Belediye Ba\u015fkan\u0131 Sular\u0131\u2019nda (Mayor\u2019s Question Time) konu\u015fan Khan, uygulaman\u0131n 2021 y\u0131l\u0131nda eski Ba\u015fbakan Rishi Sunak taraf\u0131ndan kald\u0131r\u0131lmas\u0131n\u0131n bir &#8220;hata&#8221; oldu\u011funu belirtti. Khan, turistlerin bu avantajdan yararlanmak i\u00e7in Londra yerine Paris veya Milano&#8216;ya gitmeyi tercih ettiklerini vurgulad\u0131. Khan, yapt\u0131\u011f\u0131 a\u00e7\u0131klamada, &#8220;Sadece KDV&#8217;den elde edilen [&hellip;]<\/p>\n","protected":false},"author":11,"featured_media":35434,"comment_status":"open","ping_status":"open","sticky":false,"template":"","format":"standard","meta":{"ngg_post_thumbnail":0,"footnotes":""},"categories":[5269,15],"tags":[],"class_list":["post-35428","post","type-post","status-publish","format-standard","has-post-thumbnail","hentry","category-birlesik-krallik","category-ingiltere"],"_links":{"self":[{"href":"https:\/\/by-tv.co.uk\/en\/wp-json\/wp\/v2\/posts\/35428","targetHints":{"allow":["GET"]}}],"collection":[{"href":"https:\/\/by-tv.co.uk\/en\/wp-json\/wp\/v2\/posts"}],"about":[{"href":"https:\/\/by-tv.co.uk\/en\/wp-json\/wp\/v2\/types\/post"}],"author":[{"embeddable":true,"href":"https:\/\/by-tv.co.uk\/en\/wp-json\/wp\/v2\/users\/11"}],"replies":[{"embeddable":true,"href":"https:\/\/by-tv.co.uk\/en\/wp-json\/wp\/v2\/comments?post=35428"}],"version-history":[{"count":3,"href":"https:\/\/by-tv.co.uk\/en\/wp-json\/wp\/v2\/posts\/35428\/revisions"}],"predecessor-version":[{"id":35435,"href":"https:\/\/by-tv.co.uk\/en\/wp-json\/wp\/v2\/posts\/35428\/revisions\/35435"}],"wp:featuredmedia":[{"embeddable":true,"href":"https:\/\/by-tv.co.uk\/en\/wp-json\/wp\/v2\/media\/35434"}],"wp:attachment":[{"href":"https:\/\/by-tv.co.uk\/en\/wp-json\/wp\/v2\/media?parent=35428"}],"wp:term":[{"taxonomy":"category","embeddable":true,"href":"https:\/\/by-tv.co.uk\/en\/wp-json\/wp\/v2\/categories?post=35428"},{"taxonomy":"post_tag","embeddable":true,"href":"https:\/\/by-tv.co.uk\/en\/wp-json\/wp\/v2\/tags?post=35428"}],"curies":[{"name":"wp","href":"https:\/\/api.w.org\/{rel}","templated":true}]}}