{"id":35418,"date":"2026-01-16T11:02:52","date_gmt":"2026-01-16T11:02:52","guid":{"rendered":"https:\/\/by-tv.co.uk\/?p=35418"},"modified":"2026-01-16T11:02:52","modified_gmt":"2026-01-16T11:02:52","slug":"ingiliz-ailelerden-tiktoka-tarihi-dava","status":"publish","type":"post","link":"https:\/\/by-tv.co.uk\/en\/ingiliz-ailelerden-tiktoka-tarihi-dava\/","title":{"rendered":"\u0130ngiliz ailelerden TikTok\u2019a tarihi dava"},"content":{"rendered":"<div id=\"model-response-message-contentr_514e972a1ddd208e\" class=\"markdown markdown-main-panel enable-updated-hr-color\" dir=\"ltr\" aria-live=\"polite\" aria-busy=\"false\">\n<p data-path-to-node=\"1\">Birle\u015fik Krall\u0131k\u2019tan be\u015f yasl\u0131 aile, d\u00fcnyan\u0131n en b\u00fcy\u00fck sosyal medya platformlar\u0131ndan biri olan <b data-path-to-node=\"1\" data-index-in-node=\"95\">TikTok<\/b> ile y\u00fczle\u015fmek \u00fczere ABD\u2019nin Delaware eyaletindeki Wilmington kentinde bir araya geldi. Delaware Y\u00fcksek Mahkemesi, platformun \u00e7ocuklar\u0131n \u00f6l\u00fcm\u00fcne neden olan i\u00e7erikleri bar\u0131nd\u0131rd\u0131\u011f\u0131 iddias\u0131yla a\u00e7\u0131lan kritik bir duru\u015fmaya ev sahipli\u011fi yap\u0131yor.<\/p>\n<p data-path-to-node=\"2\"><b data-path-to-node=\"2\" data-index-in-node=\"0\">ITV News<\/b>\u2019in haberine g\u00f6re, aileler taraf\u0131ndan a\u00e7\u0131lan davada, <b data-path-to-node=\"2\" data-index-in-node=\"61\">TikTok<\/b>\u2019un algoritmalar\u0131n\u0131n ve i\u00e7eriklerinin \u00e7ocuklar\u0131n \u00f6l\u00fcm\u00fcne yol a\u00e7t\u0131\u011f\u0131 iddia ediliyor.<\/p>\n<h4 data-path-to-node=\"3\"><b data-path-to-node=\"3\" data-index-in-node=\"0\">Tehlikeli i\u00e7eriklere kar\u015f\u0131 hukuk sava\u015f\u0131<\/b><\/h4>\n<p data-path-to-node=\"4\">Dava s\u00fcrecinde <b data-path-to-node=\"4\" data-index-in-node=\"15\">Isaac Kenevan<\/b>, <b data-path-to-node=\"4\" data-index-in-node=\"30\">Archie Battersbee<\/b>, <b data-path-to-node=\"4\" data-index-in-node=\"49\">Noah Gibson<\/b>, <b data-path-to-node=\"4\" data-index-in-node=\"62\">Julian \u201cJools\u201d Sweeney<\/b> ve <b data-path-to-node=\"4\" data-index-in-node=\"88\">Maia Walsh<\/b>\u2019un aileleri, k\u00e2r amac\u0131 g\u00fctmeyen hukuk firmas\u0131 <b data-path-to-node=\"4\" data-index-in-node=\"145\">Social Media Victims Law Centre<\/b> taraf\u0131ndan temsil ediliyor.<\/p><div id=\"briti-3884610565\" class=\"briti-icerik\" style=\"margin-top: 5px;margin-bottom: 5px;\"><a href=\"https:\/\/piaryum.com\/services\/\" aria-label=\"piaryum banner\"><img loading=\"lazy\" decoding=\"async\" src=\"https:\/\/by-tv.co.uk\/wp-content\/uploads\/2025\/12\/Gemini_Generated_Image_g5yqr1g5yqr1g5yq.jpg\" alt=\"\"  width=\"2064\" height=\"1152\"   \/><\/a><\/div>\n<p data-path-to-node=\"5\">Merkezin kurucusu avukat <b data-path-to-node=\"5\" data-index-in-node=\"25\">Matthew Bergman<\/b>, bu davay\u0131 30 y\u0131ll\u0131k hukuk kariyerinin &#8220;en \u00f6nemli ve anlaml\u0131 m\u00fccadelesi&#8221; olarak tan\u0131ml\u0131yor. Bergman, y\u00fcr\u00fctt\u00fc\u011f\u00fc hukuki s\u00fcreci sivil haklar hareketiyle k\u0131yaslayarak, benzer bir ahlaki netli\u011fin burada da ge\u00e7erli oldu\u011funu savunuyor.<\/p>\n<h4 data-path-to-node=\"6\"><b data-path-to-node=\"6\" data-index-in-node=\"0\">&#8220;Ergenlik kayg\u0131lar\u0131n\u0131 ate\u015fe benzin d\u00f6kerek kullan\u0131yorlar&#8221;<\/b><\/h4>\n<p data-path-to-node=\"7\">Platformlar\u0131n tasar\u0131m\u0131n\u0131 sert bir dille ele\u015ftiren <b data-path-to-node=\"7\" data-index-in-node=\"50\">Matthew Bergman<\/b>, \u015firketlerin gen\u00e7lerin hassasiyetlerini s\u00f6m\u00fcrd\u00fc\u011f\u00fcn\u00fc belirtiyor. Bergman, <b data-path-to-node=\"7\" data-index-in-node=\"139\">TikTok<\/b> gibi platformlar\u0131n \u00e7al\u0131\u015fma mant\u0131\u011f\u0131n\u0131, &#8220;ergenlik kayg\u0131lar\u0131na ve g\u00fcvensizliklerine ate\u015fe benzin d\u00f6ker gibi yakla\u015fmak&#8221; olarak nitelendiriyor.<\/p>\n<p data-path-to-node=\"8\">Bergman\u2019a g\u00f6re bu platformlar, gen\u00e7lerin &#8220;uyum sa\u011flama&#8221; ve &#8220;kabul g\u00f6rme&#8221; arzular\u0131n\u0131 kullanarak, onlar\u0131 trajik sonu\u00e7lar do\u011furan tehlikeli ak\u0131mlara y\u00f6nlendiriyor.<\/p>\n<p data-path-to-node=\"9\"><b data-path-to-node=\"9\" data-index-in-node=\"0\">TikTok<\/b> s\u00f6zc\u00fcs\u00fc ise platformun tehlikeli i\u00e7erikleri ve meydan okumalar\u0131 yasaklad\u0131\u011f\u0131n\u0131, kullan\u0131c\u0131 g\u00fcvenli\u011finin bir \u00f6ncelik oldu\u011funu belirtti. \u015eirket ayr\u0131ca, ailelerin \u00e7ocuklar\u0131n\u0131n \u00f6l\u00fcm\u00fcne neden oldu\u011funu iddia etti\u011fi belirli ak\u0131mlarla ilgili arama terimlerini ve etiketleri engelledi\u011fini a\u00e7\u0131klad\u0131.<\/p>\n<h4 data-path-to-node=\"10\"><b data-path-to-node=\"10\" data-index-in-node=\"0\">Aileler kararl\u0131: &#8220;\u00c7ocuklar\u0131m\u0131z\u0131n miras\u0131&#8221;<\/b><\/h4>\n<p data-path-to-node=\"11\"><b data-path-to-node=\"11\" data-index-in-node=\"0\">Isaac Kenevan<\/b>\u2019\u0131n annesi <b data-path-to-node=\"11\" data-index-in-node=\"24\">Lisa Kenevan<\/b>, mahkeme s\u00fcrecini &#8220;buruk bir an&#8221; olarak de\u011ferlendiriyor. <b data-path-to-node=\"11\" data-index-in-node=\"94\">Social Media Victims Law Centre<\/b>\u2019\u0131n deste\u011finin kendileri i\u00e7in b\u00fcy\u00fck anlam ta\u015f\u0131d\u0131\u011f\u0131n\u0131 belirten Kenevan, \u0130ngiltere\u2019de kendilerini temsil edecek bir hukuk firmas\u0131 bulamam\u0131\u015f olman\u0131n \u00fcz\u00fcnt\u00fcs\u00fcn\u00fc ya\u015fad\u0131\u011f\u0131n\u0131 ifade etti.<\/p>\n<p data-path-to-node=\"12\">Kenevan, &#8220;\u00c7ocuklar\u0131m\u0131z\u0131n miras\u0131n\u0131n bu davay\u0131 ileriye ta\u015f\u0131d\u0131\u011f\u0131n\u0131 hissediyorum, bu \u00e7\u0131\u011f\u0131r a\u00e7\u0131c\u0131 bir ad\u0131m&#8221; \u015feklinde konu\u015ftu. E\u011fer dava bug\u00fcnk\u00fc duru\u015fman\u0131n ard\u0131ndan reddedilirse, ailelerin karar\u0131 temyize g\u00f6t\u00fcrmeyi planlad\u0131\u011f\u0131 \u00f6\u011frenildi.<\/p>\n<\/div>\n<div id=\"briti-1568723315\" class=\"briti-icerikten-sonra_2\" style=\"margin-top: 25px;margin-bottom: 25px;\"><a href=\"https:\/\/wa.me\/message\/NDZLLIOQT4H3O1\" aria-label=\"bytv reklam banner\"><img loading=\"lazy\" decoding=\"async\" src=\"https:\/\/by-tv.co.uk\/wp-content\/uploads\/2025\/12\/bytv-reklam-banner.jpg\" alt=\"\"  width=\"2376\" height=\"1008\"   \/><\/a><\/div>","protected":false},"excerpt":{"rendered":"<p>Birle\u015fik Krall\u0131k\u2019tan be\u015f yasl\u0131 aile, d\u00fcnyan\u0131n en b\u00fcy\u00fck sosyal medya platformlar\u0131ndan biri olan TikTok ile y\u00fczle\u015fmek \u00fczere ABD\u2019nin Delaware eyaletindeki Wilmington kentinde bir araya geldi. Delaware Y\u00fcksek Mahkemesi, platformun \u00e7ocuklar\u0131n \u00f6l\u00fcm\u00fcne neden olan i\u00e7erikleri bar\u0131nd\u0131rd\u0131\u011f\u0131 iddias\u0131yla a\u00e7\u0131lan kritik bir duru\u015fmaya ev sahipli\u011fi yap\u0131yor. ITV News\u2019in haberine g\u00f6re, aileler taraf\u0131ndan a\u00e7\u0131lan davada, TikTok\u2019un algoritmalar\u0131n\u0131n ve i\u00e7eriklerinin \u00e7ocuklar\u0131n \u00f6l\u00fcm\u00fcne yol a\u00e7t\u0131\u011f\u0131 iddia ediliyor. Tehlikeli i\u00e7eriklere kar\u015f\u0131 hukuk sava\u015f\u0131 Dava s\u00fcrecinde Isaac Kenevan, Archie Battersbee, Noah Gibson, Julian \u201cJools\u201d Sweeney ve Maia Walsh\u2019un aileleri, k\u00e2r amac\u0131 g\u00fctmeyen hukuk firmas\u0131 Social Media Victims Law Centre taraf\u0131ndan temsil ediliyor. Merkezin kurucusu avukat Matthew Bergman, bu [&hellip;]<\/p>\n","protected":false},"author":11,"featured_media":35406,"comment_status":"open","ping_status":"open","sticky":false,"template":"","format":"standard","meta":{"ngg_post_thumbnail":0,"footnotes":""},"categories":[5269,15],"tags":[],"class_list":["post-35418","post","type-post","status-publish","format-standard","has-post-thumbnail","hentry","category-birlesik-krallik","category-ingiltere"],"_links":{"self":[{"href":"https:\/\/by-tv.co.uk\/en\/wp-json\/wp\/v2\/posts\/35418","targetHints":{"allow":["GET"]}}],"collection":[{"href":"https:\/\/by-tv.co.uk\/en\/wp-json\/wp\/v2\/posts"}],"about":[{"href":"https:\/\/by-tv.co.uk\/en\/wp-json\/wp\/v2\/types\/post"}],"author":[{"embeddable":true,"href":"https:\/\/by-tv.co.uk\/en\/wp-json\/wp\/v2\/users\/11"}],"replies":[{"embeddable":true,"href":"https:\/\/by-tv.co.uk\/en\/wp-json\/wp\/v2\/comments?post=35418"}],"version-history":[{"count":1,"href":"https:\/\/by-tv.co.uk\/en\/wp-json\/wp\/v2\/posts\/35418\/revisions"}],"predecessor-version":[{"id":35419,"href":"https:\/\/by-tv.co.uk\/en\/wp-json\/wp\/v2\/posts\/35418\/revisions\/35419"}],"wp:featuredmedia":[{"embeddable":true,"href":"https:\/\/by-tv.co.uk\/en\/wp-json\/wp\/v2\/media\/35406"}],"wp:attachment":[{"href":"https:\/\/by-tv.co.uk\/en\/wp-json\/wp\/v2\/media?parent=35418"}],"wp:term":[{"taxonomy":"category","embeddable":true,"href":"https:\/\/by-tv.co.uk\/en\/wp-json\/wp\/v2\/categories?post=35418"},{"taxonomy":"post_tag","embeddable":true,"href":"https:\/\/by-tv.co.uk\/en\/wp-json\/wp\/v2\/tags?post=35418"}],"curies":[{"name":"wp","href":"https:\/\/api.w.org\/{rel}","templated":true}]}}