{"id":34993,"date":"2026-01-02T17:21:05","date_gmt":"2026-01-02T17:21:05","guid":{"rendered":"https:\/\/by-tv.co.uk\/?p=34993"},"modified":"2026-01-02T17:21:05","modified_gmt":"2026-01-02T17:21:05","slug":"birlesik-krallikta-2025-en-sicak-yil-olarak-kayitlara-gecti","status":"publish","type":"post","link":"https:\/\/by-tv.co.uk\/en\/birlesik-krallikta-2025-en-sicak-yil-olarak-kayitlara-gecti\/","title":{"rendered":"Birle\u015fik Krall\u0131k\u2019ta 2025 En S\u0131cak Y\u0131l Olarak Kay\u0131tlara Ge\u00e7ti"},"content":{"rendered":"<div id=\"model-response-message-contentr_11c350705e0aef7c\" class=\"markdown markdown-main-panel stronger enable-updated-hr-color\" dir=\"ltr\" aria-live=\"polite\" aria-busy=\"false\">\n<p data-path-to-node=\"1\">Birle\u015fik Krall\u0131k&#8217;ta 2025 y\u0131l\u0131, meteorolojik kay\u0131tlar\u0131n tutulmaya ba\u015fland\u0131\u011f\u0131 tarihten bu yana ya\u015fanan <b data-path-to-node=\"1\" data-index-in-node=\"101\">en s\u0131cak ve en g\u00fcne\u015fli y\u0131l<\/b> olarak teyit edildi. <b data-path-to-node=\"1\" data-index-in-node=\"149\">Met Office<\/b> taraf\u0131ndan a\u00e7\u0131klanan veriler, \u00fclkenin iklim krizinin etkilerini giderek daha sert hissetti\u011fini ortaya koydu.<\/p>\n<p data-path-to-node=\"2\"><b data-path-to-node=\"2\" data-index-in-node=\"0\">The Guardian\u2019\u0131n haberine g\u00f6re<\/b>, kay\u0131tlardaki en s\u0131cak \u00fc\u00e7 y\u0131l\u0131n tamam\u0131 bu on y\u0131l i\u00e7inde ger\u00e7ekle\u015fti ve meteorologlar bu durumu h\u0131zla de\u011fi\u015fen iklimin somut bir kan\u0131t\u0131 olarak de\u011ferlendiriyor. En s\u0131cak 10 y\u0131l\u0131n tamam\u0131n\u0131n son yirmi y\u0131lda ya\u015fanm\u0131\u015f olmas\u0131 dikkat \u00e7ekiyor.<\/p>\n<h4 data-path-to-node=\"3\"><b data-path-to-node=\"3\" data-index-in-node=\"0\">Y\u0131ll\u0131k Ortalama S\u0131cakl\u0131k Rekoru K\u0131r\u0131ld\u0131<\/b><\/h4>\n<p data-path-to-node=\"4\">2025 y\u0131l\u0131, <b data-path-to-node=\"4\" data-index-in-node=\"11\">10.09\u00b0C<\/b> y\u0131ll\u0131k ortalama s\u0131cakl\u0131k ile listenin zirvesine yerle\u015fti. Bu de\u011ferle birlikte, 2022 ve 2023 y\u0131llar\u0131 s\u0131ras\u0131yla ikinci ve \u00fc\u00e7\u00fcnc\u00fc en s\u0131cak y\u0131llar olarak geride kald\u0131. 19. y\u00fczy\u0131ldan bu yana y\u0131ll\u0131k ortalama s\u0131cakl\u0131\u011f\u0131n <b data-path-to-node=\"4\" data-index-in-node=\"232\">10\u00b0C<\/b>&#8216;yi a\u015ft\u0131\u011f\u0131 sadece ikinci kez kay\u0131tlara ge\u00e7ti.<\/p><div id=\"briti-2016416522\" class=\"briti-icerik\" style=\"margin-top: 5px;margin-bottom: 5px;\"><a href=\"https:\/\/piaryum.com\/services\/\" aria-label=\"piaryum banner\"><img loading=\"lazy\" decoding=\"async\" src=\"https:\/\/by-tv.co.uk\/wp-content\/uploads\/2025\/12\/Gemini_Generated_Image_g5yqr1g5yqr1g5yq.jpg\" alt=\"\"  width=\"2064\" height=\"1152\"   \/><\/a><\/div>\n<p data-path-to-node=\"5\"><b data-path-to-node=\"5\" data-index-in-node=\"0\">Met Office<\/b> \u0130klim \u0130li\u015fkilendirme Ba\u015fkan\u0131 <b data-path-to-node=\"5\" data-index-in-node=\"40\">Dr. Mark McCarthy<\/b>, durumu \u015fu s\u00f6zlerle de\u011ferlendirdi: &#8220;2025, 1884&#8217;e kadar uzanan seride 2022 rekorunu geride b\u0131rakarak Birle\u015fik Krall\u0131k i\u00e7in en s\u0131cak y\u0131l oldu. De\u011fi\u015fen iklimimizde s\u0131cakl\u0131klar\u0131n giderek yeni rekorlar k\u0131rd\u0131\u011f\u0131n\u0131 g\u00f6r\u00fcyoruz; son rekordan sadece \u00fc\u00e7 y\u0131l sonra yeni bir zirve ya\u015fanmas\u0131 bunun g\u00f6stergesi.&#8221;<\/p>\n<h4 data-path-to-node=\"6\"><b data-path-to-node=\"6\" data-index-in-node=\"0\">\u0130nsan Kaynakl\u0131 \u0130klim De\u011fi\u015fikli\u011finin Etkisi<\/b><\/h4>\n<p data-path-to-node=\"7\">Uzmanlar, bu rekor s\u0131cakl\u0131klar\u0131n insan kaynakl\u0131 iklim de\u011fi\u015fikli\u011finin beklenen sonu\u00e7lar\u0131yla \u00f6rt\u00fc\u015ft\u00fc\u011f\u00fcn\u00fc vurguluyor. <b data-path-to-node=\"7\" data-index-in-node=\"115\">Dr. McCarthy<\/b>, her y\u0131l\u0131n rekor k\u0131rmayacak olsa da, k\u00fcresel \u0131s\u0131nman\u0131n Birle\u015fik Krall\u0131k iklimini do\u011frudan etkiledi\u011finin a\u00e7\u0131k oldu\u011funu belirtti.<\/p>\n<p data-path-to-node=\"8\">2025 ilkbahar ve yaz aylar\u0131, birden fazla s\u0131cak hava dalgas\u0131yla olduk\u00e7a s\u0131cak ge\u00e7ti. Ancak t\u00fcm zamanlar\u0131n en y\u00fcksek g\u00fcnl\u00fck s\u0131cakl\u0131k rekoru, termometrelerin <b data-path-to-node=\"8\" data-index-in-node=\"156\">40\u00b0C<\/b>&#8216;yi a\u015ft\u0131\u011f\u0131 <b data-path-to-node=\"8\" data-index-in-node=\"171\">19 Temmuz 2022<\/b> tarihinde kalmaya devam ediyor.<\/p>\n<h4 data-path-to-node=\"9\"><b data-path-to-node=\"9\" data-index-in-node=\"0\">G\u00fcne\u015f Enerjisi \u00dcretiminde Art\u0131\u015f<\/b><\/h4>\n<p data-path-to-node=\"10\">S\u0131cakl\u0131klar\u0131n yan\u0131 s\u0131ra 2025, <b data-path-to-node=\"10\" data-index-in-node=\"30\">1.648,5 saat<\/b> g\u00fcne\u015flenme s\u00fcresiyle 1910&#8217;dan beri en g\u00fcne\u015fli y\u0131l oldu. Bu s\u00fcre, 2003 y\u0131l\u0131ndaki bir \u00f6nceki rekordan <b data-path-to-node=\"10\" data-index-in-node=\"143\">61,4 saat<\/b> daha fazla.<\/p>\n<p data-path-to-node=\"11\">Ortalaman\u0131n \u00fczerindeki g\u00fcne\u015fli saatler, Birle\u015fik Krall\u0131k&#8217;taki g\u00fcne\u015f enerjisi santrallerine de yarad\u0131. \u00dclkenin y\u0131ll\u0131k enerji ihtiyac\u0131n\u0131n <b data-path-to-node=\"11\" data-index-in-node=\"136\">%6&#8217;s\u0131ndan fazlas\u0131<\/b> bu y\u0131l g\u00fcne\u015f enerjisinden kar\u015f\u0131land\u0131. Bu oran, son y\u0131llara k\u0131yasla <b data-path-to-node=\"11\" data-index-in-node=\"221\">%50&#8217;den fazla bir art\u0131\u015f<\/b> anlam\u0131na geliyor.<\/p>\n<p data-path-to-node=\"12\">Genel ya\u011f\u0131\u015f miktarlar\u0131 ise ortalaman\u0131n alt\u0131nda kal\u0131rken, baz\u0131 b\u00f6lgelerde rekor d\u00fczeyde d\u00fc\u015f\u00fck ya\u011f\u0131\u015f seviyeleri g\u00f6r\u00fcld\u00fc.<\/p>\n<\/div>\n<div id=\"briti-1635688224\" class=\"briti-icerikten-sonra_2\" style=\"margin-top: 25px;margin-bottom: 25px;\"><a href=\"https:\/\/wa.me\/message\/NDZLLIOQT4H3O1\" aria-label=\"bytv reklam banner\"><img loading=\"lazy\" decoding=\"async\" src=\"https:\/\/by-tv.co.uk\/wp-content\/uploads\/2025\/12\/bytv-reklam-banner.jpg\" alt=\"\"  width=\"2376\" height=\"1008\"   \/><\/a><\/div>","protected":false},"excerpt":{"rendered":"<p>Birle\u015fik Krall\u0131k&#8217;ta 2025 y\u0131l\u0131, meteorolojik kay\u0131tlar\u0131n tutulmaya ba\u015fland\u0131\u011f\u0131 tarihten bu yana ya\u015fanan en s\u0131cak ve en g\u00fcne\u015fli y\u0131l olarak teyit edildi. Met Office taraf\u0131ndan a\u00e7\u0131klanan veriler, \u00fclkenin iklim krizinin etkilerini giderek daha sert hissetti\u011fini ortaya koydu. The Guardian\u2019\u0131n haberine g\u00f6re, kay\u0131tlardaki en s\u0131cak \u00fc\u00e7 y\u0131l\u0131n tamam\u0131 bu on y\u0131l i\u00e7inde ger\u00e7ekle\u015fti ve meteorologlar bu durumu h\u0131zla de\u011fi\u015fen iklimin somut bir kan\u0131t\u0131 olarak de\u011ferlendiriyor. En s\u0131cak 10 y\u0131l\u0131n tamam\u0131n\u0131n son yirmi y\u0131lda ya\u015fanm\u0131\u015f olmas\u0131 dikkat \u00e7ekiyor. Y\u0131ll\u0131k Ortalama S\u0131cakl\u0131k Rekoru K\u0131r\u0131ld\u0131 2025 y\u0131l\u0131, 10.09\u00b0C y\u0131ll\u0131k ortalama s\u0131cakl\u0131k ile listenin zirvesine yerle\u015fti. Bu de\u011ferle birlikte, 2022 ve 2023 y\u0131llar\u0131 s\u0131ras\u0131yla ikinci ve [&hellip;]<\/p>\n","protected":false},"author":11,"featured_media":34597,"comment_status":"open","ping_status":"open","sticky":false,"template":"","format":"standard","meta":{"ngg_post_thumbnail":0,"footnotes":""},"categories":[5269],"tags":[],"class_list":["post-34993","post","type-post","status-publish","format-standard","has-post-thumbnail","hentry","category-birlesik-krallik"],"_links":{"self":[{"href":"https:\/\/by-tv.co.uk\/en\/wp-json\/wp\/v2\/posts\/34993","targetHints":{"allow":["GET"]}}],"collection":[{"href":"https:\/\/by-tv.co.uk\/en\/wp-json\/wp\/v2\/posts"}],"about":[{"href":"https:\/\/by-tv.co.uk\/en\/wp-json\/wp\/v2\/types\/post"}],"author":[{"embeddable":true,"href":"https:\/\/by-tv.co.uk\/en\/wp-json\/wp\/v2\/users\/11"}],"replies":[{"embeddable":true,"href":"https:\/\/by-tv.co.uk\/en\/wp-json\/wp\/v2\/comments?post=34993"}],"version-history":[{"count":1,"href":"https:\/\/by-tv.co.uk\/en\/wp-json\/wp\/v2\/posts\/34993\/revisions"}],"predecessor-version":[{"id":34994,"href":"https:\/\/by-tv.co.uk\/en\/wp-json\/wp\/v2\/posts\/34993\/revisions\/34994"}],"wp:featuredmedia":[{"embeddable":true,"href":"https:\/\/by-tv.co.uk\/en\/wp-json\/wp\/v2\/media\/34597"}],"wp:attachment":[{"href":"https:\/\/by-tv.co.uk\/en\/wp-json\/wp\/v2\/media?parent=34993"}],"wp:term":[{"taxonomy":"category","embeddable":true,"href":"https:\/\/by-tv.co.uk\/en\/wp-json\/wp\/v2\/categories?post=34993"},{"taxonomy":"post_tag","embeddable":true,"href":"https:\/\/by-tv.co.uk\/en\/wp-json\/wp\/v2\/tags?post=34993"}],"curies":[{"name":"wp","href":"https:\/\/api.w.org\/{rel}","templated":true}]}}