{"id":34990,"date":"2026-01-02T16:43:22","date_gmt":"2026-01-02T16:43:22","guid":{"rendered":"https:\/\/by-tv.co.uk\/?p=34990"},"modified":"2026-01-02T16:43:22","modified_gmt":"2026-01-02T16:43:22","slug":"britanyada-2025te-temiz-enerji-rekoru","status":"publish","type":"post","link":"https:\/\/by-tv.co.uk\/en\/britanyada-2025te-temiz-enerji-rekoru\/","title":{"rendered":"Britanya\u2019da 2025\u2019te Temiz Enerji Rekoru"},"content":{"rendered":"<div id=\"model-response-message-contentr_4bd911132e7ef6d1\" class=\"markdown markdown-main-panel stronger enable-updated-hr-color\" dir=\"ltr\" aria-live=\"polite\" aria-busy=\"false\">\n<p data-path-to-node=\"1\">Yenilenebilir enerji, iklim de\u011fi\u015fikli\u011fiyle m\u00fccadelede kritik bir rol oynarken, B\u00fcy\u00fck Britanya\u2019da 2025 y\u0131l\u0131nda elektrik \u00fcretiminde tarihi bir seviyeye ula\u015f\u0131ld\u0131.<\/p>\n<p data-path-to-node=\"2\"><b data-path-to-node=\"2\" data-index-in-node=\"0\">BBC<\/b> taraf\u0131ndan yap\u0131lan analize g\u00f6re, <b data-path-to-node=\"2\" data-index-in-node=\"37\">Ulusal Enerji Sistem Operat\u00f6r\u00fc<\/b>&#8216;n\u00fcn (Neso) ge\u00e7ici verileri, r\u00fczgar enerjisinin en b\u00fcy\u00fck tekil kaynak oldu\u011funu g\u00f6steriyor.<\/p>\n<h4 data-path-to-node=\"3\"><b data-path-to-node=\"3\" data-index-in-node=\"0\">G\u00fcne\u015f ve R\u00fczgar\u0131n Pay\u0131 Art\u0131yor<\/b><\/h4>\n<p data-path-to-node=\"4\">G\u00fcne\u015f enerjisi \u00fcretimi, Birle\u015fik Krall\u0131k\u2019ta kaydedilen en g\u00fcne\u015fli y\u0131l\u0131n da etkisiyle 2024 seviyelerine g\u00f6re yakla\u015f\u0131k \u00fc\u00e7te bir oran\u0131nda art\u0131\u015f g\u00f6sterdi. \u00dclke genelinde g\u00fcne\u015f paneli kurulumlar\u0131n\u0131n yayg\u0131nla\u015fmas\u0131 da bu art\u0131\u015fta etkili oldu.<\/p><div id=\"briti-465968416\" class=\"briti-icerik\" style=\"margin-top: 5px;margin-bottom: 5px;\"><a href=\"https:\/\/piaryum.com\/services\/\" aria-label=\"piaryum banner\"><img loading=\"lazy\" decoding=\"async\" src=\"https:\/\/by-tv.co.uk\/wp-content\/uploads\/2025\/12\/Gemini_Generated_Image_g5yqr1g5yqr1g5yq.jpg\" alt=\"\"  width=\"2064\" height=\"1152\"   \/><\/a><\/div>\n<p data-path-to-node=\"5\">2025 y\u0131l\u0131nda r\u00fczgar, g\u00fcne\u015f, hidroelektrik ve biyok\u00fctle enerjisi toplamda <b data-path-to-node=\"5\" data-index-in-node=\"73\">127 terawatt saat (TWh)<\/b> elektrik \u00fcretti. Bu rakam, 2024\u2019teki <b data-path-to-node=\"5\" data-index-in-node=\"134\">119 TWh<\/b> seviyesini geride b\u0131rakt\u0131.<\/p>\n<p data-path-to-node=\"6\">R\u00fczgar enerjisi tek ba\u015f\u0131na <b data-path-to-node=\"6\" data-index-in-node=\"27\">85 TWh<\/b> \u00fcretimle Britanya\u2019n\u0131n elektri\u011finin yakla\u015f\u0131k <b data-path-to-node=\"6\" data-index-in-node=\"78\">%30<\/b>\u2019unu kar\u015f\u0131lad\u0131. G\u00fcne\u015f enerjisi ise <b data-path-to-node=\"6\" data-index-in-node=\"116\">18 TWh<\/b> ile toplam elektri\u011fin <b data-path-to-node=\"6\" data-index-in-node=\"145\">%6<\/b>\u2019s\u0131ndan fazlas\u0131n\u0131 olu\u015fturdu. Temmuz ay\u0131ndaki baz\u0131 d\u00f6nemlerde g\u00fcne\u015f enerjisi, elektrik \u00fcretiminin <b data-path-to-node=\"6\" data-index-in-node=\"244\">%40<\/b>&#8216;\u0131ndan fazlas\u0131n\u0131 sa\u011flad\u0131.<\/p>\n<h4 data-path-to-node=\"7\"><b data-path-to-node=\"7\" data-index-in-node=\"0\">Do\u011falgaz Kullan\u0131m\u0131 ve 2030 Hedefleri<\/b><\/h4>\n<p data-path-to-node=\"8\">Yenilenebilir kaynaklardaki art\u0131\u015fa ra\u011fmen, fosil gazdan elektrik \u00fcretimi de hafif bir y\u00fckseli\u015f g\u00f6sterdi. Gaz, 2024\u2019teki 72 TWh seviyesinden <b data-path-to-node=\"8\" data-index-in-node=\"140\">77 TWh<\/b>\u2019ye \u00e7\u0131karak elektri\u011fin yakla\u015f\u0131k <b data-path-to-node=\"8\" data-index-in-node=\"178\">%27<\/b>\u2019sini kar\u015f\u0131lad\u0131.<\/p>\n<p data-path-to-node=\"9\">Bu durum, h\u00fck\u00fcmetin 2030 y\u0131l\u0131na kadar belirledi\u011fi &#8220;temiz enerji&#8221; hedefine ula\u015fman\u0131n zorluklar\u0131n\u0131 ortaya koyuyor. H\u00fck\u00fcmet, 2030 itibar\u0131yla elektrik \u00fcretiminde kirletici gaz kullan\u0131m\u0131n\u0131 neredeyse s\u0131f\u0131ra indirmeyi ve enerji faturalar\u0131n\u0131 d\u00fc\u015f\u00fcrmeyi hedefliyor.<\/p>\n<p data-path-to-node=\"10\"><b data-path-to-node=\"10\" data-index-in-node=\"0\">Aurora Energy Research<\/b> d\u00fc\u015f\u00fcnce kurulu\u015fundan <b data-path-to-node=\"10\" data-index-in-node=\"44\">Pranav Menon<\/b>, yenilenebilir enerji kurulumunda g\u00fc\u00e7l\u00fc bir y\u0131l ge\u00e7irildi\u011fini ancak 2030 hedefleri i\u00e7in gereken &#8220;\u00fcstel b\u00fcy\u00fcmenin&#8221; hen\u00fcz g\u00f6r\u00fclmedi\u011fini belirtti.<\/p>\n<h4 data-path-to-node=\"11\"><b data-path-to-node=\"11\" data-index-in-node=\"0\">H\u00fck\u00fcmet ve Muhalefetten A\u00e7\u0131klamalar<\/b><\/h4>\n<p data-path-to-node=\"12\">Verilere ili\u015fkin a\u00e7\u0131klama yapan Enerji Bakan\u0131 <b data-path-to-node=\"12\" data-index-in-node=\"46\">Ed Miliband<\/b>, h\u00fck\u00fcmetin Britanya\u2019n\u0131n enerjisini temiz yerli g\u00fc\u00e7le kontrol alt\u0131na alma s\u00f6z\u00fcn\u00fc tuttu\u011funu ifade etti. Miliband, bu ad\u0131m\u0131n hane halk\u0131n\u0131 de\u011fi\u015fken fosil yak\u0131t piyasalar\u0131ndan koruyaca\u011f\u0131n\u0131 savundu.<\/p>\n<p data-path-to-node=\"13\">Buna kar\u015f\u0131l\u0131k G\u00f6lge Enerji Bakan\u0131 <b data-path-to-node=\"13\" data-index-in-node=\"34\">Claire Coutinho<\/b>, h\u00fck\u00fcmetin temiz enerji hedeflerinden vazge\u00e7mesi gerekti\u011fini belirterek, bu durumun enerji faturalar\u0131n\u0131 art\u0131rd\u0131\u011f\u0131n\u0131 \u00f6ne s\u00fcrd\u00fc. Coutinho, &#8220;\u0130nsanlar bununla birlikte gelen ekstra maliyetleri bilmeli&#8221; dedi.<\/p>\n<p data-path-to-node=\"14\"><b data-path-to-node=\"14\" data-index-in-node=\"0\">University College London<\/b>&#8216;dan Profes\u00f6r <b data-path-to-node=\"14\" data-index-in-node=\"39\">Michael Grubb<\/b> ise \u015febeke iyile\u015ftirmelerinin k\u0131sa vadede maliyetleri art\u0131rabilece\u011fini, ancak ucuz yenilenebilir enerjinin uzun vadede gaz\u0131n yerini almas\u0131yla faturalar\u0131n d\u00fc\u015fmesini bekledi\u011fini kaydetti.<\/p>\n<\/div>\n<div id=\"briti-383036744\" class=\"briti-icerikten-sonra_2\" style=\"margin-top: 25px;margin-bottom: 25px;\"><a href=\"https:\/\/wa.me\/message\/NDZLLIOQT4H3O1\" aria-label=\"bytv reklam banner\"><img loading=\"lazy\" decoding=\"async\" src=\"https:\/\/by-tv.co.uk\/wp-content\/uploads\/2025\/12\/bytv-reklam-banner.jpg\" alt=\"\"  width=\"2376\" height=\"1008\"   \/><\/a><\/div>","protected":false},"excerpt":{"rendered":"<p>Yenilenebilir enerji, iklim de\u011fi\u015fikli\u011fiyle m\u00fccadelede kritik bir rol oynarken, B\u00fcy\u00fck Britanya\u2019da 2025 y\u0131l\u0131nda elektrik \u00fcretiminde tarihi bir seviyeye ula\u015f\u0131ld\u0131. BBC taraf\u0131ndan yap\u0131lan analize g\u00f6re, Ulusal Enerji Sistem Operat\u00f6r\u00fc&#8216;n\u00fcn (Neso) ge\u00e7ici verileri, r\u00fczgar enerjisinin en b\u00fcy\u00fck tekil kaynak oldu\u011funu g\u00f6steriyor. G\u00fcne\u015f ve R\u00fczgar\u0131n Pay\u0131 Art\u0131yor G\u00fcne\u015f enerjisi \u00fcretimi, Birle\u015fik Krall\u0131k\u2019ta kaydedilen en g\u00fcne\u015fli y\u0131l\u0131n da etkisiyle 2024 seviyelerine g\u00f6re yakla\u015f\u0131k \u00fc\u00e7te bir oran\u0131nda art\u0131\u015f g\u00f6sterdi. \u00dclke genelinde g\u00fcne\u015f paneli kurulumlar\u0131n\u0131n yayg\u0131nla\u015fmas\u0131 da bu art\u0131\u015fta etkili oldu. 2025 y\u0131l\u0131nda r\u00fczgar, g\u00fcne\u015f, hidroelektrik ve biyok\u00fctle enerjisi toplamda 127 terawatt saat (TWh) elektrik \u00fcretti. Bu rakam, 2024\u2019teki 119 TWh seviyesini geride b\u0131rakt\u0131. R\u00fczgar enerjisi [&hellip;]<\/p>\n","protected":false},"author":11,"featured_media":34991,"comment_status":"open","ping_status":"open","sticky":false,"template":"","format":"standard","meta":{"ngg_post_thumbnail":0,"footnotes":""},"categories":[5269],"tags":[],"class_list":["post-34990","post","type-post","status-publish","format-standard","has-post-thumbnail","hentry","category-birlesik-krallik"],"_links":{"self":[{"href":"https:\/\/by-tv.co.uk\/en\/wp-json\/wp\/v2\/posts\/34990","targetHints":{"allow":["GET"]}}],"collection":[{"href":"https:\/\/by-tv.co.uk\/en\/wp-json\/wp\/v2\/posts"}],"about":[{"href":"https:\/\/by-tv.co.uk\/en\/wp-json\/wp\/v2\/types\/post"}],"author":[{"embeddable":true,"href":"https:\/\/by-tv.co.uk\/en\/wp-json\/wp\/v2\/users\/11"}],"replies":[{"embeddable":true,"href":"https:\/\/by-tv.co.uk\/en\/wp-json\/wp\/v2\/comments?post=34990"}],"version-history":[{"count":1,"href":"https:\/\/by-tv.co.uk\/en\/wp-json\/wp\/v2\/posts\/34990\/revisions"}],"predecessor-version":[{"id":34992,"href":"https:\/\/by-tv.co.uk\/en\/wp-json\/wp\/v2\/posts\/34990\/revisions\/34992"}],"wp:featuredmedia":[{"embeddable":true,"href":"https:\/\/by-tv.co.uk\/en\/wp-json\/wp\/v2\/media\/34991"}],"wp:attachment":[{"href":"https:\/\/by-tv.co.uk\/en\/wp-json\/wp\/v2\/media?parent=34990"}],"wp:term":[{"taxonomy":"category","embeddable":true,"href":"https:\/\/by-tv.co.uk\/en\/wp-json\/wp\/v2\/categories?post=34990"},{"taxonomy":"post_tag","embeddable":true,"href":"https:\/\/by-tv.co.uk\/en\/wp-json\/wp\/v2\/tags?post=34990"}],"curies":[{"name":"wp","href":"https:\/\/api.w.org\/{rel}","templated":true}]}}