{"id":34760,"date":"2025-12-26T13:19:00","date_gmt":"2025-12-26T13:19:00","guid":{"rendered":"https:\/\/by-tv.co.uk\/?p=34760"},"modified":"2025-12-26T13:19:00","modified_gmt":"2025-12-26T13:19:00","slug":"ingilterenin-yeni-sehir-planina-uzmanlardan-elestiri","status":"publish","type":"post","link":"https:\/\/by-tv.co.uk\/en\/ingilterenin-yeni-sehir-planina-uzmanlardan-elestiri\/","title":{"rendered":"\u0130ngiltere\u2019nin Yeni \u015eehir Plan\u0131na Uzmanlardan Ele\u015ftiri"},"content":{"rendered":"<div id=\"model-response-message-contentr_1634264260d4beae\" class=\"markdown markdown-main-panel enable-updated-hr-color\" dir=\"ltr\" aria-live=\"polite\" aria-busy=\"false\">\n<p data-path-to-node=\"1\">\u0130ngiltere\u2019nin sava\u015f sonras\u0131 d\u00f6nemde in\u015fa edilen yeni \u015fehirlerinin planlanmas\u0131nda g\u00f6rev alan k\u0131demli uzmanlar, h\u00fck\u00fcmetin a\u00e7\u0131klad\u0131\u011f\u0131 yeni \u015fehirler program\u0131na y\u00f6nelik endi\u015felerini dile getirdi. Uzmanlar, projeyi h\u0131rs eksikli\u011fi ve sosyal konutlara yeterli taahh\u00fcd\u00fcn verilmemesi nedeniyle ele\u015ftiriyor.<\/p>\n<p data-path-to-node=\"2\">The Guardian\u2019\u0131n haberine g\u00f6re, 1970\u2019lerde <b data-path-to-node=\"2\" data-index-in-node=\"42\">Milton Keynes Kalk\u0131nma \u015eirketi<\/b> (MKDC) Planlama Direkt\u00f6r\u00fc olarak g\u00f6rev yapan <b data-path-to-node=\"2\" data-index-in-node=\"118\">Lee Shostak<\/b>, mevcut plan\u0131n konuta en \u00e7ok ihtiya\u00e7 duyan kesimlere yard\u0131mc\u0131 olamayabilece\u011fini belirtti.<\/p>\n<h4 data-path-to-node=\"3\"><b data-path-to-node=\"3\" data-index-in-node=\"0\">Sosyal Konut Vizyonu ve Bar\u0131nma Krizi<\/b><\/h4>\n<p data-path-to-node=\"4\">Shostak, Milton Keynes&#8217;in geni\u015f bir belediye konutu stoku ile Londra&#8217;daki bar\u0131nma y\u00fck\u00fcn\u00fc hafifletmek i\u00e7in \u00f6zel olarak tasarland\u0131\u011f\u0131n\u0131 hat\u0131rlatt\u0131. Ancak mevcut planda yer alan yeni \u015fehirlerin, b\u00fcy\u00fck \u015fehirlerdeki sosyal konut bekleme listelerini azaltma konusunda yetersiz kalabilece\u011fi uyar\u0131s\u0131nda bulundu.<\/p><div id=\"briti-1557317385\" class=\"briti-icerik\" style=\"margin-top: 5px;margin-bottom: 5px;\"><a href=\"https:\/\/piaryum.com\/services\/\" aria-label=\"piaryum banner\"><img loading=\"lazy\" decoding=\"async\" src=\"https:\/\/by-tv.co.uk\/wp-content\/uploads\/2025\/12\/Gemini_Generated_Image_g5yqr1g5yqr1g5yq.jpg\" alt=\"\"  width=\"2064\" height=\"1152\"   \/><\/a><\/div>\n<p data-path-to-node=\"5\">H\u00fck\u00fcmetin a\u00e7\u0131klad\u0131\u011f\u0131 planda evlerin <b data-path-to-node=\"5\" data-index-in-node=\"36\">y\u00fczde 40\u2019\u0131n\u0131n<\/b> &#8220;eri\u015filebilir konut&#8221; (affordable housing) olmas\u0131 hedefleniyor. Ancak Shostak, bunun b\u00fcy\u00fck k\u0131sm\u0131n\u0131n sosyal konut olmayaca\u011f\u0131na dikkat \u00e7ekerek, &#8220;Bu evlerin Londra veya di\u011fer kentsel alanlardan ta\u015f\u0131nan insanlar i\u00e7in uygun olaca\u011f\u0131na dair hi\u00e7bir g\u00f6sterge yok&#8221; ifadelerini kulland\u0131.<\/p>\n<p data-path-to-node=\"6\">Shostak ele\u015ftirisini \u015fu soruyla derinle\u015ftirdi: &#8220;E\u011fer sat\u0131n almaya g\u00fcc\u00fcn\u00fcz yetmiyorsa, yeni bir \u015fehre ta\u015f\u0131nabilecek misiniz? Orijinal yeni \u015fehir program\u0131n\u0131 ba\u015flatan temel ve basit \u00f6nerme bug\u00fcn takip edilmiyor.&#8221;<\/p>\n<h4 data-path-to-node=\"7\"><b data-path-to-node=\"7\" data-index-in-node=\"0\">Projenin \u00d6l\u00e7e\u011fi ve Liderlik Endi\u015fesi<\/b><\/h4>\n<p data-path-to-node=\"8\">Eyl\u00fcl ay\u0131nda h\u00fck\u00fcmetin yeni \u015fehirler g\u00f6rev g\u00fcc\u00fc, Ba\u015fbakan <b data-path-to-node=\"8\" data-index-in-node=\"58\">Keir Starmer<\/b>&#8216;\u0131n 1,5 milyon konut in\u015fa etme taahh\u00fcd\u00fc kapsam\u0131nda 12 potansiyel lokasyon belirlemi\u015fti. Starmer, bu parlamento d\u00f6neminde en az \u00fc\u00e7 yeni \u015fehrin in\u015fas\u0131na ba\u015flamay\u0131 hedefliyor.<\/p>\n<p data-path-to-node=\"9\">Ancak uzmanlar, \u00f6nerilen alanlar\u0131n hi\u00e7birinin Milton Keynes veya di\u011fer b\u00fcy\u00fck yeni \u015fehirlerin \u00f6l\u00e7e\u011finde olmad\u0131\u011f\u0131n\u0131 vurguluyor. Shostak, &#8220;D\u00f6rd\u00fcnc\u00fc nesil yeni \u015fehirler olarak belirlenen alanlar\u0131n \u00e7o\u011fu asl\u0131nda ba\u011f\u0131ms\u0131z \u015fehirler de\u011fil; mevcut topluluklar\u0131n m\u00fctevaz\u0131 geni\u015flemeleri veya yenileme projeleridir&#8221; dedi.<\/p>\n<p data-path-to-node=\"10\">1980\u2019de MKDC&#8217;nin planlama direkt\u00f6r\u00fc olan <b data-path-to-node=\"10\" data-index-in-node=\"41\">John Walker<\/b> da projenin yeterince iddial\u0131 olmad\u0131\u011f\u0131 g\u00f6r\u00fc\u015f\u00fcnde. Walker, &#8220;Yeterli olaca\u011f\u0131n\u0131 sanm\u0131yorum ve insanlar\u0131n g\u00f6rmek istedi\u011fi sonu\u00e7lar\u0131 \u00fcretip \u00fcretmeyece\u011fi konusunda \u015f\u00fcpheliyim&#8221; de\u011ferlendirmesinde bulundu.<\/p>\n<h4 data-path-to-node=\"11\"><b data-path-to-node=\"11\" data-index-in-node=\"0\">Yasal Yetkiler ve Yerel Tepkiler<\/b><\/h4>\n<p data-path-to-node=\"12\">Her iki uzman da ba\u015far\u0131n\u0131n anahtar\u0131n\u0131n, arazi m\u00fclkiyeti ve planlama yetkilerine sahip, h\u00fck\u00fcmet destekli yeni \u015fehir \u015firketlerinin kurulmas\u0131 oldu\u011funu belirtti. Milton Keynes&#8217;in ba\u015far\u0131s\u0131n\u0131n sadece iyi bir lokasyon olmas\u0131ndan de\u011fil, kuruma verilen yetki ve kaynaklardan kaynakland\u0131\u011f\u0131na dikkat \u00e7ekildi.<\/p>\n<p data-path-to-node=\"13\">\u00d6te yandan, belirlenen baz\u0131 lokasyonlarda yerel halk\u0131n tepkisi b\u00fcy\u00fcyor. <b data-path-to-node=\"13\" data-index-in-node=\"72\">Cheshire<\/b> b\u00f6lgesindeki Adlington k\u00f6y\u00fcnde, 20.000 yeni konutluk ba\u011f\u0131ms\u0131z bir kalk\u0131nma projesi \u00f6nerisi yerel sakinlerin \u00f6fkesine neden oldu.<\/p>\n<p data-path-to-node=\"14\"><b data-path-to-node=\"14\" data-index-in-node=\"0\">Cheshire East Konseyi<\/b> projeye resmen kar\u015f\u0131 \u00e7\u0131karken, kom\u015fu Stockport Konseyi Lideri <b data-path-to-node=\"14\" data-index-in-node=\"84\">Mark Roberts<\/b>, s\u00fcreci &#8220;Westminster&#8217;daki bir toplant\u0131 odas\u0131nda birinin haritaya dart atmas\u0131na&#8221; benzetti.<\/p>\n<p data-path-to-node=\"15\">Konuya ili\u015fkin a\u00e7\u0131klama yapan <b data-path-to-node=\"15\" data-index-in-node=\"30\">Konut, Topluluklar ve Yerel Y\u00f6netimler Bakanl\u0131\u011f\u0131<\/b> s\u00f6zc\u00fcs\u00fc ise ele\u015ftirileri reddetti. S\u00f6zc\u00fc, &#8220;Yeni \u015fehirlerimizdeki evlerin <b data-path-to-node=\"15\" data-index-in-node=\"152\">y\u00fczde 40\u2019\u0131n\u0131n<\/b> eri\u015filebilir konut olmas\u0131 tavsiyesini memnuniyetle kar\u015f\u0131l\u0131yoruz. Program\u0131m\u0131z \u00fclke genelindeki aileler i\u00e7in ev sahipli\u011fi hayalini geri getirecek&#8221; dedi.<\/p>\n<\/div>\n<div id=\"briti-772246110\" class=\"briti-icerikten-sonra_2\" style=\"margin-top: 25px;margin-bottom: 25px;\"><a href=\"https:\/\/wa.me\/message\/NDZLLIOQT4H3O1\" aria-label=\"bytv reklam banner\"><img loading=\"lazy\" decoding=\"async\" src=\"https:\/\/by-tv.co.uk\/wp-content\/uploads\/2025\/12\/bytv-reklam-banner.jpg\" alt=\"\"  width=\"2376\" height=\"1008\"   \/><\/a><\/div>","protected":false},"excerpt":{"rendered":"<p>\u0130ngiltere\u2019nin sava\u015f sonras\u0131 d\u00f6nemde in\u015fa edilen yeni \u015fehirlerinin planlanmas\u0131nda g\u00f6rev alan k\u0131demli uzmanlar, h\u00fck\u00fcmetin a\u00e7\u0131klad\u0131\u011f\u0131 yeni \u015fehirler program\u0131na y\u00f6nelik endi\u015felerini dile getirdi. Uzmanlar, projeyi h\u0131rs eksikli\u011fi ve sosyal konutlara yeterli taahh\u00fcd\u00fcn verilmemesi nedeniyle ele\u015ftiriyor. The Guardian\u2019\u0131n haberine g\u00f6re, 1970\u2019lerde Milton Keynes Kalk\u0131nma \u015eirketi (MKDC) Planlama Direkt\u00f6r\u00fc olarak g\u00f6rev yapan Lee Shostak, mevcut plan\u0131n konuta en \u00e7ok ihtiya\u00e7 duyan kesimlere yard\u0131mc\u0131 olamayabilece\u011fini belirtti. Sosyal Konut Vizyonu ve Bar\u0131nma Krizi Shostak, Milton Keynes&#8217;in geni\u015f bir belediye konutu stoku ile Londra&#8217;daki bar\u0131nma y\u00fck\u00fcn\u00fc hafifletmek i\u00e7in \u00f6zel olarak tasarland\u0131\u011f\u0131n\u0131 hat\u0131rlatt\u0131. Ancak mevcut planda yer alan yeni \u015fehirlerin, b\u00fcy\u00fck \u015fehirlerdeki sosyal konut bekleme listelerini azaltma [&hellip;]<\/p>\n","protected":false},"author":11,"featured_media":34761,"comment_status":"open","ping_status":"open","sticky":false,"template":"","format":"standard","meta":{"ngg_post_thumbnail":0,"footnotes":""},"categories":[15],"tags":[],"class_list":["post-34760","post","type-post","status-publish","format-standard","has-post-thumbnail","hentry","category-ingiltere"],"_links":{"self":[{"href":"https:\/\/by-tv.co.uk\/en\/wp-json\/wp\/v2\/posts\/34760","targetHints":{"allow":["GET"]}}],"collection":[{"href":"https:\/\/by-tv.co.uk\/en\/wp-json\/wp\/v2\/posts"}],"about":[{"href":"https:\/\/by-tv.co.uk\/en\/wp-json\/wp\/v2\/types\/post"}],"author":[{"embeddable":true,"href":"https:\/\/by-tv.co.uk\/en\/wp-json\/wp\/v2\/users\/11"}],"replies":[{"embeddable":true,"href":"https:\/\/by-tv.co.uk\/en\/wp-json\/wp\/v2\/comments?post=34760"}],"version-history":[{"count":1,"href":"https:\/\/by-tv.co.uk\/en\/wp-json\/wp\/v2\/posts\/34760\/revisions"}],"predecessor-version":[{"id":34762,"href":"https:\/\/by-tv.co.uk\/en\/wp-json\/wp\/v2\/posts\/34760\/revisions\/34762"}],"wp:featuredmedia":[{"embeddable":true,"href":"https:\/\/by-tv.co.uk\/en\/wp-json\/wp\/v2\/media\/34761"}],"wp:attachment":[{"href":"https:\/\/by-tv.co.uk\/en\/wp-json\/wp\/v2\/media?parent=34760"}],"wp:term":[{"taxonomy":"category","embeddable":true,"href":"https:\/\/by-tv.co.uk\/en\/wp-json\/wp\/v2\/categories?post=34760"},{"taxonomy":"post_tag","embeddable":true,"href":"https:\/\/by-tv.co.uk\/en\/wp-json\/wp\/v2\/tags?post=34760"}],"curies":[{"name":"wp","href":"https:\/\/api.w.org\/{rel}","templated":true}]}}