{"id":34757,"date":"2025-12-26T13:12:24","date_gmt":"2025-12-26T13:12:24","guid":{"rendered":"https:\/\/by-tv.co.uk\/?p=34757"},"modified":"2025-12-26T13:12:24","modified_gmt":"2025-12-26T13:12:24","slug":"ingiliz-sirketleri-maas-tartismalarini-artik-gizleyebilecek","status":"publish","type":"post","link":"https:\/\/by-tv.co.uk\/en\/ingiliz-sirketleri-maas-tartismalarini-artik-gizleyebilecek\/","title":{"rendered":"\u0130ngiliz \u015firketleri maa\u015f tart\u0131\u015fmalar\u0131n\u0131 art\u0131k gizleyebilecek"},"content":{"rendered":"<div id=\"model-response-message-contentr_1af37664b5eb5aa5\" class=\"markdown markdown-main-panel enable-updated-hr-color\" dir=\"ltr\" aria-live=\"polite\" aria-busy=\"false\">\n<p data-path-to-node=\"1\">Birle\u015fik Krall\u0131k\u2019ta halka a\u00e7\u0131k \u015firketler, sekiz y\u0131l aradan sonra ilk kez y\u00f6netici maa\u015flar\u0131na ili\u015fkin tart\u0131\u015fmalar\u0131 kamuoyunun g\u00f6z\u00fcnden uzak tutabilecek. Bir d\u00fc\u015f\u00fcnce kurulu\u015fu, \u0130\u015f\u00e7i Partisi h\u00fck\u00fcmetinin y\u00f6netim kurullar\u0131ndaki &#8220;suistimal ve a\u015f\u0131r\u0131l\u0131klar\u0131&#8221; frenlemeyi ama\u00e7layan kamuya a\u00e7\u0131k takip sistemini kapatmas\u0131n\u0131n ard\u0131ndan uyar\u0131larda bulundu.<\/p>\n<p data-path-to-node=\"2\"><b data-path-to-node=\"2\" data-index-in-node=\"0\">The Guardian<\/b>\u2019\u0131n haberine g\u00f6re, s\u00f6z konusu sicil 2017 y\u0131l\u0131nda d\u00f6nemin Ba\u015fbakan\u0131 <b data-path-to-node=\"2\" data-index-in-node=\"79\">Theresa May<\/b> y\u00f6netiminde, y\u0131ll\u0131k genel kurullarda (AGM) hissedar isyanlar\u0131yla kar\u015f\u0131la\u015fan \u015firketleri if\u015fa etmek amac\u0131yla kurulmu\u015ftu. Bu sistem, \u00fcst d\u00fczey y\u00f6neticilere yap\u0131lan a\u015f\u0131r\u0131 ikramiye \u00f6demeleri veya maa\u015f art\u0131\u015flar\u0131 gibi konulardaki itirazlar\u0131 kay\u0131t alt\u0131na al\u0131yordu.<\/p>\n<h4 data-path-to-node=\"3\"><b data-path-to-node=\"3\" data-index-in-node=\"0\">Hazine b\u00fcrokrasiyi azaltmak i\u00e7in sicili kapatt\u0131<\/b><\/h4>\n<p data-path-to-node=\"4\">Maliye Bakan\u0131 <b data-path-to-node=\"4\" data-index-in-node=\"14\">Rachel Reeves<\/b> y\u00f6netimindeki Hazine, ekonomik b\u00fcy\u00fcmeyi art\u0131rmak ve i\u015fletmeler \u00fczerindeki &#8220;b\u00fcrokrasiyi&#8221; azaltmak amac\u0131yla <b data-path-to-node=\"4\" data-index-in-node=\"134\">Yat\u0131r\u0131m Birli\u011fi<\/b>&#8216;ne (IA) sicili bu sonbaharda kapatma talimat\u0131 verdi.<\/p><div id=\"briti-3237630639\" class=\"briti-icerik\" style=\"margin-top: 5px;margin-bottom: 5px;\"><a href=\"https:\/\/piaryum.com\/services\/\" aria-label=\"piaryum banner\"><img loading=\"lazy\" decoding=\"async\" src=\"https:\/\/by-tv.co.uk\/wp-content\/uploads\/2025\/12\/Gemini_Generated_Image_g5yqr1g5yqr1g5yq.jpg\" alt=\"\"  width=\"2064\" height=\"1152\"   \/><\/a><\/div>\n<p data-path-to-node=\"5\">Kay\u0131tlar\u0131n kapat\u0131lmas\u0131 karar\u0131, <b data-path-to-node=\"5\" data-index-in-node=\"31\">Londra Menkul K\u0131ymetler Borsas\u0131<\/b> da dahil olmak \u00fczere \u00e7e\u015fitli \u015firketlerin y\u00fcr\u00fctt\u00fc\u011f\u00fc lobi faaliyetlerini takip etti. Bu \u015firketlerin y\u00f6neticileri, y\u00f6netici maa\u015flar\u0131na ili\u015fkin olumsuz tan\u0131t\u0131mlar\u0131n <b data-path-to-node=\"5\" data-index-in-node=\"224\">City<\/b>&#8216;nin rekabet g\u00fcc\u00fcne zarar verdi\u011fini ve \u0130ngiltere&#8217;deki listelemeleri cayd\u0131rd\u0131\u011f\u0131n\u0131 iddia ediyordu.<\/p>\n<h4 data-path-to-node=\"6\"><b data-path-to-node=\"6\" data-index-in-node=\"0\">\u015eeffafl\u0131k ve y\u00f6neti\u015fim konusunda endi\u015feler art\u0131yor<\/b><\/h4>\n<p data-path-to-node=\"7\">Ancak d\u00fc\u015f\u00fcnce kurulu\u015fu <b data-path-to-node=\"7\" data-index-in-node=\"23\">High Pay Centre<\/b>, bu hamlenin \u015feffafl\u0131\u011fa zarar verece\u011fi konusunda uyar\u0131yor. Kurulu\u015fa g\u00f6re bu durum, <b data-path-to-node=\"7\" data-index-in-node=\"122\">FTSE All-Share Endeksi<\/b>&#8216;nde yer alan \u015firketlerin, 2026 y\u0131ll\u0131k hissedar toplant\u0131lar\u0131 sezonundan itibaren yat\u0131r\u0131mc\u0131 endi\u015felerini g\u00f6rmezden gelmesini kolayla\u015ft\u0131racak.<\/p>\n<p data-path-to-node=\"8\">Kurumun ara\u015ft\u0131rmac\u0131s\u0131 <b data-path-to-node=\"8\" data-index-in-node=\"22\">Paddy Goffey<\/b>, durumu &#8220;endi\u015fe verici&#8221; olarak nitelendirerek, &#8220;Bu durum, maa\u015f, y\u00f6neti\u015fim ve daha geni\u015f strateji konular\u0131ndaki \u00f6nemli hissedar muhalefeti vakalar\u0131n\u0131n g\u00f6zden ka\u00e7mas\u0131n\u0131 daha muhtemel hale getirecek&#8221; ifadelerini kulland\u0131.<\/p>\n<h4 data-path-to-node=\"9\"><b data-path-to-node=\"9\" data-index-in-node=\"0\">\u015eirketlerin %26\u2019s\u0131 hissedar isyan\u0131yla kar\u015f\u0131la\u015ft\u0131<\/b><\/h4>\n<p data-path-to-node=\"10\">Son \u00fc\u00e7 y\u0131lda <b data-path-to-node=\"10\" data-index-in-node=\"13\">FTSE 100<\/b> \u015firketlerinin yakla\u015f\u0131k <b data-path-to-node=\"10\" data-index-in-node=\"45\">%26<\/b>&#8216;s\u0131 y\u00f6netici maa\u015flar\u0131 konusunda hissedar isyan\u0131yla kar\u015f\u0131 kar\u015f\u0131ya kald\u0131. Bir oylamada <b data-path-to-node=\"10\" data-index-in-node=\"133\">%20<\/b> veya daha fazla ret oyu verilmesi, sekt\u00f6rde &#8220;hissedar isyan\u0131&#8221; olarak kabul ediliyor.<\/p>\n<p data-path-to-node=\"11\">Karar\u0131n b\u00fcy\u00fck kurumsal yat\u0131r\u0131mc\u0131lar\u0131 \u00e7ok etkilemeyece\u011fi belirtilse de, h\u00fck\u00fcmetin halk\u0131 hisse senedi almaya te\u015fvik etti\u011fi bir d\u00f6nemde, k\u00fc\u00e7\u00fck bireysel yat\u0131r\u0131mc\u0131lar\u0131n dezavantajl\u0131 duruma d\u00fc\u015febilece\u011fi korkusu hakim. <b data-path-to-node=\"11\" data-index-in-node=\"212\">Goffey<\/b>, &#8220;\u015eirket uygulamalar\u0131ndaki \u015feffafl\u0131\u011f\u0131n azalmas\u0131, yat\u0131r\u0131mc\u0131lar\u0131n bilin\u00e7li kararlar alma yetene\u011fini zay\u0131flatabilir&#8221; de\u011ferlendirmesinde bulundu.<\/p>\n<\/div>\n<div id=\"briti-461057335\" class=\"briti-icerikten-sonra_2\" style=\"margin-top: 25px;margin-bottom: 25px;\"><a href=\"https:\/\/wa.me\/message\/NDZLLIOQT4H3O1\" aria-label=\"bytv reklam banner\"><img loading=\"lazy\" decoding=\"async\" src=\"https:\/\/by-tv.co.uk\/wp-content\/uploads\/2025\/12\/bytv-reklam-banner.jpg\" alt=\"\"  width=\"2376\" height=\"1008\"   \/><\/a><\/div>","protected":false},"excerpt":{"rendered":"<p>Birle\u015fik Krall\u0131k\u2019ta halka a\u00e7\u0131k \u015firketler, sekiz y\u0131l aradan sonra ilk kez y\u00f6netici maa\u015flar\u0131na ili\u015fkin tart\u0131\u015fmalar\u0131 kamuoyunun g\u00f6z\u00fcnden uzak tutabilecek. Bir d\u00fc\u015f\u00fcnce kurulu\u015fu, \u0130\u015f\u00e7i Partisi h\u00fck\u00fcmetinin y\u00f6netim kurullar\u0131ndaki &#8220;suistimal ve a\u015f\u0131r\u0131l\u0131klar\u0131&#8221; frenlemeyi ama\u00e7layan kamuya a\u00e7\u0131k takip sistemini kapatmas\u0131n\u0131n ard\u0131ndan uyar\u0131larda bulundu. The Guardian\u2019\u0131n haberine g\u00f6re, s\u00f6z konusu sicil 2017 y\u0131l\u0131nda d\u00f6nemin Ba\u015fbakan\u0131 Theresa May y\u00f6netiminde, y\u0131ll\u0131k genel kurullarda (AGM) hissedar isyanlar\u0131yla kar\u015f\u0131la\u015fan \u015firketleri if\u015fa etmek amac\u0131yla kurulmu\u015ftu. Bu sistem, \u00fcst d\u00fczey y\u00f6neticilere yap\u0131lan a\u015f\u0131r\u0131 ikramiye \u00f6demeleri veya maa\u015f art\u0131\u015flar\u0131 gibi konulardaki itirazlar\u0131 kay\u0131t alt\u0131na al\u0131yordu. Hazine b\u00fcrokrasiyi azaltmak i\u00e7in sicili kapatt\u0131 Maliye Bakan\u0131 Rachel Reeves y\u00f6netimindeki Hazine, ekonomik b\u00fcy\u00fcmeyi art\u0131rmak ve [&hellip;]<\/p>\n","protected":false},"author":11,"featured_media":34627,"comment_status":"open","ping_status":"open","sticky":false,"template":"","format":"standard","meta":{"ngg_post_thumbnail":0,"footnotes":""},"categories":[5269],"tags":[],"class_list":["post-34757","post","type-post","status-publish","format-standard","has-post-thumbnail","hentry","category-birlesik-krallik"],"_links":{"self":[{"href":"https:\/\/by-tv.co.uk\/en\/wp-json\/wp\/v2\/posts\/34757","targetHints":{"allow":["GET"]}}],"collection":[{"href":"https:\/\/by-tv.co.uk\/en\/wp-json\/wp\/v2\/posts"}],"about":[{"href":"https:\/\/by-tv.co.uk\/en\/wp-json\/wp\/v2\/types\/post"}],"author":[{"embeddable":true,"href":"https:\/\/by-tv.co.uk\/en\/wp-json\/wp\/v2\/users\/11"}],"replies":[{"embeddable":true,"href":"https:\/\/by-tv.co.uk\/en\/wp-json\/wp\/v2\/comments?post=34757"}],"version-history":[{"count":2,"href":"https:\/\/by-tv.co.uk\/en\/wp-json\/wp\/v2\/posts\/34757\/revisions"}],"predecessor-version":[{"id":34759,"href":"https:\/\/by-tv.co.uk\/en\/wp-json\/wp\/v2\/posts\/34757\/revisions\/34759"}],"wp:featuredmedia":[{"embeddable":true,"href":"https:\/\/by-tv.co.uk\/en\/wp-json\/wp\/v2\/media\/34627"}],"wp:attachment":[{"href":"https:\/\/by-tv.co.uk\/en\/wp-json\/wp\/v2\/media?parent=34757"}],"wp:term":[{"taxonomy":"category","embeddable":true,"href":"https:\/\/by-tv.co.uk\/en\/wp-json\/wp\/v2\/categories?post=34757"},{"taxonomy":"post_tag","embeddable":true,"href":"https:\/\/by-tv.co.uk\/en\/wp-json\/wp\/v2\/tags?post=34757"}],"curies":[{"name":"wp","href":"https:\/\/api.w.org\/{rel}","templated":true}]}}