{"id":34753,"date":"2025-12-26T13:01:46","date_gmt":"2025-12-26T13:01:46","guid":{"rendered":"https:\/\/by-tv.co.uk\/?p=34753"},"modified":"2025-12-26T13:01:46","modified_gmt":"2025-12-26T13:01:46","slug":"ingilterede-ortak-ebeveyn-izni-beklenen-ilgiyi-gormedi","status":"publish","type":"post","link":"https:\/\/by-tv.co.uk\/en\/ingilterede-ortak-ebeveyn-izni-beklenen-ilgiyi-gormedi\/","title":{"rendered":"\u0130ngiltere\u2019de Ortak Ebeveyn \u0130zni Beklenen \u0130lgiyi G\u00f6rmedi"},"content":{"rendered":"<div id=\"model-response-message-contentr_fe5d8801b0d08a3b\" class=\"markdown markdown-main-panel enable-updated-hr-color\" dir=\"ltr\" aria-live=\"polite\" aria-busy=\"false\">\n<p data-path-to-node=\"1\">Uzmanlar, \u0130ngiltere&#8217;de ebeveyn haklar\u0131 konusunda kaydedilen ilerlemeyi <b data-path-to-node=\"1\" data-index-in-node=\"71\">&#8220;kay\u0131p on y\u0131l&#8221;<\/b> olarak nitelendiriyor. Yap\u0131lan son ara\u015ft\u0131rmalar, kamu sekt\u00f6r\u00fc \u00e7al\u0131\u015fanlar\u0131n\u0131n \u00e7ok k\u00fc\u00e7\u00fck bir k\u0131sm\u0131n\u0131n bebekleri oldu\u011funda izni partnerleriyle payla\u015ft\u0131\u011f\u0131n\u0131 ortaya koydu.<\/p>\n<p data-path-to-node=\"2\"><b data-path-to-node=\"2\" data-index-in-node=\"0\">The Guardian\u2019\u0131n haberine g\u00f6re<\/b>, \u00fclkenin en b\u00fcy\u00fck kamu i\u015fverenlerindeki her 64 ebeveyn izni talebinden yaln\u0131zca biri ortak ebeveyn izni (SPL) i\u00e7in yap\u0131ld\u0131.<\/p>\n<p data-path-to-node=\"3\">2015 y\u0131l\u0131nda hayata ge\u00e7irilen bu politika, ebeveynlere <b data-path-to-node=\"3\" data-index-in-node=\"55\">52 haftaya kadar<\/b> izni payla\u015fma ve bunun <b data-path-to-node=\"3\" data-index-in-node=\"95\">39 haftas\u0131n\u0131<\/b> yasal \u00f6deme kapsam\u0131nda kullanma hakk\u0131 tan\u0131yor. Ancak uygulaman\u0131n mimarlar\u0131, sistemin vaat etti\u011fi &#8220;k\u00fclt\u00fcrel de\u011fi\u015fimi&#8221; sa\u011flayamad\u0131\u011f\u0131n\u0131 ve daha cesur \u00f6nlemlere ihtiya\u00e7 duyuldu\u011funu belirtiyor.<\/p><div id=\"briti-2324888109\" class=\"briti-icerik\" style=\"margin-top: 5px;margin-bottom: 5px;\"><a href=\"https:\/\/piaryum.com\/services\/\" aria-label=\"piaryum banner\"><img loading=\"lazy\" decoding=\"async\" src=\"https:\/\/by-tv.co.uk\/wp-content\/uploads\/2025\/12\/Gemini_Generated_Image_g5yqr1g5yqr1g5yq.jpg\" alt=\"\"  width=\"2064\" height=\"1152\"   \/><\/a><\/div>\n<h4 data-path-to-node=\"4\"><b data-path-to-node=\"4\" data-index-in-node=\"0\">Kamu Sekt\u00f6r\u00fcnde D\u00fc\u015f\u00fck Kat\u0131l\u0131m Oran\u0131<\/b><\/h4>\n<p data-path-to-node=\"5\">Bilgi edinme \u00f6zg\u00fcrl\u00fc\u011f\u00fc kapsam\u0131nda elde edilen veriler, son be\u015f y\u0131lda kamu sekt\u00f6r\u00fcndeki ebeveyn izni taleplerinin sadece <b data-path-to-node=\"5\" data-index-in-node=\"120\">%1,55<\/b>&#8216;inin ortak payla\u015f\u0131m i\u00e7erdi\u011fini g\u00f6steriyor.<\/p>\n<p data-path-to-node=\"6\"><b data-path-to-node=\"6\" data-index-in-node=\"0\">NHS England<\/b>, <b data-path-to-node=\"6\" data-index-in-node=\"13\">HMRC<\/b>, <b data-path-to-node=\"6\" data-index-in-node=\"19\">Adalet Bakanl\u0131\u011f\u0131<\/b> ve <b data-path-to-node=\"6\" data-index-in-node=\"39\">\u00c7al\u0131\u015fma ve Emeklilik Bakanl\u0131\u011f\u0131<\/b> b\u00fcnyesinde 2020-2025 y\u0131llar\u0131 aras\u0131nda yap\u0131lan toplam 274.755 izin ba\u015fvurusundan yaln\u0131zca 4.264&#8217;\u00fc ortak izin stat\u00fcs\u00fcndeydi.<\/p>\n<p data-path-to-node=\"7\">Politikay\u0131 2015 y\u0131l\u0131nda hayata ge\u00e7iren eski Liberal Demokrat lider <b data-path-to-node=\"7\" data-index-in-node=\"67\">Jo Swinson<\/b>, kamu kurumlar\u0131ndaki d\u00fc\u015f\u00fck kat\u0131l\u0131m oran\u0131n\u0131 &#8220;hayal k\u0131r\u0131kl\u0131\u011f\u0131&#8221; olarak nitelendirdi. Swinson, politikan\u0131n potansiyeline ula\u015famamas\u0131n\u0131n k\u0131smen \u00f6nceki h\u00fck\u00fcmetlerin yeterli deste\u011fi vermemesinden kaynakland\u0131\u011f\u0131n\u0131 ifade etti.<\/p>\n<h4 data-path-to-node=\"8\"><b data-path-to-node=\"8\" data-index-in-node=\"0\">Gelir D\u00fczeyi ve B\u00f6lgesel Farkl\u0131l\u0131klar<\/b><\/h4>\n<p data-path-to-node=\"9\">Veriler, ortak ebeveyn izninin b\u00fcy\u00fck \u00f6l\u00e7\u00fcde \u0130ngiltere&#8217;nin g\u00fcneydo\u011fusunda yo\u011funla\u015fan y\u00fcksek gelirli \u00e7al\u0131\u015fanlar taraf\u0131ndan kullan\u0131ld\u0131\u011f\u0131n\u0131 g\u00f6steriyor.<\/p>\n<p data-path-to-node=\"10\"><b data-path-to-node=\"10\" data-index-in-node=\"0\">The Dad Shift<\/b> kampanya grubunun <b data-path-to-node=\"10\" data-index-in-node=\"32\">HMRC<\/b> verileri \u00fczerinde yapt\u0131\u011f\u0131 analize g\u00f6re, 2024-25 y\u0131llar\u0131nda ortak izin kullanan babalar\u0131n <b data-path-to-node=\"10\" data-index-in-node=\"126\">%95&#8217;i<\/b>, y\u0131ll\u0131k ortalama <b data-path-to-node=\"10\" data-index-in-node=\"149\">37.800 Sterlin<\/b> \u00fczerinde kazanan en y\u00fcksek gelir grubunda yer al\u0131yor.<\/p>\n<p data-path-to-node=\"11\">D\u00fc\u015f\u00fck ve orta gelirli babalar\u0131n izin kullan\u0131m oranlar\u0131nda ise istikrarl\u0131 bir d\u00fc\u015f\u00fc\u015f g\u00f6zlemlendi. 2015 y\u0131l\u0131nda her 10 talepten biri bu gruptan gelirken, g\u00fcn\u00fcm\u00fczde bu oran <b data-path-to-node=\"11\" data-index-in-node=\"169\">20&#8217;de 1&#8217;e<\/b> gerilemi\u015f durumda. Kampanya grubu kurucu orta\u011f\u0131 <b data-path-to-node=\"11\" data-index-in-node=\"227\">George Gabriel<\/b>, sistemin &#8220;net bir s\u0131n\u0131f meselesi&#8221; haline geldi\u011fini savundu.<\/p>\n<h4 data-path-to-node=\"12\"><b data-path-to-node=\"12\" data-index-in-node=\"0\">H\u00fck\u00fcmetten \u0130nceleme ve Reform Sinyali<\/b><\/h4>\n<p data-path-to-node=\"13\">Mevcut \u0130\u015f\u00e7i Partisi h\u00fck\u00fcmeti, Temmuz ay\u0131nda ebeveyn izni sistemine y\u00f6nelik <b data-path-to-node=\"13\" data-index-in-node=\"75\">18 ayl\u0131k bir inceleme<\/b> ba\u015flatt\u0131. \u0130stihdam Haklar\u0131ndan Sorumlu Bakan <b data-path-to-node=\"13\" data-index-in-node=\"142\">Kate Dearden<\/b>, mevcut sistemin iyile\u015ftirilmesi gerekti\u011fini kabul ederek, babal\u0131k iznini i\u015fe ba\u015flanan ilk g\u00fcnden itibaren ge\u00e7erli bir hak haline getirecek yasa tasar\u0131s\u0131na i\u015faret etti.<\/p>\n<p data-path-to-node=\"14\"><b data-path-to-node=\"14\" data-index-in-node=\"0\">Baroness JoJo Penn<\/b> ise mevcut tablonun de\u011fi\u015fmesi i\u00e7in h\u00fck\u00fcmetin inceleme s\u00fcrecini beklemeden harekete ge\u00e7mesi gerekti\u011fini vurgulayarak, &#8220;De\u011fi\u015fim ihtiyac\u0131 \u00e7ok a\u00e7\u0131k, inceleme i\u00e7in bir y\u0131l daha bekleyip sonunda ger\u00e7ek bir de\u011fi\u015fim g\u00f6rememekten endi\u015fe ediyorum&#8221; ifadelerini kulland\u0131.<\/p>\n<\/div>\n<div id=\"briti-1334823734\" class=\"briti-icerikten-sonra_2\" style=\"margin-top: 25px;margin-bottom: 25px;\"><a href=\"https:\/\/wa.me\/message\/NDZLLIOQT4H3O1\" aria-label=\"bytv reklam banner\"><img loading=\"lazy\" decoding=\"async\" src=\"https:\/\/by-tv.co.uk\/wp-content\/uploads\/2025\/12\/bytv-reklam-banner.jpg\" alt=\"\"  width=\"2376\" height=\"1008\"   \/><\/a><\/div>","protected":false},"excerpt":{"rendered":"<p>Uzmanlar, \u0130ngiltere&#8217;de ebeveyn haklar\u0131 konusunda kaydedilen ilerlemeyi &#8220;kay\u0131p on y\u0131l&#8221; olarak nitelendiriyor. Yap\u0131lan son ara\u015ft\u0131rmalar, kamu sekt\u00f6r\u00fc \u00e7al\u0131\u015fanlar\u0131n\u0131n \u00e7ok k\u00fc\u00e7\u00fck bir k\u0131sm\u0131n\u0131n bebekleri oldu\u011funda izni partnerleriyle payla\u015ft\u0131\u011f\u0131n\u0131 ortaya koydu. The Guardian\u2019\u0131n haberine g\u00f6re, \u00fclkenin en b\u00fcy\u00fck kamu i\u015fverenlerindeki her 64 ebeveyn izni talebinden yaln\u0131zca biri ortak ebeveyn izni (SPL) i\u00e7in yap\u0131ld\u0131. 2015 y\u0131l\u0131nda hayata ge\u00e7irilen bu politika, ebeveynlere 52 haftaya kadar izni payla\u015fma ve bunun 39 haftas\u0131n\u0131 yasal \u00f6deme kapsam\u0131nda kullanma hakk\u0131 tan\u0131yor. Ancak uygulaman\u0131n mimarlar\u0131, sistemin vaat etti\u011fi &#8220;k\u00fclt\u00fcrel de\u011fi\u015fimi&#8221; sa\u011flayamad\u0131\u011f\u0131n\u0131 ve daha cesur \u00f6nlemlere ihtiya\u00e7 duyuldu\u011funu belirtiyor. Kamu Sekt\u00f6r\u00fcnde D\u00fc\u015f\u00fck Kat\u0131l\u0131m Oran\u0131 Bilgi edinme \u00f6zg\u00fcrl\u00fc\u011f\u00fc kapsam\u0131nda elde edilen [&hellip;]<\/p>\n","protected":false},"author":11,"featured_media":34754,"comment_status":"open","ping_status":"open","sticky":false,"template":"","format":"standard","meta":{"ngg_post_thumbnail":0,"footnotes":""},"categories":[15],"tags":[],"class_list":["post-34753","post","type-post","status-publish","format-standard","has-post-thumbnail","hentry","category-ingiltere"],"_links":{"self":[{"href":"https:\/\/by-tv.co.uk\/en\/wp-json\/wp\/v2\/posts\/34753","targetHints":{"allow":["GET"]}}],"collection":[{"href":"https:\/\/by-tv.co.uk\/en\/wp-json\/wp\/v2\/posts"}],"about":[{"href":"https:\/\/by-tv.co.uk\/en\/wp-json\/wp\/v2\/types\/post"}],"author":[{"embeddable":true,"href":"https:\/\/by-tv.co.uk\/en\/wp-json\/wp\/v2\/users\/11"}],"replies":[{"embeddable":true,"href":"https:\/\/by-tv.co.uk\/en\/wp-json\/wp\/v2\/comments?post=34753"}],"version-history":[{"count":1,"href":"https:\/\/by-tv.co.uk\/en\/wp-json\/wp\/v2\/posts\/34753\/revisions"}],"predecessor-version":[{"id":34755,"href":"https:\/\/by-tv.co.uk\/en\/wp-json\/wp\/v2\/posts\/34753\/revisions\/34755"}],"wp:featuredmedia":[{"embeddable":true,"href":"https:\/\/by-tv.co.uk\/en\/wp-json\/wp\/v2\/media\/34754"}],"wp:attachment":[{"href":"https:\/\/by-tv.co.uk\/en\/wp-json\/wp\/v2\/media?parent=34753"}],"wp:term":[{"taxonomy":"category","embeddable":true,"href":"https:\/\/by-tv.co.uk\/en\/wp-json\/wp\/v2\/categories?post=34753"},{"taxonomy":"post_tag","embeddable":true,"href":"https:\/\/by-tv.co.uk\/en\/wp-json\/wp\/v2\/tags?post=34753"}],"curies":[{"name":"wp","href":"https:\/\/api.w.org\/{rel}","templated":true}]}}